{"id":1007,"date":"2019-10-30T08:55:27","date_gmt":"2019-10-30T07:55:27","guid":{"rendered":"http:\/\/gokbocki.pl\/?p=1007"},"modified":"2019-10-30T09:12:47","modified_gmt":"2019-10-30T08:12:47","slug":"pazdziernikowe-spotkania-z-rozami","status":"publish","type":"post","link":"https:\/\/gokbocki.pl\/index.php\/2019\/10\/30\/pazdziernikowe-spotkania-z-rozami\/","title":{"rendered":"Pa\u017adziernikowe spotkania z r\u00f3\u017cami"},"content":{"rendered":"\n<p class=\"has-text-color has-very-dark-gray-color\">25 pa\u017adziernika 2019 r. w Gminnym O\u015brodku Kultury w Bo\u0107kach odby\u0142o si\u0119 spotkanie bo\u0107kowskich senior\u00f3w, na kt\u00f3re to spotkanie zostali zaproszeni seniorzy z innych miejscowo\u015bci. Data nie zosta\u0142a wybrana przypadkowo gdy\u017c w 2019 roku Dzie\u0144 Seniora obchodzi si\u0119 w kilku wariantach na poziomach lokalnych czy globalnych: 1 pa\u017adziernika jako Mi\u0119dzynarodowy Dzie\u0144 Os\u00f3b Starszych, 20 pa\u017adziernika Europejski Dzie\u0144 Seniora a 20 listopada jako Og\u00f3lnopolski Dzie\u0144 Seniora. Wszystkie daty maj\u0105 wsp\u00f3lny cel: przypomina\u0107 o znaczeniu senior\u00f3w w spo\u0142eczno\u015bciach lokalnych i zapobiega\u0107 wykluczeniu spo\u0142ecznemu oraz poczuciu odosobnienia przez osoby starsze. Niestety nie wszyscy zaproszeni mogli \u015bwi\u0119towa\u0107 z nami poniewa\u017c tego dnia obchodzili \u015bwi\u0119to seniora w swoich miejscowo\u015bciach, cieszymy si\u0119 jednak z tak du\u017cego zainteresowania senior\u00f3w z gmin s\u0105siaduj\u0105cych. Z rado\u015bci\u0105 podj\u0119li\u015bmy Senior\u00f3w z Bielska Podlaskiego, Kalnicy i Orli. Przyby\u0142ych powita\u0142 nowy Dyrektor GOK-u Mateusz Sacharzewski, nast\u0119pnie spotkanie u\u015bwietni\u0142 swoim wyst\u0119pem kabaret Seniora \u201eR\u00f3\u017ce Jesieni\u201d, po czym Pani W\u00f3jt Dorota  K\u0119dra-Ptaszy\u0144ska rozda\u0142a upominki na r\u0119ce przedstawicieli, ka\u017cdej z  przyby\u0142ych grup. Mamy nadziej\u0119, i\u017c wsp\u00f3lne \u015bwi\u0119towanie Dnia Seniora  stanie si\u0119 coroczn\u0105 tradycj\u0105. <\/p>\n\n\n\n<div class=\"wp-block-image\"><figure class=\"aligncenter\"><img decoding=\"async\" loading=\"lazy\" width=\"4032\" height=\"3024\" src=\"http:\/\/gokbocki.pl\/wp-content\/uploads\/2019\/10\/74158938_960298777656077_3554095148361056256_n.jpg\" alt=\"\" class=\"wp-image-1009\"\/><\/figure><\/div>\n\n\n\n<div class=\"wp-block-image\"><figure class=\"aligncenter\"><img decoding=\"async\" loading=\"lazy\" width=\"640\" height=\"480\" src=\"http:\/\/gokbocki.pl\/wp-content\/uploads\/2019\/10\/PIC_0089.jpg\" alt=\"\" class=\"wp-image-1015\" srcset=\"https:\/\/gokbocki.pl\/wp-content\/uploads\/2019\/10\/PIC_0089.jpg 640w, https:\/\/gokbocki.pl\/wp-content\/uploads\/2019\/10\/PIC_0089-300x225.jpg 300w\" sizes=\"(max-width: 640px) 100vw, 640px\" \/><\/figure><\/div>\n\n\n\n<div class=\"wp-block-image\"><figure class=\"aligncenter\"><img decoding=\"async\" loading=\"lazy\" width=\"640\" height=\"480\" src=\"http:\/\/gokbocki.pl\/wp-content\/uploads\/2019\/10\/PIC_0071.jpg\" alt=\"\" class=\"wp-image-1014\" srcset=\"https:\/\/gokbocki.pl\/wp-content\/uploads\/2019\/10\/PIC_0071.jpg 640w, https:\/\/gokbocki.pl\/wp-content\/uploads\/2019\/10\/PIC_0071-300x225.jpg 300w\" sizes=\"(max-width: 640px) 100vw, 640px\" \/><\/figure><\/div>\n\n\n\n<div class=\"wp-block-image\"><figure class=\"aligncenter\"><img decoding=\"async\" loading=\"lazy\" width=\"640\" height=\"480\" src=\"http:\/\/gokbocki.pl\/wp-content\/uploads\/2019\/10\/PIC_0068.jpg\" alt=\"\" class=\"wp-image-1013\" srcset=\"https:\/\/gokbocki.pl\/wp-content\/uploads\/2019\/10\/PIC_0068.jpg 640w, https:\/\/gokbocki.pl\/wp-content\/uploads\/2019\/10\/PIC_0068-300x225.jpg 300w\" sizes=\"(max-width: 640px) 100vw, 640px\" \/><\/figure><\/div>\n\n\n\n<div class=\"wp-block-image\"><figure class=\"aligncenter\"><img decoding=\"async\" loading=\"lazy\" width=\"640\" height=\"480\" src=\"http:\/\/gokbocki.pl\/wp-content\/uploads\/2019\/10\/PIC_0059.jpg\" alt=\"\" class=\"wp-image-1012\" srcset=\"https:\/\/gokbocki.pl\/wp-content\/uploads\/2019\/10\/PIC_0059.jpg 640w, https:\/\/gokbocki.pl\/wp-content\/uploads\/2019\/10\/PIC_0059-300x225.jpg 300w\" sizes=\"(max-width: 640px) 100vw, 640px\" \/><\/figure><\/div>\n\n\n\n<div class=\"wp-block-image\"><figure class=\"aligncenter\"><img decoding=\"async\" loading=\"lazy\" width=\"640\" height=\"480\" src=\"http:\/\/gokbocki.pl\/wp-content\/uploads\/2019\/10\/PIC_0046.jpg\" alt=\"\" class=\"wp-image-1010\" srcset=\"https:\/\/gokbocki.pl\/wp-content\/uploads\/2019\/10\/PIC_0046.jpg 640w, https:\/\/gokbocki.pl\/wp-content\/uploads\/2019\/10\/PIC_0046-300x225.jpg 300w\" sizes=\"(max-width: 640px) 100vw, 640px\" \/><\/figure><\/div>\n\n\n\n<div class=\"wp-block-image\"><figure class=\"aligncenter\"><img decoding=\"async\" loading=\"lazy\" width=\"640\" height=\"480\" src=\"http:\/\/gokbocki.pl\/wp-content\/uploads\/2019\/10\/PIC_0058-1.jpg\" alt=\"\" class=\"wp-image-1011\" srcset=\"https:\/\/gokbocki.pl\/wp-content\/uploads\/2019\/10\/PIC_0058-1.jpg 640w, https:\/\/gokbocki.pl\/wp-content\/uploads\/2019\/10\/PIC_0058-1-300x225.jpg 300w\" sizes=\"(max-width: 640px) 100vw, 640px\" \/><\/figure><\/div>\n","protected":false},"excerpt":{"rendered":"<p>25 pa\u017adziernika 2019 r. w Gminnym O\u015brodku Kultury w Bo\u0107kach odby\u0142o si\u0119 spotkanie bo\u0107kowskich senior\u00f3w, na kt\u00f3re to spotkanie zostali zaproszeni seniorzy z innych miejscowo\u015bci. Data nie zosta\u0142a wybrana przypadkowo gdy\u017c w 2019 roku Dzie\u0144 Seniora obchodzi si\u0119 w kilku wariantach na poziomach lokalnych czy globalnych: 1 pa\u017adziernika jako Mi\u0119dzynarodowy Dzie\u0144 Os\u00f3b Starszych, 20 pa\u017adziernika [&hellip;]<\/p>\n","protected":false},"author":1,"featured_media":1008,"comment_status":"closed","ping_status":"closed","sticky":false,"template":"","format":"standard","meta":[],"categories":[20,24],"tags":[],"yoast_head":"<!-- This site is optimized with the Yoast SEO plugin v20.2.1 - https:\/\/yoast.com\/wordpress\/plugins\/seo\/ -->\n<title>Pa\u017adziernikowe spotkania z r\u00f3\u017cami - Gminny O\u015brodek Kultury w Bo\u0107kach<\/title>\n<meta name=\"robots\" content=\"index, follow, max-snippet:-1, max-image-preview:large, max-video-preview:-1\" \/>\n<link rel=\"canonical\" href=\"https:\/\/gokbocki.pl\/index.php\/2019\/10\/30\/pazdziernikowe-spotkania-z-rozami\/\" \/>\n<meta property=\"og:locale\" content=\"pl_PL\" \/>\n<meta property=\"og:type\" content=\"article\" \/>\n<meta property=\"og:title\" content=\"Pa\u017adziernikowe spotkania z r\u00f3\u017cami - Gminny O\u015brodek Kultury w Bo\u0107kach\" \/>\n<meta property=\"og:description\" content=\"25 pa\u017adziernika 2019 r. w Gminnym O\u015brodku Kultury w Bo\u0107kach odby\u0142o si\u0119 spotkanie bo\u0107kowskich senior\u00f3w, na kt\u00f3re to spotkanie zostali zaproszeni seniorzy z innych miejscowo\u015bci. Data nie zosta\u0142a wybrana przypadkowo gdy\u017c w 2019 roku Dzie\u0144 Seniora obchodzi si\u0119 w kilku wariantach na poziomach lokalnych czy globalnych: 1 pa\u017adziernika jako Mi\u0119dzynarodowy Dzie\u0144 Os\u00f3b Starszych, 20 pa\u017adziernika [&hellip;]\" \/>\n<meta property=\"og:url\" content=\"https:\/\/gokbocki.pl\/index.php\/2019\/10\/30\/pazdziernikowe-spotkania-z-rozami\/\" \/>\n<meta property=\"og:site_name\" content=\"Gminny O\u015brodek Kultury w Bo\u0107kach\" \/>\n<meta property=\"article:published_time\" content=\"2019-10-30T07:55:27+00:00\" \/>\n<meta property=\"article:modified_time\" content=\"2019-10-30T08:12:47+00:00\" \/>\n<meta property=\"og:image\" content=\"https:\/\/gokbocki.pl\/wp-content\/uploads\/2019\/10\/PIC_0058.jpg\" \/>\n\t<meta property=\"og:image:width\" content=\"640\" \/>\n\t<meta property=\"og:image:height\" content=\"480\" \/>\n\t<meta property=\"og:image:type\" content=\"image\/jpeg\" \/>\n<meta name=\"author\" content=\"admin\" \/>\n<meta name=\"twitter:card\" content=\"summary_large_image\" \/>\n<meta name=\"twitter:label1\" content=\"Napisane przez\" \/>\n\t<meta name=\"twitter:data1\" content=\"admin\" \/>\n\t<meta name=\"twitter:label2\" content=\"Szacowany czas czytania\" \/>\n\t<meta name=\"twitter:data2\" content=\"1 minuta\" \/>\n<script type=\"application\/ld+json\" class=\"yoast-schema-graph\">{\"@context\":\"https:\/\/schema.org\",\"@graph\":[{\"@type\":\"WebPage\",\"@id\":\"https:\/\/gokbocki.pl\/index.php\/2019\/10\/30\/pazdziernikowe-spotkania-z-rozami\/\",\"url\":\"https:\/\/gokbocki.pl\/index.php\/2019\/10\/30\/pazdziernikowe-spotkania-z-rozami\/\",\"name\":\"Pa\u017adziernikowe spotkania z r\u00f3\u017cami - Gminny O\u015brodek Kultury w Bo\u0107kach\",\"isPartOf\":{\"@id\":\"https:\/\/gokbocki.pl\/#website\"},\"datePublished\":\"2019-10-30T07:55:27+00:00\",\"dateModified\":\"2019-10-30T08:12:47+00:00\",\"author\":{\"@id\":\"https:\/\/gokbocki.pl\/#\/schema\/person\/32a0381e1f259128348b84ce4d001412\"},\"breadcrumb\":{\"@id\":\"https:\/\/gokbocki.pl\/index.php\/2019\/10\/30\/pazdziernikowe-spotkania-z-rozami\/#breadcrumb\"},\"inLanguage\":\"pl-PL\",\"potentialAction\":[{\"@type\":\"ReadAction\",\"target\":[\"https:\/\/gokbocki.pl\/index.php\/2019\/10\/30\/pazdziernikowe-spotkania-z-rozami\/\"]}]},{\"@type\":\"BreadcrumbList\",\"@id\":\"https:\/\/gokbocki.pl\/index.php\/2019\/10\/30\/pazdziernikowe-spotkania-z-rozami\/#breadcrumb\",\"itemListElement\":[{\"@type\":\"ListItem\",\"position\":1,\"name\":\"Strona g\u0142\u00f3wna\",\"item\":\"https:\/\/gokbocki.pl\/\"},{\"@type\":\"ListItem\",\"position\":2,\"name\":\"Pa\u017adziernikowe spotkania z r\u00f3\u017cami\"}]},{\"@type\":\"WebSite\",\"@id\":\"https:\/\/gokbocki.pl\/#website\",\"url\":\"https:\/\/gokbocki.pl\/\",\"name\":\"Gminny O\u015brodek Kultury w Bo\u0107kach\",\"description\":\"GOK BO\u0106KI\",\"potentialAction\":[{\"@type\":\"SearchAction\",\"target\":{\"@type\":\"EntryPoint\",\"urlTemplate\":\"https:\/\/gokbocki.pl\/?s={search_term_string}\"},\"query-input\":\"required name=search_term_string\"}],\"inLanguage\":\"pl-PL\"},{\"@type\":\"Person\",\"@id\":\"https:\/\/gokbocki.pl\/#\/schema\/person\/32a0381e1f259128348b84ce4d001412\",\"name\":\"admin\",\"image\":{\"@type\":\"ImageObject\",\"inLanguage\":\"pl-PL\",\"@id\":\"https:\/\/gokbocki.pl\/#\/schema\/person\/image\/\",\"url\":\"https:\/\/secure.gravatar.com\/avatar\/ee27fe75b11e058e31443c0a5a21fc25?s=96&d=mm&r=g\",\"contentUrl\":\"https:\/\/secure.gravatar.com\/avatar\/ee27fe75b11e058e31443c0a5a21fc25?s=96&d=mm&r=g\",\"caption\":\"admin\"},\"url\":\"https:\/\/gokbocki.pl\/index.php\/author\/admin\/\"}]}<\/script>\n<!-- \/ Yoast SEO plugin. -->","yoast_head_json":{"title":"Pa\u017adziernikowe spotkania z r\u00f3\u017cami - Gminny O\u015brodek Kultury w Bo\u0107kach","robots":{"index":"index","follow":"follow","max-snippet":"max-snippet:-1","max-image-preview":"max-image-preview:large","max-video-preview":"max-video-preview:-1"},"canonical":"https:\/\/gokbocki.pl\/index.php\/2019\/10\/30\/pazdziernikowe-spotkania-z-rozami\/","og_locale":"pl_PL","og_type":"article","og_title":"Pa\u017adziernikowe spotkania z r\u00f3\u017cami - Gminny O\u015brodek Kultury w Bo\u0107kach","og_description":"25 pa\u017adziernika 2019 r. w Gminnym O\u015brodku Kultury w Bo\u0107kach odby\u0142o si\u0119 spotkanie bo\u0107kowskich senior\u00f3w, na kt\u00f3re to spotkanie zostali zaproszeni seniorzy z innych miejscowo\u015bci. Data nie zosta\u0142a wybrana przypadkowo gdy\u017c w 2019 roku Dzie\u0144 Seniora obchodzi si\u0119 w kilku wariantach na poziomach lokalnych czy globalnych: 1 pa\u017adziernika jako Mi\u0119dzynarodowy Dzie\u0144 Os\u00f3b Starszych, 20 pa\u017adziernika [&hellip;]","og_url":"https:\/\/gokbocki.pl\/index.php\/2019\/10\/30\/pazdziernikowe-spotkania-z-rozami\/","og_site_name":"Gminny O\u015brodek Kultury w Bo\u0107kach","article_published_time":"2019-10-30T07:55:27+00:00","article_modified_time":"2019-10-30T08:12:47+00:00","og_image":[{"width":640,"height":480,"url":"https:\/\/gokbocki.pl\/wp-content\/uploads\/2019\/10\/PIC_0058.jpg","type":"image\/jpeg"}],"author":"admin","twitter_card":"summary_large_image","twitter_misc":{"Napisane przez":"admin","Szacowany czas czytania":"1 minuta"},"schema":{"@context":"https:\/\/schema.org","@graph":[{"@type":"WebPage","@id":"https:\/\/gokbocki.pl\/index.php\/2019\/10\/30\/pazdziernikowe-spotkania-z-rozami\/","url":"https:\/\/gokbocki.pl\/index.php\/2019\/10\/30\/pazdziernikowe-spotkania-z-rozami\/","name":"Pa\u017adziernikowe spotkania z r\u00f3\u017cami - Gminny O\u015brodek Kultury w Bo\u0107kach","isPartOf":{"@id":"https:\/\/gokbocki.pl\/#website"},"datePublished":"2019-10-30T07:55:27+00:00","dateModified":"2019-10-30T08:12:47+00:00","author":{"@id":"https:\/\/gokbocki.pl\/#\/schema\/person\/32a0381e1f259128348b84ce4d001412"},"breadcrumb":{"@id":"https:\/\/gokbocki.pl\/index.php\/2019\/10\/30\/pazdziernikowe-spotkania-z-rozami\/#breadcrumb"},"inLanguage":"pl-PL","potentialAction":[{"@type":"ReadAction","target":["https:\/\/gokbocki.pl\/index.php\/2019\/10\/30\/pazdziernikowe-spotkania-z-rozami\/"]}]},{"@type":"BreadcrumbList","@id":"https:\/\/gokbocki.pl\/index.php\/2019\/10\/30\/pazdziernikowe-spotkania-z-rozami\/#breadcrumb","itemListElement":[{"@type":"ListItem","position":1,"name":"Strona g\u0142\u00f3wna","item":"https:\/\/gokbocki.pl\/"},{"@type":"ListItem","position":2,"name":"Pa\u017adziernikowe spotkania z r\u00f3\u017cami"}]},{"@type":"WebSite","@id":"https:\/\/gokbocki.pl\/#website","url":"https:\/\/gokbocki.pl\/","name":"Gminny O\u015brodek Kultury w Bo\u0107kach","description":"GOK BO\u0106KI","potentialAction":[{"@type":"SearchAction","target":{"@type":"EntryPoint","urlTemplate":"https:\/\/gokbocki.pl\/?s={search_term_string}"},"query-input":"required name=search_term_string"}],"inLanguage":"pl-PL"},{"@type":"Person","@id":"https:\/\/gokbocki.pl\/#\/schema\/person\/32a0381e1f259128348b84ce4d001412","name":"admin","image":{"@type":"ImageObject","inLanguage":"pl-PL","@id":"https:\/\/gokbocki.pl\/#\/schema\/person\/image\/","url":"https:\/\/secure.gravatar.com\/avatar\/ee27fe75b11e058e31443c0a5a21fc25?s=96&d=mm&r=g","contentUrl":"https:\/\/secure.gravatar.com\/avatar\/ee27fe75b11e058e31443c0a5a21fc25?s=96&d=mm&r=g","caption":"admin"},"url":"https:\/\/gokbocki.pl\/index.php\/author\/admin\/"}]}},"_links":{"self":[{"href":"https:\/\/gokbocki.pl\/index.php\/wp-json\/wp\/v2\/posts\/1007"}],"collection":[{"href":"https:\/\/gokbocki.pl\/index.php\/wp-json\/wp\/v2\/posts"}],"about":[{"href":"https:\/\/gokbocki.pl\/index.php\/wp-json\/wp\/v2\/types\/post"}],"author":[{"embeddable":true,"href":"https:\/\/gokbocki.pl\/index.php\/wp-json\/wp\/v2\/users\/1"}],"replies":[{"embeddable":true,"href":"https:\/\/gokbocki.pl\/index.php\/wp-json\/wp\/v2\/comments?post=1007"}],"version-history":[{"count":4,"href":"https:\/\/gokbocki.pl\/index.php\/wp-json\/wp\/v2\/posts\/1007\/revisions"}],"predecessor-version":[{"id":1019,"href":"https:\/\/gokbocki.pl\/index.php\/wp-json\/wp\/v2\/posts\/1007\/revisions\/1019"}],"wp:featuredmedia":[{"embeddable":true,"href":"https:\/\/gokbocki.pl\/index.php\/wp-json\/wp\/v2\/media\/1008"}],"wp:attachment":[{"href":"https:\/\/gokbocki.pl\/index.php\/wp-json\/wp\/v2\/media?parent=1007"}],"wp:term":[{"taxonomy":"category","embeddable":true,"href":"https:\/\/gokbocki.pl\/index.php\/wp-json\/wp\/v2\/categories?post=1007"},{"taxonomy":"post_tag","embeddable":true,"href":"https:\/\/gokbocki.pl\/index.php\/wp-json\/wp\/v2\/tags?post=1007"}],"curies":[{"name":"wp","href":"https:\/\/api.w.org\/{rel}","templated":true}]}}