{"id":2876,"date":"2020-11-09T13:02:00","date_gmt":"2020-11-09T12:02:00","guid":{"rendered":"https:\/\/gokbocki.pl\/?p=2876"},"modified":"2021-02-19T10:40:42","modified_gmt":"2021-02-19T09:40:42","slug":"zawieszenie-dzialalnosci-stacjonarnej-w-gok-u","status":"publish","type":"post","link":"https:\/\/gokbocki.pl\/index.php\/2020\/11\/09\/zawieszenie-dzialalnosci-stacjonarnej-w-gok-u\/","title":{"rendered":"Zawieszenie dzia\u0142alno\u015bci stacjonarnej w GOK-u"},"content":{"rendered":"\n<p>Uwaga!<br>W zwi\u0105zku z wprowadzeniem nowych ogranicze\u0144 zwi\u0105zanych z rozwojem epidemii koronowirusa SARS CoV-2 w Polsce zgodnie z decyzj\u0105 Prezesa Rady Ministr\u00f3w od dnia 7 listopada 2020 r. do dnia 29 listopada 2020 r. zawiesza si\u0119 stacjonarn\u0105 dzia\u0142alno\u015b\u0107 Gminnego O\u015brodka Kultury w Bo\u0107kach.Dane Kontaktowe:e-mail: m.sacharzewski@gokbocki.pl gok@gokbocki.pl <br>Tel.: 517 069 749<\/p>\n","protected":false},"excerpt":{"rendered":"<p>Uwaga!W zwi\u0105zku z wprowadzeniem nowych ogranicze\u0144 zwi\u0105zanych z rozwojem epidemii koronowirusa SARS CoV-2 w Polsce zgodnie z decyzj\u0105 Prezesa Rady Ministr\u00f3w od dnia 7 listopada 2020 r. do dnia 29 listopada 2020 r. zawiesza si\u0119 stacjonarn\u0105 dzia\u0142alno\u015b\u0107 Gminnego O\u015brodka Kultury w Bo\u0107kach.Dane Kontaktowe:e-mail: m.sacharzewski@gokbocki.pl gok@gokbocki.pl Tel.: 517 069 749<\/p>\n","protected":false},"author":1,"featured_media":0,"comment_status":"closed","ping_status":"closed","sticky":false,"template":"","format":"standard","meta":[],"categories":[24],"tags":[],"yoast_head":"<!-- This site is optimized with the Yoast SEO plugin v20.2.1 - https:\/\/yoast.com\/wordpress\/plugins\/seo\/ -->\n<title>Zawieszenie dzia\u0142alno\u015bci stacjonarnej w GOK-u - Gminny O\u015brodek Kultury w Bo\u0107kach<\/title>\n<meta name=\"robots\" content=\"index, follow, max-snippet:-1, max-image-preview:large, max-video-preview:-1\" \/>\n<link rel=\"canonical\" href=\"https:\/\/gokbocki.pl\/index.php\/2020\/11\/09\/zawieszenie-dzialalnosci-stacjonarnej-w-gok-u\/\" \/>\n<meta property=\"og:locale\" content=\"pl_PL\" \/>\n<meta property=\"og:type\" content=\"article\" \/>\n<meta property=\"og:title\" content=\"Zawieszenie dzia\u0142alno\u015bci stacjonarnej w GOK-u - Gminny O\u015brodek Kultury w Bo\u0107kach\" \/>\n<meta property=\"og:description\" content=\"Uwaga!W zwi\u0105zku z wprowadzeniem nowych ogranicze\u0144 zwi\u0105zanych z rozwojem epidemii koronowirusa SARS CoV-2 w Polsce zgodnie z decyzj\u0105 Prezesa Rady Ministr\u00f3w od dnia 7 listopada 2020 r. do dnia 29 listopada 2020 r. zawiesza si\u0119 stacjonarn\u0105 dzia\u0142alno\u015b\u0107 Gminnego O\u015brodka Kultury w Bo\u0107kach.Dane Kontaktowe:e-mail: m.sacharzewski@gokbocki.pl gok@gokbocki.pl Tel.: 517 069 749\" \/>\n<meta property=\"og:url\" content=\"https:\/\/gokbocki.pl\/index.php\/2020\/11\/09\/zawieszenie-dzialalnosci-stacjonarnej-w-gok-u\/\" \/>\n<meta property=\"og:site_name\" content=\"Gminny O\u015brodek Kultury w Bo\u0107kach\" \/>\n<meta property=\"article:published_time\" content=\"2020-11-09T12:02:00+00:00\" \/>\n<meta property=\"article:modified_time\" content=\"2021-02-19T09:40:42+00:00\" \/>\n<meta name=\"author\" content=\"admin\" \/>\n<meta name=\"twitter:card\" content=\"summary_large_image\" \/>\n<meta name=\"twitter:label1\" content=\"Napisane przez\" \/>\n\t<meta name=\"twitter:data1\" content=\"admin\" \/>\n\t<meta name=\"twitter:label2\" content=\"Szacowany czas czytania\" \/>\n\t<meta name=\"twitter:data2\" content=\"1 minuta\" \/>\n<script type=\"application\/ld+json\" class=\"yoast-schema-graph\">{\"@context\":\"https:\/\/schema.org\",\"@graph\":[{\"@type\":\"WebPage\",\"@id\":\"https:\/\/gokbocki.pl\/index.php\/2020\/11\/09\/zawieszenie-dzialalnosci-stacjonarnej-w-gok-u\/\",\"url\":\"https:\/\/gokbocki.pl\/index.php\/2020\/11\/09\/zawieszenie-dzialalnosci-stacjonarnej-w-gok-u\/\",\"name\":\"Zawieszenie dzia\u0142alno\u015bci stacjonarnej w GOK-u - Gminny O\u015brodek Kultury w Bo\u0107kach\",\"isPartOf\":{\"@id\":\"https:\/\/gokbocki.pl\/#website\"},\"datePublished\":\"2020-11-09T12:02:00+00:00\",\"dateModified\":\"2021-02-19T09:40:42+00:00\",\"author\":{\"@id\":\"https:\/\/gokbocki.pl\/#\/schema\/person\/32a0381e1f259128348b84ce4d001412\"},\"breadcrumb\":{\"@id\":\"https:\/\/gokbocki.pl\/index.php\/2020\/11\/09\/zawieszenie-dzialalnosci-stacjonarnej-w-gok-u\/#breadcrumb\"},\"inLanguage\":\"pl-PL\",\"potentialAction\":[{\"@type\":\"ReadAction\",\"target\":[\"https:\/\/gokbocki.pl\/index.php\/2020\/11\/09\/zawieszenie-dzialalnosci-stacjonarnej-w-gok-u\/\"]}]},{\"@type\":\"BreadcrumbList\",\"@id\":\"https:\/\/gokbocki.pl\/index.php\/2020\/11\/09\/zawieszenie-dzialalnosci-stacjonarnej-w-gok-u\/#breadcrumb\",\"itemListElement\":[{\"@type\":\"ListItem\",\"position\":1,\"name\":\"Strona g\u0142\u00f3wna\",\"item\":\"https:\/\/gokbocki.pl\/\"},{\"@type\":\"ListItem\",\"position\":2,\"name\":\"Zawieszenie dzia\u0142alno\u015bci stacjonarnej w GOK-u\"}]},{\"@type\":\"WebSite\",\"@id\":\"https:\/\/gokbocki.pl\/#website\",\"url\":\"https:\/\/gokbocki.pl\/\",\"name\":\"Gminny O\u015brodek Kultury w Bo\u0107kach\",\"description\":\"GOK BO\u0106KI\",\"potentialAction\":[{\"@type\":\"SearchAction\",\"target\":{\"@type\":\"EntryPoint\",\"urlTemplate\":\"https:\/\/gokbocki.pl\/?s={search_term_string}\"},\"query-input\":\"required name=search_term_string\"}],\"inLanguage\":\"pl-PL\"},{\"@type\":\"Person\",\"@id\":\"https:\/\/gokbocki.pl\/#\/schema\/person\/32a0381e1f259128348b84ce4d001412\",\"name\":\"admin\",\"image\":{\"@type\":\"ImageObject\",\"inLanguage\":\"pl-PL\",\"@id\":\"https:\/\/gokbocki.pl\/#\/schema\/person\/image\/\",\"url\":\"https:\/\/secure.gravatar.com\/avatar\/ee27fe75b11e058e31443c0a5a21fc25?s=96&d=mm&r=g\",\"contentUrl\":\"https:\/\/secure.gravatar.com\/avatar\/ee27fe75b11e058e31443c0a5a21fc25?s=96&d=mm&r=g\",\"caption\":\"admin\"},\"url\":\"https:\/\/gokbocki.pl\/index.php\/author\/admin\/\"}]}<\/script>\n<!-- \/ Yoast SEO plugin. -->","yoast_head_json":{"title":"Zawieszenie dzia\u0142alno\u015bci stacjonarnej w GOK-u - Gminny O\u015brodek Kultury w Bo\u0107kach","robots":{"index":"index","follow":"follow","max-snippet":"max-snippet:-1","max-image-preview":"max-image-preview:large","max-video-preview":"max-video-preview:-1"},"canonical":"https:\/\/gokbocki.pl\/index.php\/2020\/11\/09\/zawieszenie-dzialalnosci-stacjonarnej-w-gok-u\/","og_locale":"pl_PL","og_type":"article","og_title":"Zawieszenie dzia\u0142alno\u015bci stacjonarnej w GOK-u - Gminny O\u015brodek Kultury w Bo\u0107kach","og_description":"Uwaga!W zwi\u0105zku z wprowadzeniem nowych ogranicze\u0144 zwi\u0105zanych z rozwojem epidemii koronowirusa SARS CoV-2 w Polsce zgodnie z decyzj\u0105 Prezesa Rady Ministr\u00f3w od dnia 7 listopada 2020 r. do dnia 29 listopada 2020 r. zawiesza si\u0119 stacjonarn\u0105 dzia\u0142alno\u015b\u0107 Gminnego O\u015brodka Kultury w Bo\u0107kach.Dane Kontaktowe:e-mail: m.sacharzewski@gokbocki.pl gok@gokbocki.pl Tel.: 517 069 749","og_url":"https:\/\/gokbocki.pl\/index.php\/2020\/11\/09\/zawieszenie-dzialalnosci-stacjonarnej-w-gok-u\/","og_site_name":"Gminny O\u015brodek Kultury w Bo\u0107kach","article_published_time":"2020-11-09T12:02:00+00:00","article_modified_time":"2021-02-19T09:40:42+00:00","author":"admin","twitter_card":"summary_large_image","twitter_misc":{"Napisane przez":"admin","Szacowany czas czytania":"1 minuta"},"schema":{"@context":"https:\/\/schema.org","@graph":[{"@type":"WebPage","@id":"https:\/\/gokbocki.pl\/index.php\/2020\/11\/09\/zawieszenie-dzialalnosci-stacjonarnej-w-gok-u\/","url":"https:\/\/gokbocki.pl\/index.php\/2020\/11\/09\/zawieszenie-dzialalnosci-stacjonarnej-w-gok-u\/","name":"Zawieszenie dzia\u0142alno\u015bci stacjonarnej w GOK-u - Gminny O\u015brodek Kultury w Bo\u0107kach","isPartOf":{"@id":"https:\/\/gokbocki.pl\/#website"},"datePublished":"2020-11-09T12:02:00+00:00","dateModified":"2021-02-19T09:40:42+00:00","author":{"@id":"https:\/\/gokbocki.pl\/#\/schema\/person\/32a0381e1f259128348b84ce4d001412"},"breadcrumb":{"@id":"https:\/\/gokbocki.pl\/index.php\/2020\/11\/09\/zawieszenie-dzialalnosci-stacjonarnej-w-gok-u\/#breadcrumb"},"inLanguage":"pl-PL","potentialAction":[{"@type":"ReadAction","target":["https:\/\/gokbocki.pl\/index.php\/2020\/11\/09\/zawieszenie-dzialalnosci-stacjonarnej-w-gok-u\/"]}]},{"@type":"BreadcrumbList","@id":"https:\/\/gokbocki.pl\/index.php\/2020\/11\/09\/zawieszenie-dzialalnosci-stacjonarnej-w-gok-u\/#breadcrumb","itemListElement":[{"@type":"ListItem","position":1,"name":"Strona g\u0142\u00f3wna","item":"https:\/\/gokbocki.pl\/"},{"@type":"ListItem","position":2,"name":"Zawieszenie dzia\u0142alno\u015bci stacjonarnej w GOK-u"}]},{"@type":"WebSite","@id":"https:\/\/gokbocki.pl\/#website","url":"https:\/\/gokbocki.pl\/","name":"Gminny O\u015brodek Kultury w Bo\u0107kach","description":"GOK BO\u0106KI","potentialAction":[{"@type":"SearchAction","target":{"@type":"EntryPoint","urlTemplate":"https:\/\/gokbocki.pl\/?s={search_term_string}"},"query-input":"required name=search_term_string"}],"inLanguage":"pl-PL"},{"@type":"Person","@id":"https:\/\/gokbocki.pl\/#\/schema\/person\/32a0381e1f259128348b84ce4d001412","name":"admin","image":{"@type":"ImageObject","inLanguage":"pl-PL","@id":"https:\/\/gokbocki.pl\/#\/schema\/person\/image\/","url":"https:\/\/secure.gravatar.com\/avatar\/ee27fe75b11e058e31443c0a5a21fc25?s=96&d=mm&r=g","contentUrl":"https:\/\/secure.gravatar.com\/avatar\/ee27fe75b11e058e31443c0a5a21fc25?s=96&d=mm&r=g","caption":"admin"},"url":"https:\/\/gokbocki.pl\/index.php\/author\/admin\/"}]}},"_links":{"self":[{"href":"https:\/\/gokbocki.pl\/index.php\/wp-json\/wp\/v2\/posts\/2876"}],"collection":[{"href":"https:\/\/gokbocki.pl\/index.php\/wp-json\/wp\/v2\/posts"}],"about":[{"href":"https:\/\/gokbocki.pl\/index.php\/wp-json\/wp\/v2\/types\/post"}],"author":[{"embeddable":true,"href":"https:\/\/gokbocki.pl\/index.php\/wp-json\/wp\/v2\/users\/1"}],"replies":[{"embeddable":true,"href":"https:\/\/gokbocki.pl\/index.php\/wp-json\/wp\/v2\/comments?post=2876"}],"version-history":[{"count":2,"href":"https:\/\/gokbocki.pl\/index.php\/wp-json\/wp\/v2\/posts\/2876\/revisions"}],"predecessor-version":[{"id":2990,"href":"https:\/\/gokbocki.pl\/index.php\/wp-json\/wp\/v2\/posts\/2876\/revisions\/2990"}],"wp:attachment":[{"href":"https:\/\/gokbocki.pl\/index.php\/wp-json\/wp\/v2\/media?parent=2876"}],"wp:term":[{"taxonomy":"category","embeddable":true,"href":"https:\/\/gokbocki.pl\/index.php\/wp-json\/wp\/v2\/categories?post=2876"},{"taxonomy":"post_tag","embeddable":true,"href":"https:\/\/gokbocki.pl\/index.php\/wp-json\/wp\/v2\/tags?post=2876"}],"curies":[{"name":"wp","href":"https:\/\/api.w.org\/{rel}","templated":true}]}}