{"id":3221,"date":"2021-12-16T15:13:38","date_gmt":"2021-12-16T14:13:38","guid":{"rendered":"https:\/\/gokbocki.pl\/?p=3221"},"modified":"2021-12-17T11:10:18","modified_gmt":"2021-12-17T10:10:18","slug":"spektakl-w-dubnie","status":"publish","type":"post","link":"https:\/\/gokbocki.pl\/index.php\/2021\/12\/16\/spektakl-w-dubnie\/","title":{"rendered":"Spektakl w Dubnie"},"content":{"rendered":"\n<p><strong>19 Grudnia o 15:00<\/strong> w \u015awietlicy Wiejskiej w Dubnie b\u0119dzie mia\u0142 miejsce <strong>spektakl<\/strong> &#8222;<a href=\"https:\/\/fb.me\/e\/cvYa1UCuS\">Mi\u0142o\u015b\u0107 i \u015bmier\u0107 w Orli<\/a>&#8222;. <br>To<strong> historia tragicznej mi\u0142o\u015bci<\/strong> Starosty G\u0142azowskiego do M\u0142ynarz\u00f3wny Kasi. Historia oparta na faktach.<\/p>\n\n\n\n<p>Wyst\u0119puj\u0105 cz\u0142onkinie KGW w Orli: Marta \u017buber, Danuta Ku\u017cel, Anna Budka oraz Marek Prokopiuk i Kamil Misiuk jak r\u00f3wnie\u017c mieszkaniec Dubna Pawe\u0142 Dampc. <\/p>\n\n\n\n<p>Za\u015bpiewa zesp\u00f3\u0142: Matecznik<\/p>\n\n\n\n<p>Re\u017cyseria: Mateusz Sacharzewski<\/p>\n\n\n\n<p>Scenariusz na podstawie prawdziwej historii opracowa\u0142: Rafa\u0142 Prokopiuk<\/p>\n\n\n\n<p>Serdecznie zapraszamy <strong>mieszka\u0144c\u00f3w naszej Gminy<\/strong>. Wst\u0119p &#8211; wolny. <\/p>\n\n\n\n<p>Pomys\u0142odawcami spektaklu jest <strong>Fundacja &#8222;Dw\u00f3r i Ogrody w Orli&#8221;.<\/strong><\/p>\n","protected":false},"excerpt":{"rendered":"<p>19 Grudnia o 15:00 w \u015awietlicy Wiejskiej w Dubnie b\u0119dzie mia\u0142 miejsce spektakl &#8222;Mi\u0142o\u015b\u0107 i \u015bmier\u0107 w Orli&#8222;. To historia tragicznej mi\u0142o\u015bci Starosty G\u0142azowskiego do M\u0142ynarz\u00f3wny Kasi. Historia oparta na faktach. Wyst\u0119puj\u0105 cz\u0142onkinie KGW w Orli: Marta \u017buber, Danuta Ku\u017cel, Anna Budka oraz Marek Prokopiuk i Kamil Misiuk jak r\u00f3wnie\u017c mieszkaniec Dubna Pawe\u0142 Dampc. Za\u015bpiewa [&hellip;]<\/p>\n","protected":false},"author":1,"featured_media":3222,"comment_status":"open","ping_status":"open","sticky":false,"template":"","format":"standard","meta":[],"categories":[24],"tags":[],"yoast_head":"<!-- This site is optimized with the Yoast SEO plugin v20.2.1 - https:\/\/yoast.com\/wordpress\/plugins\/seo\/ -->\n<title>Spektakl w Dubnie - Gminny O\u015brodek Kultury w Bo\u0107kach<\/title>\n<meta name=\"description\" content=\"19 Grudnia o 15:00 w \u015awietlicy Wiejskiej w Dubnie b\u0119dzie mia\u0142 miejsce spektakl &quot;Mi\u0142o\u015b\u0107 i \u015bmier\u0107 w Orli&quot;. To historia tragicznej mi\u0142o\u015bci Starosty G\u0142azowskiego do M\u0142ynarz\u00f3wny Kasi.\" \/>\n<meta name=\"robots\" content=\"index, follow, max-snippet:-1, max-image-preview:large, max-video-preview:-1\" \/>\n<link rel=\"canonical\" href=\"https:\/\/gokbocki.pl\/index.php\/2021\/12\/16\/spektakl-w-dubnie\/\" \/>\n<meta property=\"og:locale\" content=\"pl_PL\" \/>\n<meta property=\"og:type\" content=\"article\" \/>\n<meta property=\"og:title\" content=\"Spektakl w Dubnie - Gminny O\u015brodek Kultury w Bo\u0107kach\" \/>\n<meta property=\"og:description\" content=\"19 Grudnia o 15:00 w \u015awietlicy Wiejskiej w Dubnie b\u0119dzie mia\u0142 miejsce spektakl &quot;Mi\u0142o\u015b\u0107 i \u015bmier\u0107 w Orli&quot;. To historia tragicznej mi\u0142o\u015bci Starosty G\u0142azowskiego do M\u0142ynarz\u00f3wny Kasi.\" \/>\n<meta property=\"og:url\" content=\"https:\/\/gokbocki.pl\/index.php\/2021\/12\/16\/spektakl-w-dubnie\/\" \/>\n<meta property=\"og:site_name\" content=\"Gminny O\u015brodek Kultury w Bo\u0107kach\" \/>\n<meta property=\"article:published_time\" content=\"2021-12-16T14:13:38+00:00\" \/>\n<meta property=\"article:modified_time\" content=\"2021-12-17T10:10:18+00:00\" \/>\n<meta property=\"og:image\" content=\"https:\/\/gokbocki.pl\/wp-content\/uploads\/2021\/12\/spek-dubno-ost-1.jpg\" \/>\n\t<meta property=\"og:image:width\" content=\"1448\" \/>\n\t<meta property=\"og:image:height\" content=\"2048\" \/>\n\t<meta property=\"og:image:type\" content=\"image\/jpeg\" \/>\n<meta name=\"author\" content=\"admin\" \/>\n<meta name=\"twitter:card\" content=\"summary_large_image\" \/>\n<meta name=\"twitter:label1\" content=\"Napisane przez\" \/>\n\t<meta name=\"twitter:data1\" content=\"admin\" \/>\n\t<meta name=\"twitter:label2\" content=\"Szacowany czas czytania\" \/>\n\t<meta name=\"twitter:data2\" content=\"1 minuta\" \/>\n<script type=\"application\/ld+json\" class=\"yoast-schema-graph\">{\"@context\":\"https:\/\/schema.org\",\"@graph\":[{\"@type\":\"WebPage\",\"@id\":\"https:\/\/gokbocki.pl\/index.php\/2021\/12\/16\/spektakl-w-dubnie\/\",\"url\":\"https:\/\/gokbocki.pl\/index.php\/2021\/12\/16\/spektakl-w-dubnie\/\",\"name\":\"Spektakl w Dubnie - Gminny O\u015brodek Kultury w Bo\u0107kach\",\"isPartOf\":{\"@id\":\"https:\/\/gokbocki.pl\/#website\"},\"datePublished\":\"2021-12-16T14:13:38+00:00\",\"dateModified\":\"2021-12-17T10:10:18+00:00\",\"author\":{\"@id\":\"https:\/\/gokbocki.pl\/#\/schema\/person\/32a0381e1f259128348b84ce4d001412\"},\"description\":\"19 Grudnia o 15:00 w \u015awietlicy Wiejskiej w Dubnie b\u0119dzie mia\u0142 miejsce spektakl \\\"Mi\u0142o\u015b\u0107 i \u015bmier\u0107 w Orli\\\". To historia tragicznej mi\u0142o\u015bci Starosty G\u0142azowskiego do M\u0142ynarz\u00f3wny Kasi.\",\"breadcrumb\":{\"@id\":\"https:\/\/gokbocki.pl\/index.php\/2021\/12\/16\/spektakl-w-dubnie\/#breadcrumb\"},\"inLanguage\":\"pl-PL\",\"potentialAction\":[{\"@type\":\"ReadAction\",\"target\":[\"https:\/\/gokbocki.pl\/index.php\/2021\/12\/16\/spektakl-w-dubnie\/\"]}]},{\"@type\":\"BreadcrumbList\",\"@id\":\"https:\/\/gokbocki.pl\/index.php\/2021\/12\/16\/spektakl-w-dubnie\/#breadcrumb\",\"itemListElement\":[{\"@type\":\"ListItem\",\"position\":1,\"name\":\"Strona g\u0142\u00f3wna\",\"item\":\"https:\/\/gokbocki.pl\/\"},{\"@type\":\"ListItem\",\"position\":2,\"name\":\"Spektakl w Dubnie\"}]},{\"@type\":\"WebSite\",\"@id\":\"https:\/\/gokbocki.pl\/#website\",\"url\":\"https:\/\/gokbocki.pl\/\",\"name\":\"Gminny O\u015brodek Kultury w Bo\u0107kach\",\"description\":\"GOK BO\u0106KI\",\"potentialAction\":[{\"@type\":\"SearchAction\",\"target\":{\"@type\":\"EntryPoint\",\"urlTemplate\":\"https:\/\/gokbocki.pl\/?s={search_term_string}\"},\"query-input\":\"required name=search_term_string\"}],\"inLanguage\":\"pl-PL\"},{\"@type\":\"Person\",\"@id\":\"https:\/\/gokbocki.pl\/#\/schema\/person\/32a0381e1f259128348b84ce4d001412\",\"name\":\"admin\",\"image\":{\"@type\":\"ImageObject\",\"inLanguage\":\"pl-PL\",\"@id\":\"https:\/\/gokbocki.pl\/#\/schema\/person\/image\/\",\"url\":\"https:\/\/secure.gravatar.com\/avatar\/ee27fe75b11e058e31443c0a5a21fc25?s=96&d=mm&r=g\",\"contentUrl\":\"https:\/\/secure.gravatar.com\/avatar\/ee27fe75b11e058e31443c0a5a21fc25?s=96&d=mm&r=g\",\"caption\":\"admin\"},\"url\":\"https:\/\/gokbocki.pl\/index.php\/author\/admin\/\"}]}<\/script>\n<!-- \/ Yoast SEO plugin. -->","yoast_head_json":{"title":"Spektakl w Dubnie - Gminny O\u015brodek Kultury w Bo\u0107kach","description":"19 Grudnia o 15:00 w \u015awietlicy Wiejskiej w Dubnie b\u0119dzie mia\u0142 miejsce spektakl \"Mi\u0142o\u015b\u0107 i \u015bmier\u0107 w Orli\". To historia tragicznej mi\u0142o\u015bci Starosty G\u0142azowskiego do M\u0142ynarz\u00f3wny Kasi.","robots":{"index":"index","follow":"follow","max-snippet":"max-snippet:-1","max-image-preview":"max-image-preview:large","max-video-preview":"max-video-preview:-1"},"canonical":"https:\/\/gokbocki.pl\/index.php\/2021\/12\/16\/spektakl-w-dubnie\/","og_locale":"pl_PL","og_type":"article","og_title":"Spektakl w Dubnie - Gminny O\u015brodek Kultury w Bo\u0107kach","og_description":"19 Grudnia o 15:00 w \u015awietlicy Wiejskiej w Dubnie b\u0119dzie mia\u0142 miejsce spektakl \"Mi\u0142o\u015b\u0107 i \u015bmier\u0107 w Orli\". To historia tragicznej mi\u0142o\u015bci Starosty G\u0142azowskiego do M\u0142ynarz\u00f3wny Kasi.","og_url":"https:\/\/gokbocki.pl\/index.php\/2021\/12\/16\/spektakl-w-dubnie\/","og_site_name":"Gminny O\u015brodek Kultury w Bo\u0107kach","article_published_time":"2021-12-16T14:13:38+00:00","article_modified_time":"2021-12-17T10:10:18+00:00","og_image":[{"width":1448,"height":2048,"url":"https:\/\/gokbocki.pl\/wp-content\/uploads\/2021\/12\/spek-dubno-ost-1.jpg","type":"image\/jpeg"}],"author":"admin","twitter_card":"summary_large_image","twitter_misc":{"Napisane przez":"admin","Szacowany czas czytania":"1 minuta"},"schema":{"@context":"https:\/\/schema.org","@graph":[{"@type":"WebPage","@id":"https:\/\/gokbocki.pl\/index.php\/2021\/12\/16\/spektakl-w-dubnie\/","url":"https:\/\/gokbocki.pl\/index.php\/2021\/12\/16\/spektakl-w-dubnie\/","name":"Spektakl w Dubnie - Gminny O\u015brodek Kultury w Bo\u0107kach","isPartOf":{"@id":"https:\/\/gokbocki.pl\/#website"},"datePublished":"2021-12-16T14:13:38+00:00","dateModified":"2021-12-17T10:10:18+00:00","author":{"@id":"https:\/\/gokbocki.pl\/#\/schema\/person\/32a0381e1f259128348b84ce4d001412"},"description":"19 Grudnia o 15:00 w \u015awietlicy Wiejskiej w Dubnie b\u0119dzie mia\u0142 miejsce spektakl \"Mi\u0142o\u015b\u0107 i \u015bmier\u0107 w Orli\". To historia tragicznej mi\u0142o\u015bci Starosty G\u0142azowskiego do M\u0142ynarz\u00f3wny Kasi.","breadcrumb":{"@id":"https:\/\/gokbocki.pl\/index.php\/2021\/12\/16\/spektakl-w-dubnie\/#breadcrumb"},"inLanguage":"pl-PL","potentialAction":[{"@type":"ReadAction","target":["https:\/\/gokbocki.pl\/index.php\/2021\/12\/16\/spektakl-w-dubnie\/"]}]},{"@type":"BreadcrumbList","@id":"https:\/\/gokbocki.pl\/index.php\/2021\/12\/16\/spektakl-w-dubnie\/#breadcrumb","itemListElement":[{"@type":"ListItem","position":1,"name":"Strona g\u0142\u00f3wna","item":"https:\/\/gokbocki.pl\/"},{"@type":"ListItem","position":2,"name":"Spektakl w Dubnie"}]},{"@type":"WebSite","@id":"https:\/\/gokbocki.pl\/#website","url":"https:\/\/gokbocki.pl\/","name":"Gminny O\u015brodek Kultury w Bo\u0107kach","description":"GOK BO\u0106KI","potentialAction":[{"@type":"SearchAction","target":{"@type":"EntryPoint","urlTemplate":"https:\/\/gokbocki.pl\/?s={search_term_string}"},"query-input":"required name=search_term_string"}],"inLanguage":"pl-PL"},{"@type":"Person","@id":"https:\/\/gokbocki.pl\/#\/schema\/person\/32a0381e1f259128348b84ce4d001412","name":"admin","image":{"@type":"ImageObject","inLanguage":"pl-PL","@id":"https:\/\/gokbocki.pl\/#\/schema\/person\/image\/","url":"https:\/\/secure.gravatar.com\/avatar\/ee27fe75b11e058e31443c0a5a21fc25?s=96&d=mm&r=g","contentUrl":"https:\/\/secure.gravatar.com\/avatar\/ee27fe75b11e058e31443c0a5a21fc25?s=96&d=mm&r=g","caption":"admin"},"url":"https:\/\/gokbocki.pl\/index.php\/author\/admin\/"}]}},"_links":{"self":[{"href":"https:\/\/gokbocki.pl\/index.php\/wp-json\/wp\/v2\/posts\/3221"}],"collection":[{"href":"https:\/\/gokbocki.pl\/index.php\/wp-json\/wp\/v2\/posts"}],"about":[{"href":"https:\/\/gokbocki.pl\/index.php\/wp-json\/wp\/v2\/types\/post"}],"author":[{"embeddable":true,"href":"https:\/\/gokbocki.pl\/index.php\/wp-json\/wp\/v2\/users\/1"}],"replies":[{"embeddable":true,"href":"https:\/\/gokbocki.pl\/index.php\/wp-json\/wp\/v2\/comments?post=3221"}],"version-history":[{"count":4,"href":"https:\/\/gokbocki.pl\/index.php\/wp-json\/wp\/v2\/posts\/3221\/revisions"}],"predecessor-version":[{"id":3226,"href":"https:\/\/gokbocki.pl\/index.php\/wp-json\/wp\/v2\/posts\/3221\/revisions\/3226"}],"wp:featuredmedia":[{"embeddable":true,"href":"https:\/\/gokbocki.pl\/index.php\/wp-json\/wp\/v2\/media\/3222"}],"wp:attachment":[{"href":"https:\/\/gokbocki.pl\/index.php\/wp-json\/wp\/v2\/media?parent=3221"}],"wp:term":[{"taxonomy":"category","embeddable":true,"href":"https:\/\/gokbocki.pl\/index.php\/wp-json\/wp\/v2\/categories?post=3221"},{"taxonomy":"post_tag","embeddable":true,"href":"https:\/\/gokbocki.pl\/index.php\/wp-json\/wp\/v2\/tags?post=3221"}],"curies":[{"name":"wp","href":"https:\/\/api.w.org\/{rel}","templated":true}]}}