{"id":3309,"date":"2021-12-23T13:37:35","date_gmt":"2021-12-23T12:37:35","guid":{"rendered":"https:\/\/gokbocki.pl\/?p=3309"},"modified":"2021-12-23T13:37:37","modified_gmt":"2021-12-23T12:37:37","slug":"dzien-niepodleglosci","status":"publish","type":"post","link":"https:\/\/gokbocki.pl\/index.php\/2021\/12\/23\/dzien-niepodleglosci\/","title":{"rendered":"Dzie\u0144 Niepodleg\u0142o\u015bci"},"content":{"rendered":"\n<p><strong>11 listopada<\/strong> to data szczeg\u00f3lna dla wszystkich Polek i Polak\u00f3w &#8211;<strong> Dzie\u0144 Odzyskania przez Polsk\u0119 Niepodleg\u0142o\u015bci<\/strong>. Ten dzie\u0144 postanowili\u015bmy uczci\u0107 wsp\u00f3lnym <strong>od\u015bpiewaniem Hymnu Polski.<\/strong> By\u0142a r\u00f3wnie\u017c cz\u0119\u015b\u0107 artystyczna, w kt\u00f3rej wyst\u0105pili<strong> mieszka\u0144cy naszej gminy<\/strong> oraz <strong>go\u015b\u0107 specjalny <\/strong>&#8211; Patryk O\u0142dziejewski aktor <a href=\"https:\/\/dramatyczny.pl\/\">Teatru Dramatycznego<\/a> im. Aleksandra W\u0119gierki w Bia\u0142ymstoku. <\/p>\n\n\n\n<h2>Dzie\u0144 Niepodleg\u0142o\u015bci artystycznie<\/h2>\n\n\n\n<p>W cz\u0119\u015bci artystycznej zgromadzeni mogli zobaczy\u0107: <\/p>\n\n\n\n<ul><li><strong>Nikit\u0119 Somers, kt\u00f3ra recytowa\u0142a i \u015bpiewa\u0142a.<\/strong> W jej repertuarze znalaz\u0142y si\u0119: wiersz T.R\u00f3\u017cewicza &#8222;Oblicze Ojczyzny, W. Be\u0142zy &#8222;Modlitwa Polskiej Dziewczynki&#8221; oraz &#8222;Kol\u0119da Warszawska&#8221; S.Bali\u0144skiego.<\/li><\/ul>\n\n\n\n<figure class=\"wp-block-video\"><video controls src=\"https:\/\/gokbocki.pl\/wp-content\/uploads\/2021\/12\/103-Rocznica-Odzyskania-przez-Polske-Niepodleglosci2.mp4\"><\/video><\/figure>\n\n\n\n<ul><li><strong>Pani\u0105 Teofil\u0119 Osm\u00f3lsk\u0105 <\/strong>pi\u0119knie wyg\u0142aszaj\u0105c\u0105 wiersz M.Konopickiej &#8222;Ojczyzno Moja&#8221;. Jak\u017ce cudownie by\u0142o obserwowa\u0107, jak kilka pokole\u0144 spotyka si\u0119, by uczci\u0107 pami\u0119\u0107 Odzyskania przez Polsk\u0119 Niepodleg\u0142o\u015bci. <\/li><li>Natomiast<strong> <a href=\"https:\/\/www.facebook.com\/profile.php?id=100000346676573&amp;__cft__[0]=AZXj0P3oM5zte7Uyp74FCwzhOeV8h8E6znO7oda-0DIbOeS1SOM_4U7gg1qFE1Hy6sKHILZOO7Rb9RyyTwGqpsUcAMVPlhBeFplie8fkevxzHrMj5cVBIVfS0yj0Ya-s3F1957pg0ZHsoYbylifUuM-UrDkoa0xylL_s-NhOw-bcqBMfn484Uo1X_XsqX2k-B53wFpoUv1w8rhuwHraYXGMe&amp;__tn__=-]K-R\">Patryk O\u0142dziejewski<\/a><\/strong> zaprezentowa\u0142 si\u0119 w wierszu Leopolda Staffa &#8222;Polsko, nie jeste\u015b ty ju\u017c niewolnic\u0105&#8221; oraz za\u015bpiewa\u0142 i zagra\u0142 cover &#8222;Bia\u0142ego Krzy\u017ca&#8221; Czerwonych Gitar. <\/li><\/ul>\n\n\n\n<figure class=\"wp-block-video\"><video controls src=\"https:\/\/gokbocki.pl\/wp-content\/uploads\/2021\/12\/103-Rocznica-Odzyskania-przez-Polske-Niepodleglosci.mp4\"><\/video><\/figure>\n\n\n\n<ul><li>Nie zabrak\u0142o r\u00f3wnie\u017c g\u0142osu<strong> Dyrektora Gminnego O\u015brodka Kultury w Bo\u0107kach Mateusza Sacharzewskiego. <\/strong>W jego wykonaniu us\u0142yszeli\u015bmy wiersz &#8222;Pie\u015b\u0144 o fladze&#8221; K.I. Ga\u0142czy\u0144skiego.<br><\/li><\/ul>\n\n\n\n<figure class=\"is-layout-flex wp-block-gallery-1 wp-block-gallery columns-3 is-cropped\"><ul class=\"blocks-gallery-grid\"><li class=\"blocks-gallery-item\"><figure><img decoding=\"async\" loading=\"lazy\" width=\"576\" height=\"1024\" src=\"https:\/\/gokbocki.pl\/wp-content\/uploads\/2021\/12\/2-576x1024.png\" alt=\"\" data-id=\"3314\" data-full-url=\"https:\/\/gokbocki.pl\/wp-content\/uploads\/2021\/12\/2.png\" data-link=\"https:\/\/gokbocki.pl\/?attachment_id=3314\" class=\"wp-image-3314\" srcset=\"https:\/\/gokbocki.pl\/wp-content\/uploads\/2021\/12\/2-576x1024.png 576w, https:\/\/gokbocki.pl\/wp-content\/uploads\/2021\/12\/2-169x300.png 169w, https:\/\/gokbocki.pl\/wp-content\/uploads\/2021\/12\/2-768x1365.png 768w, https:\/\/gokbocki.pl\/wp-content\/uploads\/2021\/12\/2-864x1536.png 864w, https:\/\/gokbocki.pl\/wp-content\/uploads\/2021\/12\/2-820x1458.png 820w, https:\/\/gokbocki.pl\/wp-content\/uploads\/2021\/12\/2.png 1080w\" sizes=\"(max-width: 576px) 100vw, 576px\" \/><figcaption class=\"blocks-gallery-item__caption\">Nikita Somers<\/figcaption><\/figure><\/li><li class=\"blocks-gallery-item\"><figure><img decoding=\"async\" loading=\"lazy\" width=\"1080\" height=\"1920\" src=\"https:\/\/gokbocki.pl\/wp-content\/uploads\/2021\/12\/4-576x1024.png\" alt=\"\" data-id=\"3315\" data-full-url=\"https:\/\/gokbocki.pl\/wp-content\/uploads\/2021\/12\/4.png\" data-link=\"https:\/\/gokbocki.pl\/?attachment_id=3315\" class=\"wp-image-3315\" srcset=\"https:\/\/gokbocki.pl\/wp-content\/uploads\/2021\/12\/4-576x1024.png 576w, https:\/\/gokbocki.pl\/wp-content\/uploads\/2021\/12\/4-169x300.png 169w, https:\/\/gokbocki.pl\/wp-content\/uploads\/2021\/12\/4-768x1365.png 768w, https:\/\/gokbocki.pl\/wp-content\/uploads\/2021\/12\/4-864x1536.png 864w, https:\/\/gokbocki.pl\/wp-content\/uploads\/2021\/12\/4-820x1458.png 820w, https:\/\/gokbocki.pl\/wp-content\/uploads\/2021\/12\/4.png 1080w\" sizes=\"(max-width: 1080px) 100vw, 1080px\" \/><figcaption class=\"blocks-gallery-item__caption\">Mateusz Sacharzewski<\/figcaption><\/figure><\/li><li class=\"blocks-gallery-item\"><figure><img decoding=\"async\" loading=\"lazy\" width=\"576\" height=\"1024\" src=\"https:\/\/gokbocki.pl\/wp-content\/uploads\/2021\/12\/6-576x1024.png\" alt=\"\" data-id=\"3316\" data-full-url=\"https:\/\/gokbocki.pl\/wp-content\/uploads\/2021\/12\/6.png\" data-link=\"https:\/\/gokbocki.pl\/?attachment_id=3316\" class=\"wp-image-3316\" srcset=\"https:\/\/gokbocki.pl\/wp-content\/uploads\/2021\/12\/6-576x1024.png 576w, https:\/\/gokbocki.pl\/wp-content\/uploads\/2021\/12\/6-169x300.png 169w, https:\/\/gokbocki.pl\/wp-content\/uploads\/2021\/12\/6-768x1365.png 768w, https:\/\/gokbocki.pl\/wp-content\/uploads\/2021\/12\/6-864x1536.png 864w, https:\/\/gokbocki.pl\/wp-content\/uploads\/2021\/12\/6-820x1458.png 820w, https:\/\/gokbocki.pl\/wp-content\/uploads\/2021\/12\/6.png 1080w\" sizes=\"(max-width: 576px) 100vw, 576px\" \/><figcaption class=\"blocks-gallery-item__caption\">Patryk O\u0142dziejewski<\/figcaption><\/figure><\/li><li class=\"blocks-gallery-item\"><figure><img decoding=\"async\" loading=\"lazy\" width=\"576\" height=\"1024\" src=\"https:\/\/gokbocki.pl\/wp-content\/uploads\/2021\/12\/7-576x1024.png\" alt=\"\" data-id=\"3317\" data-full-url=\"https:\/\/gokbocki.pl\/wp-content\/uploads\/2021\/12\/7.png\" data-link=\"https:\/\/gokbocki.pl\/?attachment_id=3317\" class=\"wp-image-3317\" srcset=\"https:\/\/gokbocki.pl\/wp-content\/uploads\/2021\/12\/7-576x1024.png 576w, https:\/\/gokbocki.pl\/wp-content\/uploads\/2021\/12\/7-169x300.png 169w, https:\/\/gokbocki.pl\/wp-content\/uploads\/2021\/12\/7-768x1365.png 768w, https:\/\/gokbocki.pl\/wp-content\/uploads\/2021\/12\/7-864x1536.png 864w, https:\/\/gokbocki.pl\/wp-content\/uploads\/2021\/12\/7-820x1458.png 820w, https:\/\/gokbocki.pl\/wp-content\/uploads\/2021\/12\/7.png 1080w\" sizes=\"(max-width: 576px) 100vw, 576px\" \/><figcaption class=\"blocks-gallery-item__caption\"><em>Teofila Osm\u00f3lska<\/em><\/figcaption><\/figure><\/li><\/ul><\/figure>\n\n\n\n<p>Po cz\u0119\u015bci artystycznej przyszed\u0142 czas na <strong>z\u0142o\u017cenie wie\u0144c\u00f3w pod pomnikiem<\/strong> naprzeciwko Urz\u0119du <a href=\"https:\/\/www.facebook.com\/gminabocki\/?__cft__[0]=AZXj0P3oM5zte7Uyp74FCwzhOeV8h8E6znO7oda-0DIbOeS1SOM_4U7gg1qFE1Hy6sKHILZOO7Rb9RyyTwGqpsUcAMVPlhBeFplie8fkevxzHrMj5cVBIVfS0yj0Ya-s3F1957pg0ZHsoYbylifUuM-UrDkoa0xylL_s-NhOw-bcqBMfn484Uo1X_XsqX2k-B53wFpoUv1w8rhuwHraYXGMe&amp;__tn__=kK-R\">Gmina Bo\u0107ki<\/a>. W tym czasie Ho\u0142d Niepodleg\u0142ej w imieniu swoim i wszystkich mieszka\u0144c\u00f3w Gminy odda\u0142a <strong>W\u00f3jt Gminy Bo\u0107ki <\/strong><a href=\"https:\/\/www.facebook.com\/dorota.kedraptaszynska?__cft__[0]=AZXj0P3oM5zte7Uyp74FCwzhOeV8h8E6znO7oda-0DIbOeS1SOM_4U7gg1qFE1Hy6sKHILZOO7Rb9RyyTwGqpsUcAMVPlhBeFplie8fkevxzHrMj5cVBIVfS0yj0Ya-s3F1957pg0ZHsoYbylifUuM-UrDkoa0xylL_s-NhOw-bcqBMfn484Uo1X_XsqX2k-B53wFpoUv1w8rhuwHraYXGMe&amp;__tn__=-]K-R\">Dorota K\u0119dra-Ptaszy\u0144ska<\/a>. <br>Natomiast w imieniu swoim i wszystkich cz\u0142onk\u00f3w Rady Gminy ho\u0142d oddali:<br><strong>Przewodnicz\u0105ca Rady Gminy<\/strong> Ma\u0142gorzata J\u00f3\u017awiak,<br><strong>Wiceprzewodnicz\u0105cy Rady Gminy<\/strong> Wojciech Wierci\u0144ski<br>oraz <strong>Radna<\/strong> Krystyna Piotrowska.<br>Kwiaty przy pomniku z\u0142o\u017cy\u0142 r\u00f3wnie\u017c Dyrektor GOKu <strong>Mateusz Sacharzewski. <\/strong><\/p>\n\n\n\n<figure class=\"is-layout-flex wp-block-gallery-3 wp-block-gallery columns-3 is-cropped\"><ul class=\"blocks-gallery-grid\"><li class=\"blocks-gallery-item\"><figure><img decoding=\"async\" loading=\"lazy\" width=\"576\" height=\"1024\" src=\"https:\/\/gokbocki.pl\/wp-content\/uploads\/2021\/12\/10-576x1024.png\" alt=\"dzie\u0144 niepodleg\u0142o\u015bci\" data-id=\"3312\" data-full-url=\"https:\/\/gokbocki.pl\/wp-content\/uploads\/2021\/12\/10.png\" data-link=\"https:\/\/gokbocki.pl\/?attachment_id=3312\" class=\"wp-image-3312\" srcset=\"https:\/\/gokbocki.pl\/wp-content\/uploads\/2021\/12\/10-576x1024.png 576w, https:\/\/gokbocki.pl\/wp-content\/uploads\/2021\/12\/10-169x300.png 169w, https:\/\/gokbocki.pl\/wp-content\/uploads\/2021\/12\/10-768x1365.png 768w, https:\/\/gokbocki.pl\/wp-content\/uploads\/2021\/12\/10-864x1536.png 864w, https:\/\/gokbocki.pl\/wp-content\/uploads\/2021\/12\/10-820x1458.png 820w, https:\/\/gokbocki.pl\/wp-content\/uploads\/2021\/12\/10.png 1080w\" sizes=\"(max-width: 576px) 100vw, 576px\" \/><figcaption class=\"blocks-gallery-item__caption\">Radni Gminy<\/figcaption><\/figure><\/li><li class=\"blocks-gallery-item\"><figure><img decoding=\"async\" loading=\"lazy\" width=\"576\" height=\"1024\" src=\"https:\/\/gokbocki.pl\/wp-content\/uploads\/2021\/12\/11-576x1024.png\" alt=\"dzie\u0144 niepodleg\u0142o\u015bci\" data-id=\"3313\" data-full-url=\"https:\/\/gokbocki.pl\/wp-content\/uploads\/2021\/12\/11.png\" data-link=\"https:\/\/gokbocki.pl\/?attachment_id=3313\" class=\"wp-image-3313\" srcset=\"https:\/\/gokbocki.pl\/wp-content\/uploads\/2021\/12\/11-576x1024.png 576w, https:\/\/gokbocki.pl\/wp-content\/uploads\/2021\/12\/11-169x300.png 169w, https:\/\/gokbocki.pl\/wp-content\/uploads\/2021\/12\/11-768x1365.png 768w, https:\/\/gokbocki.pl\/wp-content\/uploads\/2021\/12\/11-864x1536.png 864w, https:\/\/gokbocki.pl\/wp-content\/uploads\/2021\/12\/11-820x1458.png 820w, https:\/\/gokbocki.pl\/wp-content\/uploads\/2021\/12\/11.png 1080w\" sizes=\"(max-width: 576px) 100vw, 576px\" \/><figcaption class=\"blocks-gallery-item__caption\">Dyrektor GOKu<\/figcaption><\/figure><\/li><li class=\"blocks-gallery-item\"><figure><img decoding=\"async\" loading=\"lazy\" width=\"576\" height=\"1024\" src=\"https:\/\/gokbocki.pl\/wp-content\/uploads\/2021\/12\/8-576x1024.png\" alt=\"dzie\u0144 niepodleg\u0142o\u015bci\" data-id=\"3310\" data-full-url=\"https:\/\/gokbocki.pl\/wp-content\/uploads\/2021\/12\/8.png\" data-link=\"https:\/\/gokbocki.pl\/?attachment_id=3310\" class=\"wp-image-3310\" srcset=\"https:\/\/gokbocki.pl\/wp-content\/uploads\/2021\/12\/8-576x1024.png 576w, https:\/\/gokbocki.pl\/wp-content\/uploads\/2021\/12\/8-169x300.png 169w, https:\/\/gokbocki.pl\/wp-content\/uploads\/2021\/12\/8-768x1365.png 768w, https:\/\/gokbocki.pl\/wp-content\/uploads\/2021\/12\/8-864x1536.png 864w, https:\/\/gokbocki.pl\/wp-content\/uploads\/2021\/12\/8-820x1458.png 820w, https:\/\/gokbocki.pl\/wp-content\/uploads\/2021\/12\/8.png 1080w\" sizes=\"(max-width: 576px) 100vw, 576px\" \/><figcaption class=\"blocks-gallery-item__caption\">W\u00f3jt Gminy <\/figcaption><\/figure><\/li><li class=\"blocks-gallery-item\"><figure><img decoding=\"async\" loading=\"lazy\" width=\"576\" height=\"1024\" src=\"https:\/\/gokbocki.pl\/wp-content\/uploads\/2021\/12\/9-576x1024.png\" alt=\"Dzie\u0144 niepodleg\u0142o\u015bci\" data-id=\"3311\" data-full-url=\"https:\/\/gokbocki.pl\/wp-content\/uploads\/2021\/12\/9.png\" data-link=\"https:\/\/gokbocki.pl\/?attachment_id=3311\" class=\"wp-image-3311\" srcset=\"https:\/\/gokbocki.pl\/wp-content\/uploads\/2021\/12\/9-576x1024.png 576w, https:\/\/gokbocki.pl\/wp-content\/uploads\/2021\/12\/9-169x300.png 169w, https:\/\/gokbocki.pl\/wp-content\/uploads\/2021\/12\/9-768x1365.png 768w, https:\/\/gokbocki.pl\/wp-content\/uploads\/2021\/12\/9-864x1536.png 864w, https:\/\/gokbocki.pl\/wp-content\/uploads\/2021\/12\/9-820x1458.png 820w, https:\/\/gokbocki.pl\/wp-content\/uploads\/2021\/12\/9.png 1080w\" sizes=\"(max-width: 576px) 100vw, 576px\" \/><figcaption class=\"blocks-gallery-item__caption\">W\u00f3jt Gminy<\/figcaption><\/figure><\/li><\/ul><\/figure>\n\n\n\n<p>Ca\u0142e wydarzenie mo\u017cna zobaczy\u0107 pod tym linkiem: <a href=\"https:\/\/fb.watch\/a2JYhVjg1r\/\">https:\/\/fb.watch\/a2JYhVjg1r\/<\/a><br>Zdj\u0119cia i monta\u017c: Kamil Misiuk<\/p>\n\n\n\n<p><strong>Dzi\u0119kujemy wszystkim obecnym<\/strong> podczas obchod\u00f3w zwi\u0105zanych z Dniem Niepodleg\u0142o\u015bci. <br>Zach\u0119camy<strong> do odwiedzania<\/strong> naszego <a href=\"https:\/\/gokbocki.pl\/\">bloga,<\/a> gdy\u017c to tutaj dowiecie si\u0119 o naszej dzia\u0142alno\u015bci. <\/p>\n","protected":false},"excerpt":{"rendered":"<p>11 listopada to data szczeg\u00f3lna dla wszystkich Polek i Polak\u00f3w &#8211; Dzie\u0144 Odzyskania przez Polsk\u0119 Niepodleg\u0142o\u015bci. Ten dzie\u0144 postanowili\u015bmy uczci\u0107 wsp\u00f3lnym od\u015bpiewaniem Hymnu Polski. By\u0142a r\u00f3wnie\u017c cz\u0119\u015b\u0107 artystyczna, w kt\u00f3rej wyst\u0105pili mieszka\u0144cy naszej gminy oraz go\u015b\u0107 specjalny &#8211; Patryk O\u0142dziejewski aktor Teatru Dramatycznego im. Aleksandra W\u0119gierki w Bia\u0142ymstoku. Dzie\u0144 Niepodleg\u0142o\u015bci artystycznie W cz\u0119\u015bci artystycznej zgromadzeni [&hellip;]<\/p>\n","protected":false},"author":1,"featured_media":3319,"comment_status":"open","ping_status":"open","sticky":false,"template":"","format":"standard","meta":[],"categories":[24],"tags":[],"yoast_head":"<!-- This site is optimized with the Yoast SEO plugin v20.2.1 - https:\/\/yoast.com\/wordpress\/plugins\/seo\/ -->\n<title>Dzie\u0144 Niepodleg\u0142o\u015bci - Gminny O\u015brodek Kultury w Bo\u0107kach<\/title>\n<meta name=\"description\" content=\"Dzie\u0144 Niepodleg\u0142o\u015bci postanowili\u015bmy uczci\u0107 wsp\u00f3lnym od\u015bpiewaniem Hymnu Polski. By\u0142a r\u00f3wnie\u017c cz\u0119\u015b\u0107 artystyczna, w kt\u00f3rej wyst\u0105pili mieszka\u0144cy .\" \/>\n<meta name=\"robots\" content=\"index, follow, max-snippet:-1, max-image-preview:large, max-video-preview:-1\" \/>\n<link rel=\"canonical\" href=\"https:\/\/gokbocki.pl\/index.php\/2021\/12\/23\/dzien-niepodleglosci\/\" \/>\n<meta property=\"og:locale\" content=\"pl_PL\" \/>\n<meta property=\"og:type\" content=\"article\" \/>\n<meta property=\"og:title\" content=\"Dzie\u0144 Niepodleg\u0142o\u015bci - Gminny O\u015brodek Kultury w Bo\u0107kach\" \/>\n<meta property=\"og:description\" content=\"Dzie\u0144 Niepodleg\u0142o\u015bci postanowili\u015bmy uczci\u0107 wsp\u00f3lnym od\u015bpiewaniem Hymnu Polski. By\u0142a r\u00f3wnie\u017c cz\u0119\u015b\u0107 artystyczna, w kt\u00f3rej wyst\u0105pili mieszka\u0144cy .\" \/>\n<meta property=\"og:url\" content=\"https:\/\/gokbocki.pl\/index.php\/2021\/12\/23\/dzien-niepodleglosci\/\" \/>\n<meta property=\"og:site_name\" content=\"Gminny O\u015brodek Kultury w Bo\u0107kach\" \/>\n<meta property=\"article:published_time\" content=\"2021-12-23T12:37:35+00:00\" \/>\n<meta property=\"article:modified_time\" content=\"2021-12-23T12:37:37+00:00\" \/>\n<meta property=\"og:image\" content=\"https:\/\/gokbocki.pl\/wp-content\/uploads\/2021\/12\/1-2-576x1024.png\" \/>\n\t<meta property=\"og:image:width\" content=\"576\" \/>\n\t<meta property=\"og:image:height\" content=\"1024\" \/>\n\t<meta property=\"og:image:type\" content=\"image\/png\" \/>\n<meta name=\"author\" content=\"admin\" \/>\n<meta name=\"twitter:card\" content=\"summary_large_image\" \/>\n<meta name=\"twitter:label1\" content=\"Napisane przez\" \/>\n\t<meta name=\"twitter:data1\" content=\"admin\" \/>\n\t<meta name=\"twitter:label2\" content=\"Szacowany czas czytania\" \/>\n\t<meta name=\"twitter:data2\" content=\"3 minuty\" \/>\n<script type=\"application\/ld+json\" class=\"yoast-schema-graph\">{\"@context\":\"https:\/\/schema.org\",\"@graph\":[{\"@type\":\"WebPage\",\"@id\":\"https:\/\/gokbocki.pl\/index.php\/2021\/12\/23\/dzien-niepodleglosci\/\",\"url\":\"https:\/\/gokbocki.pl\/index.php\/2021\/12\/23\/dzien-niepodleglosci\/\",\"name\":\"Dzie\u0144 Niepodleg\u0142o\u015bci - Gminny O\u015brodek Kultury w Bo\u0107kach\",\"isPartOf\":{\"@id\":\"https:\/\/gokbocki.pl\/#website\"},\"datePublished\":\"2021-12-23T12:37:35+00:00\",\"dateModified\":\"2021-12-23T12:37:37+00:00\",\"author\":{\"@id\":\"https:\/\/gokbocki.pl\/#\/schema\/person\/32a0381e1f259128348b84ce4d001412\"},\"description\":\"Dzie\u0144 Niepodleg\u0142o\u015bci postanowili\u015bmy uczci\u0107 wsp\u00f3lnym od\u015bpiewaniem Hymnu Polski. By\u0142a r\u00f3wnie\u017c cz\u0119\u015b\u0107 artystyczna, w kt\u00f3rej wyst\u0105pili mieszka\u0144cy .\",\"breadcrumb\":{\"@id\":\"https:\/\/gokbocki.pl\/index.php\/2021\/12\/23\/dzien-niepodleglosci\/#breadcrumb\"},\"inLanguage\":\"pl-PL\",\"potentialAction\":[{\"@type\":\"ReadAction\",\"target\":[\"https:\/\/gokbocki.pl\/index.php\/2021\/12\/23\/dzien-niepodleglosci\/\"]}]},{\"@type\":\"BreadcrumbList\",\"@id\":\"https:\/\/gokbocki.pl\/index.php\/2021\/12\/23\/dzien-niepodleglosci\/#breadcrumb\",\"itemListElement\":[{\"@type\":\"ListItem\",\"position\":1,\"name\":\"Strona g\u0142\u00f3wna\",\"item\":\"https:\/\/gokbocki.pl\/\"},{\"@type\":\"ListItem\",\"position\":2,\"name\":\"Dzie\u0144 Niepodleg\u0142o\u015bci\"}]},{\"@type\":\"WebSite\",\"@id\":\"https:\/\/gokbocki.pl\/#website\",\"url\":\"https:\/\/gokbocki.pl\/\",\"name\":\"Gminny O\u015brodek Kultury w Bo\u0107kach\",\"description\":\"GOK BO\u0106KI\",\"potentialAction\":[{\"@type\":\"SearchAction\",\"target\":{\"@type\":\"EntryPoint\",\"urlTemplate\":\"https:\/\/gokbocki.pl\/?s={search_term_string}\"},\"query-input\":\"required name=search_term_string\"}],\"inLanguage\":\"pl-PL\"},{\"@type\":\"Person\",\"@id\":\"https:\/\/gokbocki.pl\/#\/schema\/person\/32a0381e1f259128348b84ce4d001412\",\"name\":\"admin\",\"image\":{\"@type\":\"ImageObject\",\"inLanguage\":\"pl-PL\",\"@id\":\"https:\/\/gokbocki.pl\/#\/schema\/person\/image\/\",\"url\":\"https:\/\/secure.gravatar.com\/avatar\/ee27fe75b11e058e31443c0a5a21fc25?s=96&d=mm&r=g\",\"contentUrl\":\"https:\/\/secure.gravatar.com\/avatar\/ee27fe75b11e058e31443c0a5a21fc25?s=96&d=mm&r=g\",\"caption\":\"admin\"},\"url\":\"https:\/\/gokbocki.pl\/index.php\/author\/admin\/\"}]}<\/script>\n<!-- \/ Yoast SEO plugin. -->","yoast_head_json":{"title":"Dzie\u0144 Niepodleg\u0142o\u015bci - Gminny O\u015brodek Kultury w Bo\u0107kach","description":"Dzie\u0144 Niepodleg\u0142o\u015bci postanowili\u015bmy uczci\u0107 wsp\u00f3lnym od\u015bpiewaniem Hymnu Polski. By\u0142a r\u00f3wnie\u017c cz\u0119\u015b\u0107 artystyczna, w kt\u00f3rej wyst\u0105pili mieszka\u0144cy .","robots":{"index":"index","follow":"follow","max-snippet":"max-snippet:-1","max-image-preview":"max-image-preview:large","max-video-preview":"max-video-preview:-1"},"canonical":"https:\/\/gokbocki.pl\/index.php\/2021\/12\/23\/dzien-niepodleglosci\/","og_locale":"pl_PL","og_type":"article","og_title":"Dzie\u0144 Niepodleg\u0142o\u015bci - Gminny O\u015brodek Kultury w Bo\u0107kach","og_description":"Dzie\u0144 Niepodleg\u0142o\u015bci postanowili\u015bmy uczci\u0107 wsp\u00f3lnym od\u015bpiewaniem Hymnu Polski. By\u0142a r\u00f3wnie\u017c cz\u0119\u015b\u0107 artystyczna, w kt\u00f3rej wyst\u0105pili mieszka\u0144cy .","og_url":"https:\/\/gokbocki.pl\/index.php\/2021\/12\/23\/dzien-niepodleglosci\/","og_site_name":"Gminny O\u015brodek Kultury w Bo\u0107kach","article_published_time":"2021-12-23T12:37:35+00:00","article_modified_time":"2021-12-23T12:37:37+00:00","og_image":[{"width":576,"height":1024,"url":"https:\/\/gokbocki.pl\/wp-content\/uploads\/2021\/12\/1-2-576x1024.png","type":"image\/png"}],"author":"admin","twitter_card":"summary_large_image","twitter_misc":{"Napisane przez":"admin","Szacowany czas czytania":"3 minuty"},"schema":{"@context":"https:\/\/schema.org","@graph":[{"@type":"WebPage","@id":"https:\/\/gokbocki.pl\/index.php\/2021\/12\/23\/dzien-niepodleglosci\/","url":"https:\/\/gokbocki.pl\/index.php\/2021\/12\/23\/dzien-niepodleglosci\/","name":"Dzie\u0144 Niepodleg\u0142o\u015bci - Gminny O\u015brodek Kultury w Bo\u0107kach","isPartOf":{"@id":"https:\/\/gokbocki.pl\/#website"},"datePublished":"2021-12-23T12:37:35+00:00","dateModified":"2021-12-23T12:37:37+00:00","author":{"@id":"https:\/\/gokbocki.pl\/#\/schema\/person\/32a0381e1f259128348b84ce4d001412"},"description":"Dzie\u0144 Niepodleg\u0142o\u015bci postanowili\u015bmy uczci\u0107 wsp\u00f3lnym od\u015bpiewaniem Hymnu Polski. By\u0142a r\u00f3wnie\u017c cz\u0119\u015b\u0107 artystyczna, w kt\u00f3rej wyst\u0105pili mieszka\u0144cy .","breadcrumb":{"@id":"https:\/\/gokbocki.pl\/index.php\/2021\/12\/23\/dzien-niepodleglosci\/#breadcrumb"},"inLanguage":"pl-PL","potentialAction":[{"@type":"ReadAction","target":["https:\/\/gokbocki.pl\/index.php\/2021\/12\/23\/dzien-niepodleglosci\/"]}]},{"@type":"BreadcrumbList","@id":"https:\/\/gokbocki.pl\/index.php\/2021\/12\/23\/dzien-niepodleglosci\/#breadcrumb","itemListElement":[{"@type":"ListItem","position":1,"name":"Strona g\u0142\u00f3wna","item":"https:\/\/gokbocki.pl\/"},{"@type":"ListItem","position":2,"name":"Dzie\u0144 Niepodleg\u0142o\u015bci"}]},{"@type":"WebSite","@id":"https:\/\/gokbocki.pl\/#website","url":"https:\/\/gokbocki.pl\/","name":"Gminny O\u015brodek Kultury w Bo\u0107kach","description":"GOK BO\u0106KI","potentialAction":[{"@type":"SearchAction","target":{"@type":"EntryPoint","urlTemplate":"https:\/\/gokbocki.pl\/?s={search_term_string}"},"query-input":"required name=search_term_string"}],"inLanguage":"pl-PL"},{"@type":"Person","@id":"https:\/\/gokbocki.pl\/#\/schema\/person\/32a0381e1f259128348b84ce4d001412","name":"admin","image":{"@type":"ImageObject","inLanguage":"pl-PL","@id":"https:\/\/gokbocki.pl\/#\/schema\/person\/image\/","url":"https:\/\/secure.gravatar.com\/avatar\/ee27fe75b11e058e31443c0a5a21fc25?s=96&d=mm&r=g","contentUrl":"https:\/\/secure.gravatar.com\/avatar\/ee27fe75b11e058e31443c0a5a21fc25?s=96&d=mm&r=g","caption":"admin"},"url":"https:\/\/gokbocki.pl\/index.php\/author\/admin\/"}]}},"_links":{"self":[{"href":"https:\/\/gokbocki.pl\/index.php\/wp-json\/wp\/v2\/posts\/3309"}],"collection":[{"href":"https:\/\/gokbocki.pl\/index.php\/wp-json\/wp\/v2\/posts"}],"about":[{"href":"https:\/\/gokbocki.pl\/index.php\/wp-json\/wp\/v2\/types\/post"}],"author":[{"embeddable":true,"href":"https:\/\/gokbocki.pl\/index.php\/wp-json\/wp\/v2\/users\/1"}],"replies":[{"embeddable":true,"href":"https:\/\/gokbocki.pl\/index.php\/wp-json\/wp\/v2\/comments?post=3309"}],"version-history":[{"count":10,"href":"https:\/\/gokbocki.pl\/index.php\/wp-json\/wp\/v2\/posts\/3309\/revisions"}],"predecessor-version":[{"id":3330,"href":"https:\/\/gokbocki.pl\/index.php\/wp-json\/wp\/v2\/posts\/3309\/revisions\/3330"}],"wp:featuredmedia":[{"embeddable":true,"href":"https:\/\/gokbocki.pl\/index.php\/wp-json\/wp\/v2\/media\/3319"}],"wp:attachment":[{"href":"https:\/\/gokbocki.pl\/index.php\/wp-json\/wp\/v2\/media?parent=3309"}],"wp:term":[{"taxonomy":"category","embeddable":true,"href":"https:\/\/gokbocki.pl\/index.php\/wp-json\/wp\/v2\/categories?post=3309"},{"taxonomy":"post_tag","embeddable":true,"href":"https:\/\/gokbocki.pl\/index.php\/wp-json\/wp\/v2\/tags?post=3309"}],"curies":[{"name":"wp","href":"https:\/\/api.w.org\/{rel}","templated":true}]}}