{"id":3344,"date":"2021-12-26T18:59:00","date_gmt":"2021-12-26T17:59:00","guid":{"rendered":"https:\/\/gokbocki.pl\/?p=3344"},"modified":"2021-12-23T14:48:52","modified_gmt":"2021-12-23T13:48:52","slug":"cala-klasa-na-wycieczke","status":"publish","type":"post","link":"https:\/\/gokbocki.pl\/index.php\/2021\/12\/26\/cala-klasa-na-wycieczke\/","title":{"rendered":"Ca\u0142\u0105 klas\u0105 na wycieczk\u0119"},"content":{"rendered":"\n<p>Ca\u0142\u0105 klas\u0105 na wycieczk\u0119 to <strong>p\u00f3\u0142roczny projekt<\/strong> naszego o\u015brodka <strong>skierowany do uczni\u00f3w<\/strong> w naszej Gminie. Bior\u0105 w nim udzia\u0142 <strong>dwie szko\u0142y<\/strong> <a href=\"https:\/\/andryjanki.edu.pl\/\">Szko\u0142a Podstawowa w Andryjankach<\/a> i<a href=\"https:\/\/spbocki.edupage.org\/\"> Szko\u0142a Podstawowa w Bo\u0107kach<\/a>. Jako nagrod\u0119 g\u0142\u00f3wn\u0105 dzieci b\u0119d\u0105 mog\u0142y <strong>wygra\u0107 wycieczk\u0119 dla swojej klasy.<\/strong> Natomiast co miesi\u0105c jedna klasa wygrywa &#8222;pizzow\u0105 wy\u017cerk\u0119&#8221;. <\/p>\n\n\n\n<h2>Ca\u0142\u0105 klas\u0105 na wycieczk\u0119 &#8211; przebieg<\/h2>\n\n\n\n<p>&#8222;Ca\u0142\u0105 klas\u0105 na wycieczk\u0119&#8221; <strong>polega na wsp\u00f3lnym tworzeniu filmik\u00f3w <\/strong>tematycznych. Co miesi\u0105c od pa\u017adziernika do marca klasa wsp\u00f3\u0142pracuje ze sob\u0105 przy ka\u017cdym kolejnym zadaniu. Projekt zako\u0144czy si\u0119 <strong>w marcu 2022<\/strong> roku. Dzieci pracuj\u0105 nad projektem podczas godzin wychowawczych, czasem po lekcjach a nawet w domu. Bardzo cieszy nas<strong> zaanga\u017cowanie w poszczeg\u00f3lne zadania<\/strong>. Do niekt\u00f3rych zada\u0144 przy\u0142\u0105cza si\u0119 wi\u0119cej klas do innych mniej ale \u015brednio <strong>w projekcie uczestniczy 5 klas. <\/strong><\/p>\n\n\n\n<p>Jednym z pierwszych zada\u0144 jakich musieli si\u0119 podj\u0105\u0107 uczestnicy projektu by\u0142a prezentacja klasy. Zobaczcie jak poradzili sobie uczniowie i uczennice 7a.<\/p>\n\n\n\n<figure class=\"wp-block-video\"><video controls src=\"https:\/\/gokbocki.pl\/wp-content\/uploads\/2021\/12\/I-Miejsce-klasa-7a.mp4\"><\/video><figcaption><em>Zadanie wykonane przez klas\u0119 7a<\/em><\/figcaption><\/figure>\n\n\n\n<p><br>Nast\u0119pnie uczestnicy przygotowali Program telewizyjny. Dzieci zainspirowa\u0142y si\u0119 popularnymi programami takimi jak &#8222;Rolnik Szuka \u017bony&#8221; oraz &#8222;Damy i Wie\u015bniaczki&#8221;. Nie zabrak\u0142o r\u00f3wnie\u017c &#8222;Rolnik\u00f3w Podlasia&#8221;. Kolejnym zadaniem by\u0142o nagranie kol\u0119d. Aktualnie dzieci pracuj\u0105 nad opracowaniem tygodniowego <strong>programu ferii zimowych.<\/strong> <br>Ka\u017cde zadanie jest punktowane a ostatecznie tylko klasa z najwi\u0119ksz\u0105 ilo\u015bci\u0105 punkt\u00f3w w 2022 roku wybierze si\u0119 na wsp\u00f3ln\u0105 wycieczk\u0119. W zwi\u0105zku z tym ju\u017c dzisiaj zach\u0119camy was do kibicowania uczestnikom i odwiedzania naszego <a href=\"https:\/\/gokbocki.pl\/\">bloga<\/a>. <br> <\/p>\n","protected":false},"excerpt":{"rendered":"<p>Ca\u0142\u0105 klas\u0105 na wycieczk\u0119 to p\u00f3\u0142roczny projekt naszego o\u015brodka skierowany do uczni\u00f3w w naszej Gminie. Bior\u0105 w nim udzia\u0142 dwie szko\u0142y Szko\u0142a Podstawowa w Andryjankach i Szko\u0142a Podstawowa w Bo\u0107kach. Jako nagrod\u0119 g\u0142\u00f3wn\u0105 dzieci b\u0119d\u0105 mog\u0142y wygra\u0107 wycieczk\u0119 dla swojej klasy. Natomiast co miesi\u0105c jedna klasa wygrywa &#8222;pizzow\u0105 wy\u017cerk\u0119&#8221;. Ca\u0142\u0105 klas\u0105 na wycieczk\u0119 &#8211; przebieg [&hellip;]<\/p>\n","protected":false},"author":1,"featured_media":3345,"comment_status":"open","ping_status":"open","sticky":false,"template":"","format":"standard","meta":[],"categories":[24,30],"tags":[],"yoast_head":"<!-- This site is optimized with the Yoast SEO plugin v20.2.1 - https:\/\/yoast.com\/wordpress\/plugins\/seo\/ -->\n<title>Ca\u0142\u0105 klas\u0105 na wycieczk\u0119 - Gminny O\u015brodek Kultury w Bo\u0107kach<\/title>\n<meta name=\"description\" content=\"Ca\u0142\u0105 klas\u0105 na wycieczk\u0119 to p\u00f3\u0142roczny projekt naszego o\u015brodka skierowany do uczni\u00f3w w naszej Gminie. Bior\u0105 w nim udzia\u0142 dwie szko\u0142y z Gminy...\" \/>\n<meta name=\"robots\" content=\"index, follow, max-snippet:-1, max-image-preview:large, max-video-preview:-1\" \/>\n<link rel=\"canonical\" href=\"https:\/\/gokbocki.pl\/index.php\/2021\/12\/26\/cala-klasa-na-wycieczke\/\" \/>\n<meta property=\"og:locale\" content=\"pl_PL\" \/>\n<meta property=\"og:type\" content=\"article\" \/>\n<meta property=\"og:title\" content=\"Ca\u0142\u0105 klas\u0105 na wycieczk\u0119 - Gminny O\u015brodek Kultury w Bo\u0107kach\" \/>\n<meta property=\"og:description\" content=\"Ca\u0142\u0105 klas\u0105 na wycieczk\u0119 to p\u00f3\u0142roczny projekt naszego o\u015brodka skierowany do uczni\u00f3w w naszej Gminie. Bior\u0105 w nim udzia\u0142 dwie szko\u0142y z Gminy...\" \/>\n<meta property=\"og:url\" content=\"https:\/\/gokbocki.pl\/index.php\/2021\/12\/26\/cala-klasa-na-wycieczke\/\" \/>\n<meta property=\"og:site_name\" content=\"Gminny O\u015brodek Kultury w Bo\u0107kach\" \/>\n<meta property=\"article:published_time\" content=\"2021-12-26T17:59:00+00:00\" \/>\n<meta property=\"article:modified_time\" content=\"2021-12-23T13:48:52+00:00\" \/>\n<meta property=\"og:image\" content=\"https:\/\/gokbocki.pl\/wp-content\/uploads\/2021\/12\/Back-to-School-1-724x1024.png\" \/>\n\t<meta property=\"og:image:width\" content=\"724\" \/>\n\t<meta property=\"og:image:height\" content=\"1024\" \/>\n\t<meta property=\"og:image:type\" content=\"image\/png\" \/>\n<meta name=\"author\" content=\"admin\" \/>\n<meta name=\"twitter:card\" content=\"summary_large_image\" \/>\n<meta name=\"twitter:label1\" content=\"Napisane przez\" \/>\n\t<meta name=\"twitter:data1\" content=\"admin\" \/>\n\t<meta name=\"twitter:label2\" content=\"Szacowany czas czytania\" \/>\n\t<meta name=\"twitter:data2\" content=\"1 minuta\" \/>\n<script type=\"application\/ld+json\" class=\"yoast-schema-graph\">{\"@context\":\"https:\/\/schema.org\",\"@graph\":[{\"@type\":\"WebPage\",\"@id\":\"https:\/\/gokbocki.pl\/index.php\/2021\/12\/26\/cala-klasa-na-wycieczke\/\",\"url\":\"https:\/\/gokbocki.pl\/index.php\/2021\/12\/26\/cala-klasa-na-wycieczke\/\",\"name\":\"Ca\u0142\u0105 klas\u0105 na wycieczk\u0119 - Gminny O\u015brodek Kultury w Bo\u0107kach\",\"isPartOf\":{\"@id\":\"https:\/\/gokbocki.pl\/#website\"},\"datePublished\":\"2021-12-26T17:59:00+00:00\",\"dateModified\":\"2021-12-23T13:48:52+00:00\",\"author\":{\"@id\":\"https:\/\/gokbocki.pl\/#\/schema\/person\/32a0381e1f259128348b84ce4d001412\"},\"description\":\"Ca\u0142\u0105 klas\u0105 na wycieczk\u0119 to p\u00f3\u0142roczny projekt naszego o\u015brodka skierowany do uczni\u00f3w w naszej Gminie. Bior\u0105 w nim udzia\u0142 dwie szko\u0142y z Gminy...\",\"breadcrumb\":{\"@id\":\"https:\/\/gokbocki.pl\/index.php\/2021\/12\/26\/cala-klasa-na-wycieczke\/#breadcrumb\"},\"inLanguage\":\"pl-PL\",\"potentialAction\":[{\"@type\":\"ReadAction\",\"target\":[\"https:\/\/gokbocki.pl\/index.php\/2021\/12\/26\/cala-klasa-na-wycieczke\/\"]}]},{\"@type\":\"BreadcrumbList\",\"@id\":\"https:\/\/gokbocki.pl\/index.php\/2021\/12\/26\/cala-klasa-na-wycieczke\/#breadcrumb\",\"itemListElement\":[{\"@type\":\"ListItem\",\"position\":1,\"name\":\"Strona g\u0142\u00f3wna\",\"item\":\"https:\/\/gokbocki.pl\/\"},{\"@type\":\"ListItem\",\"position\":2,\"name\":\"Ca\u0142\u0105 klas\u0105 na wycieczk\u0119\"}]},{\"@type\":\"WebSite\",\"@id\":\"https:\/\/gokbocki.pl\/#website\",\"url\":\"https:\/\/gokbocki.pl\/\",\"name\":\"Gminny O\u015brodek Kultury w Bo\u0107kach\",\"description\":\"GOK BO\u0106KI\",\"potentialAction\":[{\"@type\":\"SearchAction\",\"target\":{\"@type\":\"EntryPoint\",\"urlTemplate\":\"https:\/\/gokbocki.pl\/?s={search_term_string}\"},\"query-input\":\"required name=search_term_string\"}],\"inLanguage\":\"pl-PL\"},{\"@type\":\"Person\",\"@id\":\"https:\/\/gokbocki.pl\/#\/schema\/person\/32a0381e1f259128348b84ce4d001412\",\"name\":\"admin\",\"image\":{\"@type\":\"ImageObject\",\"inLanguage\":\"pl-PL\",\"@id\":\"https:\/\/gokbocki.pl\/#\/schema\/person\/image\/\",\"url\":\"https:\/\/secure.gravatar.com\/avatar\/ee27fe75b11e058e31443c0a5a21fc25?s=96&d=mm&r=g\",\"contentUrl\":\"https:\/\/secure.gravatar.com\/avatar\/ee27fe75b11e058e31443c0a5a21fc25?s=96&d=mm&r=g\",\"caption\":\"admin\"},\"url\":\"https:\/\/gokbocki.pl\/index.php\/author\/admin\/\"}]}<\/script>\n<!-- \/ Yoast SEO plugin. -->","yoast_head_json":{"title":"Ca\u0142\u0105 klas\u0105 na wycieczk\u0119 - Gminny O\u015brodek Kultury w Bo\u0107kach","description":"Ca\u0142\u0105 klas\u0105 na wycieczk\u0119 to p\u00f3\u0142roczny projekt naszego o\u015brodka skierowany do uczni\u00f3w w naszej Gminie. Bior\u0105 w nim udzia\u0142 dwie szko\u0142y z Gminy...","robots":{"index":"index","follow":"follow","max-snippet":"max-snippet:-1","max-image-preview":"max-image-preview:large","max-video-preview":"max-video-preview:-1"},"canonical":"https:\/\/gokbocki.pl\/index.php\/2021\/12\/26\/cala-klasa-na-wycieczke\/","og_locale":"pl_PL","og_type":"article","og_title":"Ca\u0142\u0105 klas\u0105 na wycieczk\u0119 - Gminny O\u015brodek Kultury w Bo\u0107kach","og_description":"Ca\u0142\u0105 klas\u0105 na wycieczk\u0119 to p\u00f3\u0142roczny projekt naszego o\u015brodka skierowany do uczni\u00f3w w naszej Gminie. Bior\u0105 w nim udzia\u0142 dwie szko\u0142y z Gminy...","og_url":"https:\/\/gokbocki.pl\/index.php\/2021\/12\/26\/cala-klasa-na-wycieczke\/","og_site_name":"Gminny O\u015brodek Kultury w Bo\u0107kach","article_published_time":"2021-12-26T17:59:00+00:00","article_modified_time":"2021-12-23T13:48:52+00:00","og_image":[{"width":724,"height":1024,"url":"https:\/\/gokbocki.pl\/wp-content\/uploads\/2021\/12\/Back-to-School-1-724x1024.png","type":"image\/png"}],"author":"admin","twitter_card":"summary_large_image","twitter_misc":{"Napisane przez":"admin","Szacowany czas czytania":"1 minuta"},"schema":{"@context":"https:\/\/schema.org","@graph":[{"@type":"WebPage","@id":"https:\/\/gokbocki.pl\/index.php\/2021\/12\/26\/cala-klasa-na-wycieczke\/","url":"https:\/\/gokbocki.pl\/index.php\/2021\/12\/26\/cala-klasa-na-wycieczke\/","name":"Ca\u0142\u0105 klas\u0105 na wycieczk\u0119 - Gminny O\u015brodek Kultury w Bo\u0107kach","isPartOf":{"@id":"https:\/\/gokbocki.pl\/#website"},"datePublished":"2021-12-26T17:59:00+00:00","dateModified":"2021-12-23T13:48:52+00:00","author":{"@id":"https:\/\/gokbocki.pl\/#\/schema\/person\/32a0381e1f259128348b84ce4d001412"},"description":"Ca\u0142\u0105 klas\u0105 na wycieczk\u0119 to p\u00f3\u0142roczny projekt naszego o\u015brodka skierowany do uczni\u00f3w w naszej Gminie. Bior\u0105 w nim udzia\u0142 dwie szko\u0142y z Gminy...","breadcrumb":{"@id":"https:\/\/gokbocki.pl\/index.php\/2021\/12\/26\/cala-klasa-na-wycieczke\/#breadcrumb"},"inLanguage":"pl-PL","potentialAction":[{"@type":"ReadAction","target":["https:\/\/gokbocki.pl\/index.php\/2021\/12\/26\/cala-klasa-na-wycieczke\/"]}]},{"@type":"BreadcrumbList","@id":"https:\/\/gokbocki.pl\/index.php\/2021\/12\/26\/cala-klasa-na-wycieczke\/#breadcrumb","itemListElement":[{"@type":"ListItem","position":1,"name":"Strona g\u0142\u00f3wna","item":"https:\/\/gokbocki.pl\/"},{"@type":"ListItem","position":2,"name":"Ca\u0142\u0105 klas\u0105 na wycieczk\u0119"}]},{"@type":"WebSite","@id":"https:\/\/gokbocki.pl\/#website","url":"https:\/\/gokbocki.pl\/","name":"Gminny O\u015brodek Kultury w Bo\u0107kach","description":"GOK BO\u0106KI","potentialAction":[{"@type":"SearchAction","target":{"@type":"EntryPoint","urlTemplate":"https:\/\/gokbocki.pl\/?s={search_term_string}"},"query-input":"required name=search_term_string"}],"inLanguage":"pl-PL"},{"@type":"Person","@id":"https:\/\/gokbocki.pl\/#\/schema\/person\/32a0381e1f259128348b84ce4d001412","name":"admin","image":{"@type":"ImageObject","inLanguage":"pl-PL","@id":"https:\/\/gokbocki.pl\/#\/schema\/person\/image\/","url":"https:\/\/secure.gravatar.com\/avatar\/ee27fe75b11e058e31443c0a5a21fc25?s=96&d=mm&r=g","contentUrl":"https:\/\/secure.gravatar.com\/avatar\/ee27fe75b11e058e31443c0a5a21fc25?s=96&d=mm&r=g","caption":"admin"},"url":"https:\/\/gokbocki.pl\/index.php\/author\/admin\/"}]}},"_links":{"self":[{"href":"https:\/\/gokbocki.pl\/index.php\/wp-json\/wp\/v2\/posts\/3344"}],"collection":[{"href":"https:\/\/gokbocki.pl\/index.php\/wp-json\/wp\/v2\/posts"}],"about":[{"href":"https:\/\/gokbocki.pl\/index.php\/wp-json\/wp\/v2\/types\/post"}],"author":[{"embeddable":true,"href":"https:\/\/gokbocki.pl\/index.php\/wp-json\/wp\/v2\/users\/1"}],"replies":[{"embeddable":true,"href":"https:\/\/gokbocki.pl\/index.php\/wp-json\/wp\/v2\/comments?post=3344"}],"version-history":[{"count":5,"href":"https:\/\/gokbocki.pl\/index.php\/wp-json\/wp\/v2\/posts\/3344\/revisions"}],"predecessor-version":[{"id":3360,"href":"https:\/\/gokbocki.pl\/index.php\/wp-json\/wp\/v2\/posts\/3344\/revisions\/3360"}],"wp:featuredmedia":[{"embeddable":true,"href":"https:\/\/gokbocki.pl\/index.php\/wp-json\/wp\/v2\/media\/3345"}],"wp:attachment":[{"href":"https:\/\/gokbocki.pl\/index.php\/wp-json\/wp\/v2\/media?parent=3344"}],"wp:term":[{"taxonomy":"category","embeddable":true,"href":"https:\/\/gokbocki.pl\/index.php\/wp-json\/wp\/v2\/categories?post=3344"},{"taxonomy":"post_tag","embeddable":true,"href":"https:\/\/gokbocki.pl\/index.php\/wp-json\/wp\/v2\/tags?post=3344"}],"curies":[{"name":"wp","href":"https:\/\/api.w.org\/{rel}","templated":true}]}}