{"id":3585,"date":"2022-03-30T14:54:36","date_gmt":"2022-03-30T12:54:36","guid":{"rendered":"https:\/\/gokbocki.pl\/?p=3585"},"modified":"2022-03-30T14:55:00","modified_gmt":"2022-03-30T12:55:00","slug":"wernisaz-prac-w-dubnie","status":"publish","type":"post","link":"https:\/\/gokbocki.pl\/index.php\/2022\/03\/30\/wernisaz-prac-w-dubnie\/","title":{"rendered":"Wernisa\u017c prac w Dubnie"},"content":{"rendered":"\n<p>W pi\u0105tek, <strong>8 Kwietnia <\/strong>zapraszamy na <a href=\"https:\/\/fb.me\/e\/2jZbabvCw\">Wernisa\u017c prac Tymoteusza Mu\u015bki <\/a>w \u015awietlicy wiejskiej w Dubnie.<br><br><strong>Tymoteusz Mu\u015bko<\/strong> urodzi\u0142 si\u0119 w 1917 roku w Monastyrsku. W 1920 roku powr\u00f3ci\u0142 wraz z matk\u0105 do Dubna &#8211; niewielkiej wsi po\u0142o\u017conej w wojew\u00f3dztwie podlaskim. W trakcie wojny parali\u017cowi uleg\u0142a jego prawa r\u0119ka, noga oraz cz\u0119\u015b\u0107 twarzy co skutkowa\u0142o upo\u015bledzeniem w m\u00f3wieniu oraz poruszaniu si\u0119. Mimo u\u0142omno\u015bci pomaga\u0142 na roli. W wolnych chwilach malowa\u0142, nikt jednak nie przywi\u0105zywa\u0142 uwagi do przejawianego przez niego talentu. Najstarsi mieszka\u0144cy Dubna, albo ludzie, kt\u00f3rzy znaj\u0105 go z opowie\u015bci wspominaj\u0105 go jako pogodnego cz\u0142owieka, kt\u00f3ry mimo przeciwno\u015bci potrafi\u0142 si\u0119 cieszy\u0107. <\/p>\n\n\n\n<p>Po \u015bmierci matki sprzeda\u0142 gospodarstwo. Jego \u017cyciowa droga prowadzi\u0142a go do Domu Pomocy Spo\u0142ecznej w Suwa\u0142kach. Tam te\u017c, w\u0119druj\u0105c po mie\u015bcie z krzese\u0142kiem i przyborami do malowania, tworzy\u0142 wi\u0119kszo\u015b\u0107 swoich obraz\u00f3w. W 1984 trafi\u0142 do W\u0119gorzewa, gdzie umiera. Zostaje pochowany obok ukochanej matki na cmentarzu w Dubnie. Od tego momentu pami\u0119\u0107 o nim powoli zaczyna gasn\u0105\u0107. Tworzy\u0142 pejza\u017ce, portrety oraz sceny rodzajowe. Wszystko w nurcie prymitywizmu.<\/p>\n\n\n\n<figure class=\"wp-block-image size-large\"><img decoding=\"async\" loading=\"lazy\" width=\"724\" height=\"1024\" src=\"https:\/\/gokbocki.pl\/wp-content\/uploads\/2022\/03\/Black-Minimalist-Aesthetic-Exhibition-Illustration-Center-Align-Flyer-1-724x1024.png\" alt=\"wernisa\u017c prac w dubnie\" class=\"wp-image-3588\" srcset=\"https:\/\/gokbocki.pl\/wp-content\/uploads\/2022\/03\/Black-Minimalist-Aesthetic-Exhibition-Illustration-Center-Align-Flyer-1-724x1024.png 724w, https:\/\/gokbocki.pl\/wp-content\/uploads\/2022\/03\/Black-Minimalist-Aesthetic-Exhibition-Illustration-Center-Align-Flyer-1-212x300.png 212w, https:\/\/gokbocki.pl\/wp-content\/uploads\/2022\/03\/Black-Minimalist-Aesthetic-Exhibition-Illustration-Center-Align-Flyer-1-768x1086.png 768w, https:\/\/gokbocki.pl\/wp-content\/uploads\/2022\/03\/Black-Minimalist-Aesthetic-Exhibition-Illustration-Center-Align-Flyer-1-1086x1536.png 1086w, https:\/\/gokbocki.pl\/wp-content\/uploads\/2022\/03\/Black-Minimalist-Aesthetic-Exhibition-Illustration-Center-Align-Flyer-1-820x1160.png 820w, https:\/\/gokbocki.pl\/wp-content\/uploads\/2022\/03\/Black-Minimalist-Aesthetic-Exhibition-Illustration-Center-Align-Flyer-1.png 1414w\" sizes=\"(max-width: 724px) 100vw, 724px\" \/><\/figure>\n\n\n\n<p><br><br>Tymoteusz Mu\u015bko to artysta, kt\u00f3rego wychowa\u0142a nasza ziemia, dlatego bardzo cieszymy si\u0119 na my\u015bl o wystawie jego obraz\u00f3w. <strong>Dzi\u0119kujemy serdecznie P.O. Dyrektora Suwalskiego O\u015brodka Kultury Panu Ignacemu O\u0142owowi <\/strong>za udost\u0119pnienie prac Tymoteusza Mu\u015bki i mo\u017cliwo\u015b\u0107 zorganizowania wystawy przez Gminny O\u015brodek Kultury w Bo\u0107kach.<br><br><strong>Wernisa\u017c prac odb\u0119dzie si\u0119 o 18:00, 8 kwietnia<\/strong> w \u015awietlicy w Dubnie. Wst\u0119p jest bezp\u0142atny.<br><br>Przypominamy r\u00f3wnie\u017c o trwaj\u0105cych konkursach Wielkanocnych:<br><a href=\"https:\/\/gokbocki.pl\/index.php\/2022\/03\/26\/wielkanocny-konkurs\/\">Konkurs na kartk\u0119 \u015bwi\u0105teczn\u0105<\/a><br><a href=\"https:\/\/gokbocki.pl\/index.php\/2022\/03\/26\/najpiekniejsza-palma-wielkanocna\/\">Konkurs fotograficzny na najpi\u0119kniejsz\u0105 rodzinn\u0105 palm\u0119 Wielkanocn\u0105<\/a><\/p>\n","protected":false},"excerpt":{"rendered":"<p>W pi\u0105tek, 8 Kwietnia zapraszamy na Wernisa\u017c prac Tymoteusza Mu\u015bki w \u015awietlicy wiejskiej w Dubnie. Tymoteusz Mu\u015bko urodzi\u0142 si\u0119 w 1917 roku w Monastyrsku. W 1920 roku powr\u00f3ci\u0142 wraz z matk\u0105 do Dubna &#8211; niewielkiej wsi po\u0142o\u017conej w wojew\u00f3dztwie podlaskim. W trakcie wojny parali\u017cowi uleg\u0142a jego prawa r\u0119ka, noga oraz cz\u0119\u015b\u0107 twarzy co skutkowa\u0142o upo\u015bledzeniem [&hellip;]<\/p>\n","protected":false},"author":1,"featured_media":3587,"comment_status":"open","ping_status":"open","sticky":false,"template":"","format":"standard","meta":[],"categories":[24],"tags":[],"yoast_head":"<!-- This site is optimized with the Yoast SEO plugin v20.2.1 - https:\/\/yoast.com\/wordpress\/plugins\/seo\/ -->\n<title>Wernisa\u017c prac w Dubnie - Gminny O\u015brodek Kultury w Bo\u0107kach<\/title>\n<meta name=\"description\" content=\"Wernisa\u017c prac Tymoteusza Mu\u015bki odb\u0119dzie si\u0119 w pi\u0105tek, 8 kwietnia o 18:00 w \u015awietlicy wiejskiej w Dubnie. Wst\u0119p jest bezp\u0142atny.\" \/>\n<meta name=\"robots\" content=\"index, follow, max-snippet:-1, max-image-preview:large, max-video-preview:-1\" \/>\n<link rel=\"canonical\" href=\"https:\/\/gokbocki.pl\/index.php\/2022\/03\/30\/wernisaz-prac-w-dubnie\/\" \/>\n<meta property=\"og:locale\" content=\"pl_PL\" \/>\n<meta property=\"og:type\" content=\"article\" \/>\n<meta property=\"og:title\" content=\"Wernisa\u017c prac w Dubnie - Gminny O\u015brodek Kultury w Bo\u0107kach\" \/>\n<meta property=\"og:description\" content=\"Wernisa\u017c prac Tymoteusza Mu\u015bki odb\u0119dzie si\u0119 w pi\u0105tek, 8 kwietnia o 18:00 w \u015awietlicy wiejskiej w Dubnie. Wst\u0119p jest bezp\u0142atny.\" \/>\n<meta property=\"og:url\" content=\"https:\/\/gokbocki.pl\/index.php\/2022\/03\/30\/wernisaz-prac-w-dubnie\/\" \/>\n<meta property=\"og:site_name\" content=\"Gminny O\u015brodek Kultury w Bo\u0107kach\" \/>\n<meta property=\"article:published_time\" content=\"2022-03-30T12:54:36+00:00\" \/>\n<meta property=\"article:modified_time\" content=\"2022-03-30T12:55:00+00:00\" \/>\n<meta property=\"og:image\" content=\"https:\/\/gokbocki.pl\/wp-content\/uploads\/2022\/03\/SYMBOLICZNE-PRZEKAZANIE-PRAC-TYMOTEUSZA-MUSKI-NA-WYSTAWE.png\" \/>\n\t<meta property=\"og:image:width\" content=\"940\" \/>\n\t<meta property=\"og:image:height\" content=\"788\" \/>\n\t<meta property=\"og:image:type\" content=\"image\/png\" \/>\n<meta name=\"author\" content=\"admin\" \/>\n<meta name=\"twitter:card\" content=\"summary_large_image\" \/>\n<meta name=\"twitter:label1\" content=\"Napisane przez\" \/>\n\t<meta name=\"twitter:data1\" content=\"admin\" \/>\n\t<meta name=\"twitter:label2\" content=\"Szacowany czas czytania\" \/>\n\t<meta name=\"twitter:data2\" content=\"2 minuty\" \/>\n<script type=\"application\/ld+json\" class=\"yoast-schema-graph\">{\"@context\":\"https:\/\/schema.org\",\"@graph\":[{\"@type\":\"WebPage\",\"@id\":\"https:\/\/gokbocki.pl\/index.php\/2022\/03\/30\/wernisaz-prac-w-dubnie\/\",\"url\":\"https:\/\/gokbocki.pl\/index.php\/2022\/03\/30\/wernisaz-prac-w-dubnie\/\",\"name\":\"Wernisa\u017c prac w Dubnie - Gminny O\u015brodek Kultury w Bo\u0107kach\",\"isPartOf\":{\"@id\":\"https:\/\/gokbocki.pl\/#website\"},\"datePublished\":\"2022-03-30T12:54:36+00:00\",\"dateModified\":\"2022-03-30T12:55:00+00:00\",\"author\":{\"@id\":\"https:\/\/gokbocki.pl\/#\/schema\/person\/32a0381e1f259128348b84ce4d001412\"},\"description\":\"Wernisa\u017c prac Tymoteusza Mu\u015bki odb\u0119dzie si\u0119 w pi\u0105tek, 8 kwietnia o 18:00 w \u015awietlicy wiejskiej w Dubnie. Wst\u0119p jest bezp\u0142atny.\",\"breadcrumb\":{\"@id\":\"https:\/\/gokbocki.pl\/index.php\/2022\/03\/30\/wernisaz-prac-w-dubnie\/#breadcrumb\"},\"inLanguage\":\"pl-PL\",\"potentialAction\":[{\"@type\":\"ReadAction\",\"target\":[\"https:\/\/gokbocki.pl\/index.php\/2022\/03\/30\/wernisaz-prac-w-dubnie\/\"]}]},{\"@type\":\"BreadcrumbList\",\"@id\":\"https:\/\/gokbocki.pl\/index.php\/2022\/03\/30\/wernisaz-prac-w-dubnie\/#breadcrumb\",\"itemListElement\":[{\"@type\":\"ListItem\",\"position\":1,\"name\":\"Strona g\u0142\u00f3wna\",\"item\":\"https:\/\/gokbocki.pl\/\"},{\"@type\":\"ListItem\",\"position\":2,\"name\":\"Wernisa\u017c prac w Dubnie\"}]},{\"@type\":\"WebSite\",\"@id\":\"https:\/\/gokbocki.pl\/#website\",\"url\":\"https:\/\/gokbocki.pl\/\",\"name\":\"Gminny O\u015brodek Kultury w Bo\u0107kach\",\"description\":\"GOK BO\u0106KI\",\"potentialAction\":[{\"@type\":\"SearchAction\",\"target\":{\"@type\":\"EntryPoint\",\"urlTemplate\":\"https:\/\/gokbocki.pl\/?s={search_term_string}\"},\"query-input\":\"required name=search_term_string\"}],\"inLanguage\":\"pl-PL\"},{\"@type\":\"Person\",\"@id\":\"https:\/\/gokbocki.pl\/#\/schema\/person\/32a0381e1f259128348b84ce4d001412\",\"name\":\"admin\",\"image\":{\"@type\":\"ImageObject\",\"inLanguage\":\"pl-PL\",\"@id\":\"https:\/\/gokbocki.pl\/#\/schema\/person\/image\/\",\"url\":\"https:\/\/secure.gravatar.com\/avatar\/ee27fe75b11e058e31443c0a5a21fc25?s=96&d=mm&r=g\",\"contentUrl\":\"https:\/\/secure.gravatar.com\/avatar\/ee27fe75b11e058e31443c0a5a21fc25?s=96&d=mm&r=g\",\"caption\":\"admin\"},\"url\":\"https:\/\/gokbocki.pl\/index.php\/author\/admin\/\"}]}<\/script>\n<!-- \/ Yoast SEO plugin. -->","yoast_head_json":{"title":"Wernisa\u017c prac w Dubnie - Gminny O\u015brodek Kultury w Bo\u0107kach","description":"Wernisa\u017c prac Tymoteusza Mu\u015bki odb\u0119dzie si\u0119 w pi\u0105tek, 8 kwietnia o 18:00 w \u015awietlicy wiejskiej w Dubnie. Wst\u0119p jest bezp\u0142atny.","robots":{"index":"index","follow":"follow","max-snippet":"max-snippet:-1","max-image-preview":"max-image-preview:large","max-video-preview":"max-video-preview:-1"},"canonical":"https:\/\/gokbocki.pl\/index.php\/2022\/03\/30\/wernisaz-prac-w-dubnie\/","og_locale":"pl_PL","og_type":"article","og_title":"Wernisa\u017c prac w Dubnie - Gminny O\u015brodek Kultury w Bo\u0107kach","og_description":"Wernisa\u017c prac Tymoteusza Mu\u015bki odb\u0119dzie si\u0119 w pi\u0105tek, 8 kwietnia o 18:00 w \u015awietlicy wiejskiej w Dubnie. Wst\u0119p jest bezp\u0142atny.","og_url":"https:\/\/gokbocki.pl\/index.php\/2022\/03\/30\/wernisaz-prac-w-dubnie\/","og_site_name":"Gminny O\u015brodek Kultury w Bo\u0107kach","article_published_time":"2022-03-30T12:54:36+00:00","article_modified_time":"2022-03-30T12:55:00+00:00","og_image":[{"width":940,"height":788,"url":"https:\/\/gokbocki.pl\/wp-content\/uploads\/2022\/03\/SYMBOLICZNE-PRZEKAZANIE-PRAC-TYMOTEUSZA-MUSKI-NA-WYSTAWE.png","type":"image\/png"}],"author":"admin","twitter_card":"summary_large_image","twitter_misc":{"Napisane przez":"admin","Szacowany czas czytania":"2 minuty"},"schema":{"@context":"https:\/\/schema.org","@graph":[{"@type":"WebPage","@id":"https:\/\/gokbocki.pl\/index.php\/2022\/03\/30\/wernisaz-prac-w-dubnie\/","url":"https:\/\/gokbocki.pl\/index.php\/2022\/03\/30\/wernisaz-prac-w-dubnie\/","name":"Wernisa\u017c prac w Dubnie - Gminny O\u015brodek Kultury w Bo\u0107kach","isPartOf":{"@id":"https:\/\/gokbocki.pl\/#website"},"datePublished":"2022-03-30T12:54:36+00:00","dateModified":"2022-03-30T12:55:00+00:00","author":{"@id":"https:\/\/gokbocki.pl\/#\/schema\/person\/32a0381e1f259128348b84ce4d001412"},"description":"Wernisa\u017c prac Tymoteusza Mu\u015bki odb\u0119dzie si\u0119 w pi\u0105tek, 8 kwietnia o 18:00 w \u015awietlicy wiejskiej w Dubnie. Wst\u0119p jest bezp\u0142atny.","breadcrumb":{"@id":"https:\/\/gokbocki.pl\/index.php\/2022\/03\/30\/wernisaz-prac-w-dubnie\/#breadcrumb"},"inLanguage":"pl-PL","potentialAction":[{"@type":"ReadAction","target":["https:\/\/gokbocki.pl\/index.php\/2022\/03\/30\/wernisaz-prac-w-dubnie\/"]}]},{"@type":"BreadcrumbList","@id":"https:\/\/gokbocki.pl\/index.php\/2022\/03\/30\/wernisaz-prac-w-dubnie\/#breadcrumb","itemListElement":[{"@type":"ListItem","position":1,"name":"Strona g\u0142\u00f3wna","item":"https:\/\/gokbocki.pl\/"},{"@type":"ListItem","position":2,"name":"Wernisa\u017c prac w Dubnie"}]},{"@type":"WebSite","@id":"https:\/\/gokbocki.pl\/#website","url":"https:\/\/gokbocki.pl\/","name":"Gminny O\u015brodek Kultury w Bo\u0107kach","description":"GOK BO\u0106KI","potentialAction":[{"@type":"SearchAction","target":{"@type":"EntryPoint","urlTemplate":"https:\/\/gokbocki.pl\/?s={search_term_string}"},"query-input":"required name=search_term_string"}],"inLanguage":"pl-PL"},{"@type":"Person","@id":"https:\/\/gokbocki.pl\/#\/schema\/person\/32a0381e1f259128348b84ce4d001412","name":"admin","image":{"@type":"ImageObject","inLanguage":"pl-PL","@id":"https:\/\/gokbocki.pl\/#\/schema\/person\/image\/","url":"https:\/\/secure.gravatar.com\/avatar\/ee27fe75b11e058e31443c0a5a21fc25?s=96&d=mm&r=g","contentUrl":"https:\/\/secure.gravatar.com\/avatar\/ee27fe75b11e058e31443c0a5a21fc25?s=96&d=mm&r=g","caption":"admin"},"url":"https:\/\/gokbocki.pl\/index.php\/author\/admin\/"}]}},"_links":{"self":[{"href":"https:\/\/gokbocki.pl\/index.php\/wp-json\/wp\/v2\/posts\/3585"}],"collection":[{"href":"https:\/\/gokbocki.pl\/index.php\/wp-json\/wp\/v2\/posts"}],"about":[{"href":"https:\/\/gokbocki.pl\/index.php\/wp-json\/wp\/v2\/types\/post"}],"author":[{"embeddable":true,"href":"https:\/\/gokbocki.pl\/index.php\/wp-json\/wp\/v2\/users\/1"}],"replies":[{"embeddable":true,"href":"https:\/\/gokbocki.pl\/index.php\/wp-json\/wp\/v2\/comments?post=3585"}],"version-history":[{"count":3,"href":"https:\/\/gokbocki.pl\/index.php\/wp-json\/wp\/v2\/posts\/3585\/revisions"}],"predecessor-version":[{"id":3591,"href":"https:\/\/gokbocki.pl\/index.php\/wp-json\/wp\/v2\/posts\/3585\/revisions\/3591"}],"wp:featuredmedia":[{"embeddable":true,"href":"https:\/\/gokbocki.pl\/index.php\/wp-json\/wp\/v2\/media\/3587"}],"wp:attachment":[{"href":"https:\/\/gokbocki.pl\/index.php\/wp-json\/wp\/v2\/media?parent=3585"}],"wp:term":[{"taxonomy":"category","embeddable":true,"href":"https:\/\/gokbocki.pl\/index.php\/wp-json\/wp\/v2\/categories?post=3585"},{"taxonomy":"post_tag","embeddable":true,"href":"https:\/\/gokbocki.pl\/index.php\/wp-json\/wp\/v2\/tags?post=3585"}],"curies":[{"name":"wp","href":"https:\/\/api.w.org\/{rel}","templated":true}]}}