{"id":3607,"date":"2022-04-14T15:25:15","date_gmt":"2022-04-14T13:25:15","guid":{"rendered":"https:\/\/gokbocki.pl\/?p=3607"},"modified":"2022-04-14T15:25:16","modified_gmt":"2022-04-14T13:25:16","slug":"wernisaz-tymoteusza-muski","status":"publish","type":"post","link":"https:\/\/gokbocki.pl\/index.php\/2022\/04\/14\/wernisaz-tymoteusza-muski\/","title":{"rendered":"Wernisa\u017c Tymoteusza Mu\u015bki"},"content":{"rendered":"\n<p>W pi\u0105tek, 8 kwietnia odby\u0142 si\u0119 <a href=\"https:\/\/fb.me\/e\/2jZbabvCw\">wernisa\u017c prac plastycznych Tymoteusza Mu\u015bki.<\/a> Po wielu miesi\u0105cach pracy nad sprowadzeniem dzie\u0142 artysty (pochodz\u0105cego z Dubna) nadszed\u0142 wyczekiwany przez wielu moment &#8211; <a href=\"https:\/\/gokbocki.pl\/index.php\/2022\/03\/30\/wernisaz-prac-w-dubnie\/\">wernisa\u017c<\/a>. <br><\/p>\n\n\n\n<figure class=\"wp-block-image size-large\"><img decoding=\"async\" loading=\"lazy\" width=\"940\" height=\"788\" src=\"https:\/\/gokbocki.pl\/wp-content\/uploads\/2022\/04\/7.png\" alt=\"Wernisa\u017c Tymoteusza Mu\u015bki\" class=\"wp-image-3613\" srcset=\"https:\/\/gokbocki.pl\/wp-content\/uploads\/2022\/04\/7.png 940w, https:\/\/gokbocki.pl\/wp-content\/uploads\/2022\/04\/7-300x251.png 300w, https:\/\/gokbocki.pl\/wp-content\/uploads\/2022\/04\/7-768x644.png 768w, https:\/\/gokbocki.pl\/wp-content\/uploads\/2022\/04\/7-820x687.png 820w\" sizes=\"(max-width: 940px) 100vw, 940px\" \/><\/figure>\n\n\n\n<p><strong>Wydarzenie rozpocz\u0105\u0142 Dyrektor Gminnego O\u015brodka Kultury w Bo\u0107kach &#8211; Mateusz Sacharzewski. <\/strong>Przywita\u0142 on zgromadzonych mieszka\u0144c\u00f3w naszej gminy oraz go\u015bci. Specjalnie z Suwa\u0142k na wernisa\u017c <strong>przyjecha\u0142 Dyrektor Suwalskiego O\u015brodka Kultury pan Ignacy O\u0142\u00f3w. <\/strong><\/p>\n\n\n\n<figure class=\"is-layout-flex wp-block-gallery-1 wp-block-gallery columns-2 is-cropped\"><ul class=\"blocks-gallery-grid\"><li class=\"blocks-gallery-item\"><figure><img decoding=\"async\" loading=\"lazy\" width=\"940\" height=\"788\" src=\"https:\/\/gokbocki.pl\/wp-content\/uploads\/2022\/04\/3.png\" alt=\"\" data-id=\"3609\" data-full-url=\"https:\/\/gokbocki.pl\/wp-content\/uploads\/2022\/04\/3.png\" data-link=\"https:\/\/gokbocki.pl\/?attachment_id=3609\" class=\"wp-image-3609\" srcset=\"https:\/\/gokbocki.pl\/wp-content\/uploads\/2022\/04\/3.png 940w, https:\/\/gokbocki.pl\/wp-content\/uploads\/2022\/04\/3-300x251.png 300w, https:\/\/gokbocki.pl\/wp-content\/uploads\/2022\/04\/3-768x644.png 768w, https:\/\/gokbocki.pl\/wp-content\/uploads\/2022\/04\/3-820x687.png 820w\" sizes=\"(max-width: 940px) 100vw, 940px\" \/><figcaption class=\"blocks-gallery-item__caption\"><em>Dyrektor GOKu Mateusz Sacharzewski<\/em><\/figcaption><\/figure><\/li><li class=\"blocks-gallery-item\"><figure><img decoding=\"async\" loading=\"lazy\" width=\"940\" height=\"788\" src=\"https:\/\/gokbocki.pl\/wp-content\/uploads\/2022\/04\/5.png\" alt=\"Wernisa\u017c Tymoteusza Mu\u015bki\" data-id=\"3611\" data-full-url=\"https:\/\/gokbocki.pl\/wp-content\/uploads\/2022\/04\/5.png\" data-link=\"https:\/\/gokbocki.pl\/?attachment_id=3611\" class=\"wp-image-3611\" srcset=\"https:\/\/gokbocki.pl\/wp-content\/uploads\/2022\/04\/5.png 940w, https:\/\/gokbocki.pl\/wp-content\/uploads\/2022\/04\/5-300x251.png 300w, https:\/\/gokbocki.pl\/wp-content\/uploads\/2022\/04\/5-768x644.png 768w, https:\/\/gokbocki.pl\/wp-content\/uploads\/2022\/04\/5-820x687.png 820w\" sizes=\"(max-width: 940px) 100vw, 940px\" \/><figcaption class=\"blocks-gallery-item__caption\">Dyrektor Suwalskiego O\u015brodka Kultury pan Ignacy O\u0142\u00f3w<\/figcaption><\/figure><\/li><\/ul><\/figure>\n\n\n\n<p>G\u0142os zabra\u0142a tak\u017ce <strong>W\u00f3jt Gminy Bo\u0107ki Dorota K\u0119dra-Ptaszy\u0144ska. Pi\u0119knie opowiedzia\u0142a o tym, jak wa\u017cne jest to wydarzenie i jak ogromn\u0105 warto\u015b\u0107, nie tylko artystyczn\u0105, ale te\u017c spo\u0142eczn\u0105 ono niesie.<\/strong> Wielu mieszka\u0144c\u00f3w naszej gminy liczy\u0142o na wystaw\u0119. Z niecierpliwo\u015bci\u0105 wyczekiwali jej zw\u0142aszcza mieszka\u0144cy Dubna (jak ju\u017c wcze\u015bniej wspominali\u015bmy, to tutaj \u017cy\u0142 Mu\u015bko). <em>&#8222;Tak jak ponad 100 lat temu Tymoteusz Mu\u015bko powr\u00f3ci\u0142 do Dubna, tak teraz do Dubna powraca jego tw\u00f3rczo\u015b\u0107.&#8221;<\/em> &#8211; m\u00f3wi\u0142a W\u00f3jt.<br>Niekt\u00f3rzy &#8211; jak pan Jan <em>(na zdj\u0119ciu po prawej) <\/em>podzielili si\u0119 swoimi wspomnieniami o arty\u015bcie. <strong>Pan Jan z rado\u015bci\u0105 opowiedzia\u0142 nam histori\u0119 z dzieci\u0144stwa<\/strong>, jak to zwyk\u0142 prosi\u0107 Mu\u015bk\u0119, \u017ceby narysowa\u0142 mu konika. Inna mieszkanka wsi przywo\u0142a\u0142a zabawn\u0105 odpowied\u017a Timoszki (tak nazywali artyst\u0119 miejscowi) na zadawane przez dzieci pytania o bajk\u0119. <em>&#8222;Ska\u017cu wam skazku pro husia. I to w\u017ce wsia&#8221;<\/em> &#8211; mawia\u0142 Tymoteusz. <\/p>\n\n\n\n<figure class=\"is-layout-flex wp-block-gallery-3 wp-block-gallery columns-2 is-cropped\"><ul class=\"blocks-gallery-grid\"><li class=\"blocks-gallery-item\"><figure><img decoding=\"async\" loading=\"lazy\" width=\"940\" height=\"788\" src=\"https:\/\/gokbocki.pl\/wp-content\/uploads\/2022\/04\/4.png\" alt=\"\" data-id=\"3610\" data-full-url=\"https:\/\/gokbocki.pl\/wp-content\/uploads\/2022\/04\/4.png\" data-link=\"https:\/\/gokbocki.pl\/?attachment_id=3610\" class=\"wp-image-3610\" srcset=\"https:\/\/gokbocki.pl\/wp-content\/uploads\/2022\/04\/4.png 940w, https:\/\/gokbocki.pl\/wp-content\/uploads\/2022\/04\/4-300x251.png 300w, https:\/\/gokbocki.pl\/wp-content\/uploads\/2022\/04\/4-768x644.png 768w, https:\/\/gokbocki.pl\/wp-content\/uploads\/2022\/04\/4-820x687.png 820w\" sizes=\"(max-width: 940px) 100vw, 940px\" \/><figcaption class=\"blocks-gallery-item__caption\"><em>W\u00f3jt Gminy Bo\u0107ki Dorota K\u0119dra-Ptaszy\u0144ska<\/em><\/figcaption><\/figure><\/li><li class=\"blocks-gallery-item\"><figure><img decoding=\"async\" loading=\"lazy\" width=\"940\" height=\"788\" src=\"https:\/\/gokbocki.pl\/wp-content\/uploads\/2022\/04\/6.png\" alt=\"Wernisa\u017c Tymoteusza Mu\u015bki\" data-id=\"3612\" data-full-url=\"https:\/\/gokbocki.pl\/wp-content\/uploads\/2022\/04\/6.png\" data-link=\"https:\/\/gokbocki.pl\/?attachment_id=3612\" class=\"wp-image-3612\" srcset=\"https:\/\/gokbocki.pl\/wp-content\/uploads\/2022\/04\/6.png 940w, https:\/\/gokbocki.pl\/wp-content\/uploads\/2022\/04\/6-300x251.png 300w, https:\/\/gokbocki.pl\/wp-content\/uploads\/2022\/04\/6-768x644.png 768w, https:\/\/gokbocki.pl\/wp-content\/uploads\/2022\/04\/6-820x687.png 820w\" sizes=\"(max-width: 940px) 100vw, 940px\" \/><\/figure><\/li><\/ul><\/figure>\n\n\n\n<p><strong>Zjawi\u0142 si\u0119 r\u00f3wnie\u017c proboszcz Parafii Za\u015bni\u0119cia Matki Bo\u017cej w Bo\u0107kach Miros\u0142aw Niczyporuk. <\/strong>Wydarzeniu towarzyszy\u0142 przyjazd lokalnej stacji telewizyjnej TV Hajn\u00f3wka. Dlatego polecamy wypatrywa\u0107 reporta\u017cu. <\/p>\n\n\n\n<p>Opr\u00f3cz obraz\u00f3w, wypo\u017cyczonych GOKowi w Bo\u0107kach przez Suwalski O\u015brodek Kultury, <strong>na wystawie mo\u017cna zobaczy\u0107 prace Tymoteusza Mu\u015bki, kt\u00f3re latami znajdowa\u0142y si\u0119 w zbiorach prywatnych mieszka\u0144c\u00f3w Dubna i Nurca. <\/strong>Jeden z nich szczeg\u00f3lnie przykuwa uwag\u0119 swoj\u0105 pomys\u0142owo\u015bci\u0105. Mo\u017cna go ogl\u0105da\u0107 do g\u00f3ry nogami!<\/p>\n\n\n\n<figure class=\"is-layout-flex wp-block-gallery-5 wp-block-gallery columns-1 is-cropped\"><ul class=\"blocks-gallery-grid\"><li class=\"blocks-gallery-item\"><figure><img decoding=\"async\" loading=\"lazy\" width=\"940\" height=\"788\" src=\"https:\/\/gokbocki.pl\/wp-content\/uploads\/2022\/04\/9.png\" alt=\"Wernisa\u017c Tymoteusza Mu\u015bki\" data-id=\"3615\" data-full-url=\"https:\/\/gokbocki.pl\/wp-content\/uploads\/2022\/04\/9.png\" data-link=\"https:\/\/gokbocki.pl\/?attachment_id=3615\" class=\"wp-image-3615\" srcset=\"https:\/\/gokbocki.pl\/wp-content\/uploads\/2022\/04\/9.png 940w, https:\/\/gokbocki.pl\/wp-content\/uploads\/2022\/04\/9-300x251.png 300w, https:\/\/gokbocki.pl\/wp-content\/uploads\/2022\/04\/9-768x644.png 768w, https:\/\/gokbocki.pl\/wp-content\/uploads\/2022\/04\/9-820x687.png 820w\" sizes=\"(max-width: 940px) 100vw, 940px\" \/><\/figure><\/li><\/ul><\/figure>\n\n\n\n<figure class=\"is-layout-flex wp-block-gallery-7 wp-block-gallery columns-2 is-cropped\"><ul class=\"blocks-gallery-grid\"><li class=\"blocks-gallery-item\"><figure><img decoding=\"async\" loading=\"lazy\" width=\"940\" height=\"788\" src=\"https:\/\/gokbocki.pl\/wp-content\/uploads\/2022\/04\/8.png\" alt=\"Wernisa\u017c Tymoteusza Mu\u015bki\" data-id=\"3614\" data-full-url=\"https:\/\/gokbocki.pl\/wp-content\/uploads\/2022\/04\/8.png\" data-link=\"https:\/\/gokbocki.pl\/?attachment_id=3614\" class=\"wp-image-3614\" srcset=\"https:\/\/gokbocki.pl\/wp-content\/uploads\/2022\/04\/8.png 940w, https:\/\/gokbocki.pl\/wp-content\/uploads\/2022\/04\/8-300x251.png 300w, https:\/\/gokbocki.pl\/wp-content\/uploads\/2022\/04\/8-768x644.png 768w, https:\/\/gokbocki.pl\/wp-content\/uploads\/2022\/04\/8-820x687.png 820w\" sizes=\"(max-width: 940px) 100vw, 940px\" \/><\/figure><\/li><li class=\"blocks-gallery-item\"><figure><img decoding=\"async\" loading=\"lazy\" width=\"940\" height=\"788\" src=\"https:\/\/gokbocki.pl\/wp-content\/uploads\/2022\/04\/10.png\" alt=\"Wernisa\u017c Tymoteusza Mu\u015bki\" data-id=\"3616\" data-full-url=\"https:\/\/gokbocki.pl\/wp-content\/uploads\/2022\/04\/10.png\" data-link=\"https:\/\/gokbocki.pl\/?attachment_id=3616\" class=\"wp-image-3616\" srcset=\"https:\/\/gokbocki.pl\/wp-content\/uploads\/2022\/04\/10.png 940w, https:\/\/gokbocki.pl\/wp-content\/uploads\/2022\/04\/10-300x251.png 300w, https:\/\/gokbocki.pl\/wp-content\/uploads\/2022\/04\/10-768x644.png 768w, https:\/\/gokbocki.pl\/wp-content\/uploads\/2022\/04\/10-820x687.png 820w\" sizes=\"(max-width: 940px) 100vw, 940px\" \/><\/figure><\/li><\/ul><\/figure>\n\n\n\n<h2>Dzia\u0142ania Klubu Senior + z Dubna<\/h2>\n\n\n\n<p><strong>Na wielkie s\u0142owa uznania dla dzia\u0142a\u0144 zas\u0142u\u017cy\u0142 Klub Senior + z Dubna. <\/strong>Wernisa\u017c Tymoteusza Mu\u015bki zako\u0144czy\u0142 si\u0119 bankietem przygotowanym przez wspomniany Klub. <strong>By\u0142 pyszny tort i domowe, bardzo smaczne przystawki. Ponadto, jak nakazuje tradycja wernisa\u017cu, go\u015bcie mogli pocz\u0119stowa\u0107 si\u0119 winem<\/strong>. <\/p>\n\n\n\n<figure class=\"wp-block-image size-large\"><img decoding=\"async\" loading=\"lazy\" width=\"940\" height=\"788\" src=\"https:\/\/gokbocki.pl\/wp-content\/uploads\/2022\/04\/11.png\" alt=\"Wernisa\u017c Tymoteusza Mu\u015bki\" class=\"wp-image-3617\" srcset=\"https:\/\/gokbocki.pl\/wp-content\/uploads\/2022\/04\/11.png 940w, https:\/\/gokbocki.pl\/wp-content\/uploads\/2022\/04\/11-300x251.png 300w, https:\/\/gokbocki.pl\/wp-content\/uploads\/2022\/04\/11-768x644.png 768w, https:\/\/gokbocki.pl\/wp-content\/uploads\/2022\/04\/11-820x687.png 820w\" sizes=\"(max-width: 940px) 100vw, 940px\" \/><\/figure>\n\n\n\n<figure class=\"is-layout-flex wp-block-gallery-9 wp-block-gallery columns-3 is-cropped\"><ul class=\"blocks-gallery-grid\"><li class=\"blocks-gallery-item\"><figure><img decoding=\"async\" loading=\"lazy\" width=\"940\" height=\"788\" src=\"https:\/\/gokbocki.pl\/wp-content\/uploads\/2022\/04\/13.png\" alt=\"\" data-id=\"3619\" data-full-url=\"https:\/\/gokbocki.pl\/wp-content\/uploads\/2022\/04\/13.png\" data-link=\"https:\/\/gokbocki.pl\/?attachment_id=3619\" class=\"wp-image-3619\" srcset=\"https:\/\/gokbocki.pl\/wp-content\/uploads\/2022\/04\/13.png 940w, https:\/\/gokbocki.pl\/wp-content\/uploads\/2022\/04\/13-300x251.png 300w, https:\/\/gokbocki.pl\/wp-content\/uploads\/2022\/04\/13-768x644.png 768w, https:\/\/gokbocki.pl\/wp-content\/uploads\/2022\/04\/13-820x687.png 820w\" sizes=\"(max-width: 940px) 100vw, 940px\" \/><\/figure><\/li><li class=\"blocks-gallery-item\"><figure><img decoding=\"async\" loading=\"lazy\" width=\"940\" height=\"788\" src=\"https:\/\/gokbocki.pl\/wp-content\/uploads\/2022\/04\/14.png\" alt=\"\" data-id=\"3620\" data-full-url=\"https:\/\/gokbocki.pl\/wp-content\/uploads\/2022\/04\/14.png\" data-link=\"https:\/\/gokbocki.pl\/?attachment_id=3620\" class=\"wp-image-3620\" srcset=\"https:\/\/gokbocki.pl\/wp-content\/uploads\/2022\/04\/14.png 940w, https:\/\/gokbocki.pl\/wp-content\/uploads\/2022\/04\/14-300x251.png 300w, https:\/\/gokbocki.pl\/wp-content\/uploads\/2022\/04\/14-768x644.png 768w, https:\/\/gokbocki.pl\/wp-content\/uploads\/2022\/04\/14-820x687.png 820w\" sizes=\"(max-width: 940px) 100vw, 940px\" \/><\/figure><\/li><li class=\"blocks-gallery-item\"><figure><img decoding=\"async\" loading=\"lazy\" width=\"940\" height=\"788\" src=\"https:\/\/gokbocki.pl\/wp-content\/uploads\/2022\/04\/12.png\" alt=\"Wernisa\u017c Tymoteusza Mu\u015bki\" data-id=\"3618\" data-full-url=\"https:\/\/gokbocki.pl\/wp-content\/uploads\/2022\/04\/12.png\" data-link=\"https:\/\/gokbocki.pl\/?attachment_id=3618\" class=\"wp-image-3618\" srcset=\"https:\/\/gokbocki.pl\/wp-content\/uploads\/2022\/04\/12.png 940w, https:\/\/gokbocki.pl\/wp-content\/uploads\/2022\/04\/12-300x251.png 300w, https:\/\/gokbocki.pl\/wp-content\/uploads\/2022\/04\/12-768x644.png 768w, https:\/\/gokbocki.pl\/wp-content\/uploads\/2022\/04\/12-820x687.png 820w\" sizes=\"(max-width: 940px) 100vw, 940px\" \/><\/figure><\/li><\/ul><figcaption class=\"blocks-gallery-caption\">Bankiet przygotowany przez Senior\u00f3w<\/figcaption><\/figure>\n\n\n\n<p><strong>Na zako\u0144czenie, chcieliby\u015bmy serdecznie zach\u0119ci\u0107 do indywidualnych odwiedzin wystawy. W zwi\u0105zku z tym dzwo\u0144cie: 85 731 30 43 lub 667 396 595<\/strong><\/p>\n\n\n\n<figure class=\"wp-block-video\"><video controls src=\"https:\/\/gokbocki.pl\/wp-content\/uploads\/2022\/04\/SYMBOLICZNE-PRZEKAZANIE-PRAC-TYMOTEUSZA-MUSKI-NA-WYSTAWE-Relacja-na-Facebooku1.mp4\"><\/video><\/figure>\n\n\n\n<figure class=\"is-layout-flex wp-block-gallery-11 wp-block-gallery columns-1 is-cropped\"><ul class=\"blocks-gallery-grid\"><li class=\"blocks-gallery-item\"><figure><img decoding=\"async\" loading=\"lazy\" width=\"940\" height=\"788\" src=\"https:\/\/gokbocki.pl\/wp-content\/uploads\/2022\/04\/15.png\" alt=\"\" data-id=\"3621\" data-full-url=\"https:\/\/gokbocki.pl\/wp-content\/uploads\/2022\/04\/15.png\" data-link=\"https:\/\/gokbocki.pl\/?attachment_id=3621\" class=\"wp-image-3621\" srcset=\"https:\/\/gokbocki.pl\/wp-content\/uploads\/2022\/04\/15.png 940w, https:\/\/gokbocki.pl\/wp-content\/uploads\/2022\/04\/15-300x251.png 300w, https:\/\/gokbocki.pl\/wp-content\/uploads\/2022\/04\/15-768x644.png 768w, https:\/\/gokbocki.pl\/wp-content\/uploads\/2022\/04\/15-820x687.png 820w\" sizes=\"(max-width: 940px) 100vw, 940px\" \/><\/figure><\/li><\/ul><\/figure>\n","protected":false},"excerpt":{"rendered":"<p>W pi\u0105tek, 8 kwietnia odby\u0142 si\u0119 wernisa\u017c prac plastycznych Tymoteusza Mu\u015bki. Po wielu miesi\u0105cach pracy nad sprowadzeniem dzie\u0142 artysty (pochodz\u0105cego z Dubna) nadszed\u0142 wyczekiwany przez wielu moment &#8211; wernisa\u017c. Wydarzenie rozpocz\u0105\u0142 Dyrektor Gminnego O\u015brodka Kultury w Bo\u0107kach &#8211; Mateusz Sacharzewski. Przywita\u0142 on zgromadzonych mieszka\u0144c\u00f3w naszej gminy oraz go\u015bci. Specjalnie z Suwa\u0142k na wernisa\u017c przyjecha\u0142 Dyrektor [&hellip;]<\/p>\n","protected":false},"author":1,"featured_media":3608,"comment_status":"open","ping_status":"open","sticky":false,"template":"","format":"standard","meta":[],"categories":[24,21,17],"tags":[],"yoast_head":"<!-- This site is optimized with the Yoast SEO plugin v20.2.1 - https:\/\/yoast.com\/wordpress\/plugins\/seo\/ -->\n<title>Wernisa\u017c Tymoteusza Mu\u015bki - Gminny O\u015brodek Kultury w Bo\u0107kach<\/title>\n<meta name=\"description\" content=\"W pi\u0105tek, 8 kwietnia odby\u0142 si\u0119 wernisa\u017c prac plastycznych Tymoteusza Mu\u015bki. Dzie\u0142a artysty powr\u00f3ci\u0142y w jego rodzinne strony.\" \/>\n<meta name=\"robots\" content=\"index, follow, max-snippet:-1, max-image-preview:large, max-video-preview:-1\" \/>\n<link rel=\"canonical\" href=\"https:\/\/gokbocki.pl\/index.php\/2022\/04\/14\/wernisaz-tymoteusza-muski\/\" \/>\n<meta property=\"og:locale\" content=\"pl_PL\" \/>\n<meta property=\"og:type\" content=\"article\" \/>\n<meta property=\"og:title\" content=\"Wernisa\u017c Tymoteusza Mu\u015bki - Gminny O\u015brodek Kultury w Bo\u0107kach\" \/>\n<meta property=\"og:description\" content=\"W pi\u0105tek, 8 kwietnia odby\u0142 si\u0119 wernisa\u017c prac plastycznych Tymoteusza Mu\u015bki. Dzie\u0142a artysty powr\u00f3ci\u0142y w jego rodzinne strony.\" \/>\n<meta property=\"og:url\" content=\"https:\/\/gokbocki.pl\/index.php\/2022\/04\/14\/wernisaz-tymoteusza-muski\/\" \/>\n<meta property=\"og:site_name\" content=\"Gminny O\u015brodek Kultury w Bo\u0107kach\" \/>\n<meta property=\"article:published_time\" content=\"2022-04-14T13:25:15+00:00\" \/>\n<meta property=\"article:modified_time\" content=\"2022-04-14T13:25:16+00:00\" \/>\n<meta property=\"og:image\" content=\"https:\/\/gokbocki.pl\/wp-content\/uploads\/2022\/04\/2.png\" \/>\n\t<meta property=\"og:image:width\" content=\"940\" \/>\n\t<meta property=\"og:image:height\" content=\"788\" \/>\n\t<meta property=\"og:image:type\" content=\"image\/png\" \/>\n<meta name=\"author\" content=\"admin\" \/>\n<meta name=\"twitter:card\" content=\"summary_large_image\" \/>\n<meta name=\"twitter:label1\" content=\"Napisane przez\" \/>\n\t<meta name=\"twitter:data1\" content=\"admin\" \/>\n\t<meta name=\"twitter:label2\" content=\"Szacowany czas czytania\" \/>\n\t<meta name=\"twitter:data2\" content=\"5 minut\" \/>\n<script type=\"application\/ld+json\" class=\"yoast-schema-graph\">{\"@context\":\"https:\/\/schema.org\",\"@graph\":[{\"@type\":\"WebPage\",\"@id\":\"https:\/\/gokbocki.pl\/index.php\/2022\/04\/14\/wernisaz-tymoteusza-muski\/\",\"url\":\"https:\/\/gokbocki.pl\/index.php\/2022\/04\/14\/wernisaz-tymoteusza-muski\/\",\"name\":\"Wernisa\u017c Tymoteusza Mu\u015bki - Gminny O\u015brodek Kultury w Bo\u0107kach\",\"isPartOf\":{\"@id\":\"https:\/\/gokbocki.pl\/#website\"},\"datePublished\":\"2022-04-14T13:25:15+00:00\",\"dateModified\":\"2022-04-14T13:25:16+00:00\",\"author\":{\"@id\":\"https:\/\/gokbocki.pl\/#\/schema\/person\/32a0381e1f259128348b84ce4d001412\"},\"description\":\"W pi\u0105tek, 8 kwietnia odby\u0142 si\u0119 wernisa\u017c prac plastycznych Tymoteusza Mu\u015bki. Dzie\u0142a artysty powr\u00f3ci\u0142y w jego rodzinne strony.\",\"breadcrumb\":{\"@id\":\"https:\/\/gokbocki.pl\/index.php\/2022\/04\/14\/wernisaz-tymoteusza-muski\/#breadcrumb\"},\"inLanguage\":\"pl-PL\",\"potentialAction\":[{\"@type\":\"ReadAction\",\"target\":[\"https:\/\/gokbocki.pl\/index.php\/2022\/04\/14\/wernisaz-tymoteusza-muski\/\"]}]},{\"@type\":\"BreadcrumbList\",\"@id\":\"https:\/\/gokbocki.pl\/index.php\/2022\/04\/14\/wernisaz-tymoteusza-muski\/#breadcrumb\",\"itemListElement\":[{\"@type\":\"ListItem\",\"position\":1,\"name\":\"Strona g\u0142\u00f3wna\",\"item\":\"https:\/\/gokbocki.pl\/\"},{\"@type\":\"ListItem\",\"position\":2,\"name\":\"Wernisa\u017c Tymoteusza Mu\u015bki\"}]},{\"@type\":\"WebSite\",\"@id\":\"https:\/\/gokbocki.pl\/#website\",\"url\":\"https:\/\/gokbocki.pl\/\",\"name\":\"Gminny O\u015brodek Kultury w Bo\u0107kach\",\"description\":\"GOK BO\u0106KI\",\"potentialAction\":[{\"@type\":\"SearchAction\",\"target\":{\"@type\":\"EntryPoint\",\"urlTemplate\":\"https:\/\/gokbocki.pl\/?s={search_term_string}\"},\"query-input\":\"required name=search_term_string\"}],\"inLanguage\":\"pl-PL\"},{\"@type\":\"Person\",\"@id\":\"https:\/\/gokbocki.pl\/#\/schema\/person\/32a0381e1f259128348b84ce4d001412\",\"name\":\"admin\",\"image\":{\"@type\":\"ImageObject\",\"inLanguage\":\"pl-PL\",\"@id\":\"https:\/\/gokbocki.pl\/#\/schema\/person\/image\/\",\"url\":\"https:\/\/secure.gravatar.com\/avatar\/ee27fe75b11e058e31443c0a5a21fc25?s=96&d=mm&r=g\",\"contentUrl\":\"https:\/\/secure.gravatar.com\/avatar\/ee27fe75b11e058e31443c0a5a21fc25?s=96&d=mm&r=g\",\"caption\":\"admin\"},\"url\":\"https:\/\/gokbocki.pl\/index.php\/author\/admin\/\"}]}<\/script>\n<!-- \/ Yoast SEO plugin. -->","yoast_head_json":{"title":"Wernisa\u017c Tymoteusza Mu\u015bki - Gminny O\u015brodek Kultury w Bo\u0107kach","description":"W pi\u0105tek, 8 kwietnia odby\u0142 si\u0119 wernisa\u017c prac plastycznych Tymoteusza Mu\u015bki. Dzie\u0142a artysty powr\u00f3ci\u0142y w jego rodzinne strony.","robots":{"index":"index","follow":"follow","max-snippet":"max-snippet:-1","max-image-preview":"max-image-preview:large","max-video-preview":"max-video-preview:-1"},"canonical":"https:\/\/gokbocki.pl\/index.php\/2022\/04\/14\/wernisaz-tymoteusza-muski\/","og_locale":"pl_PL","og_type":"article","og_title":"Wernisa\u017c Tymoteusza Mu\u015bki - Gminny O\u015brodek Kultury w Bo\u0107kach","og_description":"W pi\u0105tek, 8 kwietnia odby\u0142 si\u0119 wernisa\u017c prac plastycznych Tymoteusza Mu\u015bki. Dzie\u0142a artysty powr\u00f3ci\u0142y w jego rodzinne strony.","og_url":"https:\/\/gokbocki.pl\/index.php\/2022\/04\/14\/wernisaz-tymoteusza-muski\/","og_site_name":"Gminny O\u015brodek Kultury w Bo\u0107kach","article_published_time":"2022-04-14T13:25:15+00:00","article_modified_time":"2022-04-14T13:25:16+00:00","og_image":[{"width":940,"height":788,"url":"https:\/\/gokbocki.pl\/wp-content\/uploads\/2022\/04\/2.png","type":"image\/png"}],"author":"admin","twitter_card":"summary_large_image","twitter_misc":{"Napisane przez":"admin","Szacowany czas czytania":"5 minut"},"schema":{"@context":"https:\/\/schema.org","@graph":[{"@type":"WebPage","@id":"https:\/\/gokbocki.pl\/index.php\/2022\/04\/14\/wernisaz-tymoteusza-muski\/","url":"https:\/\/gokbocki.pl\/index.php\/2022\/04\/14\/wernisaz-tymoteusza-muski\/","name":"Wernisa\u017c Tymoteusza Mu\u015bki - Gminny O\u015brodek Kultury w Bo\u0107kach","isPartOf":{"@id":"https:\/\/gokbocki.pl\/#website"},"datePublished":"2022-04-14T13:25:15+00:00","dateModified":"2022-04-14T13:25:16+00:00","author":{"@id":"https:\/\/gokbocki.pl\/#\/schema\/person\/32a0381e1f259128348b84ce4d001412"},"description":"W pi\u0105tek, 8 kwietnia odby\u0142 si\u0119 wernisa\u017c prac plastycznych Tymoteusza Mu\u015bki. Dzie\u0142a artysty powr\u00f3ci\u0142y w jego rodzinne strony.","breadcrumb":{"@id":"https:\/\/gokbocki.pl\/index.php\/2022\/04\/14\/wernisaz-tymoteusza-muski\/#breadcrumb"},"inLanguage":"pl-PL","potentialAction":[{"@type":"ReadAction","target":["https:\/\/gokbocki.pl\/index.php\/2022\/04\/14\/wernisaz-tymoteusza-muski\/"]}]},{"@type":"BreadcrumbList","@id":"https:\/\/gokbocki.pl\/index.php\/2022\/04\/14\/wernisaz-tymoteusza-muski\/#breadcrumb","itemListElement":[{"@type":"ListItem","position":1,"name":"Strona g\u0142\u00f3wna","item":"https:\/\/gokbocki.pl\/"},{"@type":"ListItem","position":2,"name":"Wernisa\u017c Tymoteusza Mu\u015bki"}]},{"@type":"WebSite","@id":"https:\/\/gokbocki.pl\/#website","url":"https:\/\/gokbocki.pl\/","name":"Gminny O\u015brodek Kultury w Bo\u0107kach","description":"GOK BO\u0106KI","potentialAction":[{"@type":"SearchAction","target":{"@type":"EntryPoint","urlTemplate":"https:\/\/gokbocki.pl\/?s={search_term_string}"},"query-input":"required name=search_term_string"}],"inLanguage":"pl-PL"},{"@type":"Person","@id":"https:\/\/gokbocki.pl\/#\/schema\/person\/32a0381e1f259128348b84ce4d001412","name":"admin","image":{"@type":"ImageObject","inLanguage":"pl-PL","@id":"https:\/\/gokbocki.pl\/#\/schema\/person\/image\/","url":"https:\/\/secure.gravatar.com\/avatar\/ee27fe75b11e058e31443c0a5a21fc25?s=96&d=mm&r=g","contentUrl":"https:\/\/secure.gravatar.com\/avatar\/ee27fe75b11e058e31443c0a5a21fc25?s=96&d=mm&r=g","caption":"admin"},"url":"https:\/\/gokbocki.pl\/index.php\/author\/admin\/"}]}},"_links":{"self":[{"href":"https:\/\/gokbocki.pl\/index.php\/wp-json\/wp\/v2\/posts\/3607"}],"collection":[{"href":"https:\/\/gokbocki.pl\/index.php\/wp-json\/wp\/v2\/posts"}],"about":[{"href":"https:\/\/gokbocki.pl\/index.php\/wp-json\/wp\/v2\/types\/post"}],"author":[{"embeddable":true,"href":"https:\/\/gokbocki.pl\/index.php\/wp-json\/wp\/v2\/users\/1"}],"replies":[{"embeddable":true,"href":"https:\/\/gokbocki.pl\/index.php\/wp-json\/wp\/v2\/comments?post=3607"}],"version-history":[{"count":13,"href":"https:\/\/gokbocki.pl\/index.php\/wp-json\/wp\/v2\/posts\/3607\/revisions"}],"predecessor-version":[{"id":3636,"href":"https:\/\/gokbocki.pl\/index.php\/wp-json\/wp\/v2\/posts\/3607\/revisions\/3636"}],"wp:featuredmedia":[{"embeddable":true,"href":"https:\/\/gokbocki.pl\/index.php\/wp-json\/wp\/v2\/media\/3608"}],"wp:attachment":[{"href":"https:\/\/gokbocki.pl\/index.php\/wp-json\/wp\/v2\/media?parent=3607"}],"wp:term":[{"taxonomy":"category","embeddable":true,"href":"https:\/\/gokbocki.pl\/index.php\/wp-json\/wp\/v2\/categories?post=3607"},{"taxonomy":"post_tag","embeddable":true,"href":"https:\/\/gokbocki.pl\/index.php\/wp-json\/wp\/v2\/tags?post=3607"}],"curies":[{"name":"wp","href":"https:\/\/api.w.org\/{rel}","templated":true}]}}