{"id":3758,"date":"2022-06-14T10:18:47","date_gmt":"2022-06-14T08:18:47","guid":{"rendered":"https:\/\/gokbocki.pl\/?p=3758"},"modified":"2022-06-14T10:21:03","modified_gmt":"2022-06-14T08:21:03","slug":"poczatek-lata","status":"publish","type":"post","link":"https:\/\/gokbocki.pl\/index.php\/2022\/06\/14\/poczatek-lata\/","title":{"rendered":"Pocz\u0105tek Lata"},"content":{"rendered":"\n<p><strong>Zaczynamy Lato! <\/strong>Spotkajmy si\u0119 w sobot\u0119, <strong>25 czerwca w parku przed Urz\u0119dem Gminy Bo\u0107ki w Bo\u0107kach<\/strong> i razem \u015bwi\u0119tujmy Pocz\u0105tek Lata. Szykujemy dla was moc atrakcji. <strong>Ka\u017cdy znajdzie co\u015b dla siebie. <\/strong><br><br>W ramach wydarzenia odb\u0119dzie si\u0119:<\/p>\n\n\n\n<h2>Turniej Fifa<\/h2>\n\n\n\n<figure class=\"wp-block-image size-large\"><img decoding=\"async\" loading=\"lazy\" width=\"940\" height=\"788\" src=\"https:\/\/gokbocki.pl\/wp-content\/uploads\/2022\/06\/II-Turniej-Fifa-wpis.png\" alt=\"\" class=\"wp-image-3763\" srcset=\"https:\/\/gokbocki.pl\/wp-content\/uploads\/2022\/06\/II-Turniej-Fifa-wpis.png 940w, https:\/\/gokbocki.pl\/wp-content\/uploads\/2022\/06\/II-Turniej-Fifa-wpis-300x251.png 300w, https:\/\/gokbocki.pl\/wp-content\/uploads\/2022\/06\/II-Turniej-Fifa-wpis-768x644.png 768w, https:\/\/gokbocki.pl\/wp-content\/uploads\/2022\/06\/II-Turniej-Fifa-wpis-820x687.png 820w\" sizes=\"(max-width: 940px) 100vw, 940px\" \/><\/figure>\n\n\n\n<p>Powiatowy turniej FIFA. <br><strong>Pocz\u0105tek o 10:00.<\/strong><br>Turniej odbywa si\u0119 w budynku CKT (plac Armii Krajowej 5a). <br>Info i Zg\u0142oszenia:<br>tel. 500-711-606<br>e:mail- krzysztof.olejniczak@gokbocki.pl<br><br><strong>W turnieju mog\u0105 bra\u0107 udzia\u0142 osoby w ka\u017cdym wieku z ca\u0142ego powiatu bielskiego. <\/strong>Na najlepszych uczestnik\u00f3w <strong>czekaj\u0105 nagrody rzeczowe<\/strong>. <br><\/p>\n\n\n\n<h2>Turniej Scrabble<\/h2>\n\n\n\n<figure class=\"wp-block-image size-large\"><img decoding=\"async\" loading=\"lazy\" width=\"724\" height=\"1024\" src=\"https:\/\/gokbocki.pl\/wp-content\/uploads\/2022\/06\/Turniej-scrabble-724x1024.png\" alt=\"\" class=\"wp-image-3764\" srcset=\"https:\/\/gokbocki.pl\/wp-content\/uploads\/2022\/06\/Turniej-scrabble-724x1024.png 724w, https:\/\/gokbocki.pl\/wp-content\/uploads\/2022\/06\/Turniej-scrabble-212x300.png 212w, https:\/\/gokbocki.pl\/wp-content\/uploads\/2022\/06\/Turniej-scrabble-768x1086.png 768w, https:\/\/gokbocki.pl\/wp-content\/uploads\/2022\/06\/Turniej-scrabble-1086x1536.png 1086w, https:\/\/gokbocki.pl\/wp-content\/uploads\/2022\/06\/Turniej-scrabble-820x1160.png 820w, https:\/\/gokbocki.pl\/wp-content\/uploads\/2022\/06\/Turniej-scrabble.png 1414w\" sizes=\"(max-width: 724px) 100vw, 724px\" \/><\/figure>\n\n\n\n<p><br><strong>Turniej Scrabble<\/strong> wystartuje o <strong>godzinie 12:00<\/strong> i odb\u0119dzie si\u0119 w parku przed Urz\u0119dem Gminy.<br><strong>Zg\u0142oszenia:<br>do 22.06.2022<\/strong><br>e-mail: gok@gokbocki.pl<br>tel. 85-731-30-43\/500-711-606<br>________________________________________<br><\/p>\n\n\n\n<figure class=\"wp-block-image size-large\"><img decoding=\"async\" loading=\"lazy\" width=\"724\" height=\"1024\" src=\"https:\/\/gokbocki.pl\/wp-content\/uploads\/2022\/06\/Poczatek-lata-724x1024.png\" alt=\"\" class=\"wp-image-3765\" srcset=\"https:\/\/gokbocki.pl\/wp-content\/uploads\/2022\/06\/Poczatek-lata-724x1024.png 724w, https:\/\/gokbocki.pl\/wp-content\/uploads\/2022\/06\/Poczatek-lata-212x300.png 212w, https:\/\/gokbocki.pl\/wp-content\/uploads\/2022\/06\/Poczatek-lata-768x1086.png 768w, https:\/\/gokbocki.pl\/wp-content\/uploads\/2022\/06\/Poczatek-lata-1086x1536.png 1086w, https:\/\/gokbocki.pl\/wp-content\/uploads\/2022\/06\/Poczatek-lata-1448x2048.png 1448w, https:\/\/gokbocki.pl\/wp-content\/uploads\/2022\/06\/Poczatek-lata-820x1160.png 820w, https:\/\/gokbocki.pl\/wp-content\/uploads\/2022\/06\/Poczatek-lata.png 1587w\" sizes=\"(max-width: 724px) 100vw, 724px\" \/><\/figure>\n\n\n\n<p><strong>od 15:00 do 18:00<\/strong> b\u0119dziemy mieli dla was <strong>trzy, bezp\u0142atne strefy<\/strong>:<br><br>&#8211; na placu przed budynkiem urz\u0119du Gminy w Bo\u0107kach\/ Biblioteka w Bo\u0107kach <strong>strefa zabaw dla dzieci: <\/strong>gry, zabawy i animacje<br><br>&#8211; <strong>relaksu dla kobiet<\/strong> (fizjoterapia): zabiegi r\u0105k, szyi, g\u0142owy.<br><br>&#8211; przed budynkiem Gminy Bo\u0107ki<strong> strefa gastro: grill, lemoniada. <\/strong>Stref\u0119 t\u0105 przygotuje KGW BO\u0106KI.<br>________________________________________<br>W parku rozstawione b\u0119d\u0105 le\u017caki. Mile widziane s\u0105 w\u0142asne kocyki.<br>________________________________________<br><strong>Wydarzenie organizuj\u0105: <\/strong><a href=\"https:\/\/www.facebook.com\/GminnyOsrodekKulturywBockach\">Gminny O\u015brodek Kultury w Bo\u0107kach<\/a> oraz <a href=\"https:\/\/www.facebook.com\/gminna.bibliotekapubliczna.79\">Gminna Biblioteka Publiczna w Bo\u0107kach<\/a><br>________________________________________<br>Dzie\u0144 Ojca co raz bli\u017cej dlatego przypominamy o trwaj\u0105cym konkursie<a href=\"https:\/\/fb.me\/e\/4LMDTwBRB\"> Tata i ja<\/a><br><\/p>\n","protected":false},"excerpt":{"rendered":"<p>Zaczynamy Lato! Spotkajmy si\u0119 w sobot\u0119, 25 czerwca w parku przed Urz\u0119dem Gminy Bo\u0107ki w Bo\u0107kach i razem \u015bwi\u0119tujmy Pocz\u0105tek Lata. Szykujemy dla was moc atrakcji. Ka\u017cdy znajdzie co\u015b dla siebie. W ramach wydarzenia odb\u0119dzie si\u0119: Turniej Fifa Powiatowy turniej FIFA. Pocz\u0105tek o 10:00.Turniej odbywa si\u0119 w budynku CKT (plac Armii Krajowej 5a). Info i [&hellip;]<\/p>\n","protected":false},"author":1,"featured_media":3762,"comment_status":"open","ping_status":"open","sticky":false,"template":"","format":"standard","meta":[],"categories":[24],"tags":[],"yoast_head":"<!-- This site is optimized with the Yoast SEO plugin v20.2.1 - https:\/\/yoast.com\/wordpress\/plugins\/seo\/ -->\n<title>Pocz\u0105tek Lata - Gminny O\u015brodek Kultury w Bo\u0107kach<\/title>\n<meta name=\"description\" content=\"Spotkajmy si\u0119 w sobot\u0119, 25 czerwca w parku przed Urz\u0119dem Gminy Bo\u0107ki w Bo\u0107kach i razem \u015bwi\u0119tujmy Pocz\u0105tek Lata.\" \/>\n<meta name=\"robots\" content=\"index, follow, max-snippet:-1, max-image-preview:large, max-video-preview:-1\" \/>\n<link rel=\"canonical\" href=\"https:\/\/gokbocki.pl\/index.php\/2022\/06\/14\/poczatek-lata\/\" \/>\n<meta property=\"og:locale\" content=\"pl_PL\" \/>\n<meta property=\"og:type\" content=\"article\" \/>\n<meta property=\"og:title\" content=\"Pocz\u0105tek Lata - Gminny O\u015brodek Kultury w Bo\u0107kach\" \/>\n<meta property=\"og:description\" content=\"Spotkajmy si\u0119 w sobot\u0119, 25 czerwca w parku przed Urz\u0119dem Gminy Bo\u0107ki w Bo\u0107kach i razem \u015bwi\u0119tujmy Pocz\u0105tek Lata.\" \/>\n<meta property=\"og:url\" content=\"https:\/\/gokbocki.pl\/index.php\/2022\/06\/14\/poczatek-lata\/\" \/>\n<meta property=\"og:site_name\" content=\"Gminny O\u015brodek Kultury w Bo\u0107kach\" \/>\n<meta property=\"article:published_time\" content=\"2022-06-14T08:18:47+00:00\" \/>\n<meta property=\"article:modified_time\" content=\"2022-06-14T08:21:03+00:00\" \/>\n<meta property=\"og:image\" content=\"https:\/\/gokbocki.pl\/wp-content\/uploads\/2022\/06\/Projekt-bez-tytulu1.png\" \/>\n\t<meta property=\"og:image:width\" content=\"1640\" \/>\n\t<meta property=\"og:image:height\" content=\"924\" \/>\n\t<meta property=\"og:image:type\" content=\"image\/png\" \/>\n<meta name=\"author\" content=\"admin\" \/>\n<meta name=\"twitter:card\" content=\"summary_large_image\" \/>\n<meta name=\"twitter:label1\" content=\"Napisane przez\" \/>\n\t<meta name=\"twitter:data1\" content=\"admin\" \/>\n\t<meta name=\"twitter:label2\" content=\"Szacowany czas czytania\" \/>\n\t<meta name=\"twitter:data2\" content=\"2 minuty\" \/>\n<script type=\"application\/ld+json\" class=\"yoast-schema-graph\">{\"@context\":\"https:\/\/schema.org\",\"@graph\":[{\"@type\":\"WebPage\",\"@id\":\"https:\/\/gokbocki.pl\/index.php\/2022\/06\/14\/poczatek-lata\/\",\"url\":\"https:\/\/gokbocki.pl\/index.php\/2022\/06\/14\/poczatek-lata\/\",\"name\":\"Pocz\u0105tek Lata - Gminny O\u015brodek Kultury w Bo\u0107kach\",\"isPartOf\":{\"@id\":\"https:\/\/gokbocki.pl\/#website\"},\"datePublished\":\"2022-06-14T08:18:47+00:00\",\"dateModified\":\"2022-06-14T08:21:03+00:00\",\"author\":{\"@id\":\"https:\/\/gokbocki.pl\/#\/schema\/person\/32a0381e1f259128348b84ce4d001412\"},\"description\":\"Spotkajmy si\u0119 w sobot\u0119, 25 czerwca w parku przed Urz\u0119dem Gminy Bo\u0107ki w Bo\u0107kach i razem \u015bwi\u0119tujmy Pocz\u0105tek Lata.\",\"breadcrumb\":{\"@id\":\"https:\/\/gokbocki.pl\/index.php\/2022\/06\/14\/poczatek-lata\/#breadcrumb\"},\"inLanguage\":\"pl-PL\",\"potentialAction\":[{\"@type\":\"ReadAction\",\"target\":[\"https:\/\/gokbocki.pl\/index.php\/2022\/06\/14\/poczatek-lata\/\"]}]},{\"@type\":\"BreadcrumbList\",\"@id\":\"https:\/\/gokbocki.pl\/index.php\/2022\/06\/14\/poczatek-lata\/#breadcrumb\",\"itemListElement\":[{\"@type\":\"ListItem\",\"position\":1,\"name\":\"Strona g\u0142\u00f3wna\",\"item\":\"https:\/\/gokbocki.pl\/\"},{\"@type\":\"ListItem\",\"position\":2,\"name\":\"Pocz\u0105tek Lata\"}]},{\"@type\":\"WebSite\",\"@id\":\"https:\/\/gokbocki.pl\/#website\",\"url\":\"https:\/\/gokbocki.pl\/\",\"name\":\"Gminny O\u015brodek Kultury w Bo\u0107kach\",\"description\":\"GOK BO\u0106KI\",\"potentialAction\":[{\"@type\":\"SearchAction\",\"target\":{\"@type\":\"EntryPoint\",\"urlTemplate\":\"https:\/\/gokbocki.pl\/?s={search_term_string}\"},\"query-input\":\"required name=search_term_string\"}],\"inLanguage\":\"pl-PL\"},{\"@type\":\"Person\",\"@id\":\"https:\/\/gokbocki.pl\/#\/schema\/person\/32a0381e1f259128348b84ce4d001412\",\"name\":\"admin\",\"image\":{\"@type\":\"ImageObject\",\"inLanguage\":\"pl-PL\",\"@id\":\"https:\/\/gokbocki.pl\/#\/schema\/person\/image\/\",\"url\":\"https:\/\/secure.gravatar.com\/avatar\/ee27fe75b11e058e31443c0a5a21fc25?s=96&d=mm&r=g\",\"contentUrl\":\"https:\/\/secure.gravatar.com\/avatar\/ee27fe75b11e058e31443c0a5a21fc25?s=96&d=mm&r=g\",\"caption\":\"admin\"},\"url\":\"https:\/\/gokbocki.pl\/index.php\/author\/admin\/\"}]}<\/script>\n<!-- \/ Yoast SEO plugin. -->","yoast_head_json":{"title":"Pocz\u0105tek Lata - Gminny O\u015brodek Kultury w Bo\u0107kach","description":"Spotkajmy si\u0119 w sobot\u0119, 25 czerwca w parku przed Urz\u0119dem Gminy Bo\u0107ki w Bo\u0107kach i razem \u015bwi\u0119tujmy Pocz\u0105tek Lata.","robots":{"index":"index","follow":"follow","max-snippet":"max-snippet:-1","max-image-preview":"max-image-preview:large","max-video-preview":"max-video-preview:-1"},"canonical":"https:\/\/gokbocki.pl\/index.php\/2022\/06\/14\/poczatek-lata\/","og_locale":"pl_PL","og_type":"article","og_title":"Pocz\u0105tek Lata - Gminny O\u015brodek Kultury w Bo\u0107kach","og_description":"Spotkajmy si\u0119 w sobot\u0119, 25 czerwca w parku przed Urz\u0119dem Gminy Bo\u0107ki w Bo\u0107kach i razem \u015bwi\u0119tujmy Pocz\u0105tek Lata.","og_url":"https:\/\/gokbocki.pl\/index.php\/2022\/06\/14\/poczatek-lata\/","og_site_name":"Gminny O\u015brodek Kultury w Bo\u0107kach","article_published_time":"2022-06-14T08:18:47+00:00","article_modified_time":"2022-06-14T08:21:03+00:00","og_image":[{"width":1640,"height":924,"url":"https:\/\/gokbocki.pl\/wp-content\/uploads\/2022\/06\/Projekt-bez-tytulu1.png","type":"image\/png"}],"author":"admin","twitter_card":"summary_large_image","twitter_misc":{"Napisane przez":"admin","Szacowany czas czytania":"2 minuty"},"schema":{"@context":"https:\/\/schema.org","@graph":[{"@type":"WebPage","@id":"https:\/\/gokbocki.pl\/index.php\/2022\/06\/14\/poczatek-lata\/","url":"https:\/\/gokbocki.pl\/index.php\/2022\/06\/14\/poczatek-lata\/","name":"Pocz\u0105tek Lata - Gminny O\u015brodek Kultury w Bo\u0107kach","isPartOf":{"@id":"https:\/\/gokbocki.pl\/#website"},"datePublished":"2022-06-14T08:18:47+00:00","dateModified":"2022-06-14T08:21:03+00:00","author":{"@id":"https:\/\/gokbocki.pl\/#\/schema\/person\/32a0381e1f259128348b84ce4d001412"},"description":"Spotkajmy si\u0119 w sobot\u0119, 25 czerwca w parku przed Urz\u0119dem Gminy Bo\u0107ki w Bo\u0107kach i razem \u015bwi\u0119tujmy Pocz\u0105tek Lata.","breadcrumb":{"@id":"https:\/\/gokbocki.pl\/index.php\/2022\/06\/14\/poczatek-lata\/#breadcrumb"},"inLanguage":"pl-PL","potentialAction":[{"@type":"ReadAction","target":["https:\/\/gokbocki.pl\/index.php\/2022\/06\/14\/poczatek-lata\/"]}]},{"@type":"BreadcrumbList","@id":"https:\/\/gokbocki.pl\/index.php\/2022\/06\/14\/poczatek-lata\/#breadcrumb","itemListElement":[{"@type":"ListItem","position":1,"name":"Strona g\u0142\u00f3wna","item":"https:\/\/gokbocki.pl\/"},{"@type":"ListItem","position":2,"name":"Pocz\u0105tek Lata"}]},{"@type":"WebSite","@id":"https:\/\/gokbocki.pl\/#website","url":"https:\/\/gokbocki.pl\/","name":"Gminny O\u015brodek Kultury w Bo\u0107kach","description":"GOK BO\u0106KI","potentialAction":[{"@type":"SearchAction","target":{"@type":"EntryPoint","urlTemplate":"https:\/\/gokbocki.pl\/?s={search_term_string}"},"query-input":"required name=search_term_string"}],"inLanguage":"pl-PL"},{"@type":"Person","@id":"https:\/\/gokbocki.pl\/#\/schema\/person\/32a0381e1f259128348b84ce4d001412","name":"admin","image":{"@type":"ImageObject","inLanguage":"pl-PL","@id":"https:\/\/gokbocki.pl\/#\/schema\/person\/image\/","url":"https:\/\/secure.gravatar.com\/avatar\/ee27fe75b11e058e31443c0a5a21fc25?s=96&d=mm&r=g","contentUrl":"https:\/\/secure.gravatar.com\/avatar\/ee27fe75b11e058e31443c0a5a21fc25?s=96&d=mm&r=g","caption":"admin"},"url":"https:\/\/gokbocki.pl\/index.php\/author\/admin\/"}]}},"_links":{"self":[{"href":"https:\/\/gokbocki.pl\/index.php\/wp-json\/wp\/v2\/posts\/3758"}],"collection":[{"href":"https:\/\/gokbocki.pl\/index.php\/wp-json\/wp\/v2\/posts"}],"about":[{"href":"https:\/\/gokbocki.pl\/index.php\/wp-json\/wp\/v2\/types\/post"}],"author":[{"embeddable":true,"href":"https:\/\/gokbocki.pl\/index.php\/wp-json\/wp\/v2\/users\/1"}],"replies":[{"embeddable":true,"href":"https:\/\/gokbocki.pl\/index.php\/wp-json\/wp\/v2\/comments?post=3758"}],"version-history":[{"count":6,"href":"https:\/\/gokbocki.pl\/index.php\/wp-json\/wp\/v2\/posts\/3758\/revisions"}],"predecessor-version":[{"id":3768,"href":"https:\/\/gokbocki.pl\/index.php\/wp-json\/wp\/v2\/posts\/3758\/revisions\/3768"}],"wp:featuredmedia":[{"embeddable":true,"href":"https:\/\/gokbocki.pl\/index.php\/wp-json\/wp\/v2\/media\/3762"}],"wp:attachment":[{"href":"https:\/\/gokbocki.pl\/index.php\/wp-json\/wp\/v2\/media?parent=3758"}],"wp:term":[{"taxonomy":"category","embeddable":true,"href":"https:\/\/gokbocki.pl\/index.php\/wp-json\/wp\/v2\/categories?post=3758"},{"taxonomy":"post_tag","embeddable":true,"href":"https:\/\/gokbocki.pl\/index.php\/wp-json\/wp\/v2\/tags?post=3758"}],"curies":[{"name":"wp","href":"https:\/\/api.w.org\/{rel}","templated":true}]}}