{"id":3864,"date":"2022-07-23T09:52:32","date_gmt":"2022-07-23T07:52:32","guid":{"rendered":"https:\/\/gokbocki.pl\/?p=3864"},"modified":"2022-07-23T09:52:34","modified_gmt":"2022-07-23T07:52:34","slug":"wakacyjna-kuchnia-molekularna","status":"publish","type":"post","link":"https:\/\/gokbocki.pl\/index.php\/2022\/07\/23\/wakacyjna-kuchnia-molekularna\/","title":{"rendered":"Wakacyjna kuchnia molekularna"},"content":{"rendered":"\n<p>Wakacje trwaj\u0105 w najlepsze dlatego staramy si\u0119 organizowa\u0107 ciekawe sposoby do dzia\u0142ania dzieciom i m\u0142odzie\u017cy. <a href=\"https:\/\/www.facebook.com\/GminnyOsrodekKulturywBockach\">Wakacyjna kuchnia molekularna<\/a> to warsztaty skierowane do najm\u0142odszych mieszka\u0144c\u00f3w gminy Bo\u0107ki. 21 lipca 19 dzieci spotka\u0142o si\u0119 z wielk\u0105 rado\u015bci\u0105, cho\u0107 o wczesnej porze. <\/p>\n\n\n\n<figure class=\"is-layout-flex wp-block-gallery-1 wp-block-gallery columns-2 is-cropped\"><ul class=\"blocks-gallery-grid\"><li class=\"blocks-gallery-item\"><figure><img decoding=\"async\" loading=\"lazy\" width=\"940\" height=\"788\" src=\"https:\/\/gokbocki.pl\/wp-content\/uploads\/2022\/07\/wakacyjna-kuchnia-molekularna-gok-bocki-21.07.2022-gotwe-na-fp-2.png\" alt=\"\" data-id=\"3866\" data-full-url=\"https:\/\/gokbocki.pl\/wp-content\/uploads\/2022\/07\/wakacyjna-kuchnia-molekularna-gok-bocki-21.07.2022-gotwe-na-fp-2.png\" data-link=\"https:\/\/gokbocki.pl\/?attachment_id=3866\" class=\"wp-image-3866\" srcset=\"https:\/\/gokbocki.pl\/wp-content\/uploads\/2022\/07\/wakacyjna-kuchnia-molekularna-gok-bocki-21.07.2022-gotwe-na-fp-2.png 940w, https:\/\/gokbocki.pl\/wp-content\/uploads\/2022\/07\/wakacyjna-kuchnia-molekularna-gok-bocki-21.07.2022-gotwe-na-fp-2-300x251.png 300w, https:\/\/gokbocki.pl\/wp-content\/uploads\/2022\/07\/wakacyjna-kuchnia-molekularna-gok-bocki-21.07.2022-gotwe-na-fp-2-768x644.png 768w, https:\/\/gokbocki.pl\/wp-content\/uploads\/2022\/07\/wakacyjna-kuchnia-molekularna-gok-bocki-21.07.2022-gotwe-na-fp-2-820x687.png 820w\" sizes=\"(max-width: 940px) 100vw, 940px\" \/><\/figure><\/li><li class=\"blocks-gallery-item\"><figure><img decoding=\"async\" loading=\"lazy\" width=\"940\" height=\"788\" src=\"https:\/\/gokbocki.pl\/wp-content\/uploads\/2022\/07\/wakacyjna-kuchnia-molekularna-gok-bocki-21.07.2022-gotwe-na-fp-6.png\" alt=\"\" data-id=\"3867\" data-full-url=\"https:\/\/gokbocki.pl\/wp-content\/uploads\/2022\/07\/wakacyjna-kuchnia-molekularna-gok-bocki-21.07.2022-gotwe-na-fp-6.png\" data-link=\"https:\/\/gokbocki.pl\/?attachment_id=3867\" class=\"wp-image-3867\" srcset=\"https:\/\/gokbocki.pl\/wp-content\/uploads\/2022\/07\/wakacyjna-kuchnia-molekularna-gok-bocki-21.07.2022-gotwe-na-fp-6.png 940w, https:\/\/gokbocki.pl\/wp-content\/uploads\/2022\/07\/wakacyjna-kuchnia-molekularna-gok-bocki-21.07.2022-gotwe-na-fp-6-300x251.png 300w, https:\/\/gokbocki.pl\/wp-content\/uploads\/2022\/07\/wakacyjna-kuchnia-molekularna-gok-bocki-21.07.2022-gotwe-na-fp-6-768x644.png 768w, https:\/\/gokbocki.pl\/wp-content\/uploads\/2022\/07\/wakacyjna-kuchnia-molekularna-gok-bocki-21.07.2022-gotwe-na-fp-6-820x687.png 820w\" sizes=\"(max-width: 940px) 100vw, 940px\" \/><\/figure><\/li><\/ul><\/figure>\n\n\n\n<p>Warsztaty przeprowadzi\u0142a <a href=\"https:\/\/www.facebook.com\/akademiamalegokuchcika\/\">Akademia M\u0142odego Kuchcika<\/a>. Podczas gdy zabawa trwa\u0142a w najlepsze dzia\u0142a si\u0119 jeszcze jedna rzecz &#8211; dzieci uczy\u0142y si\u0119 zag\u0142\u0119biaj\u0105c si\u0119 w przeprowadzanych do\u015bwiadczeniach. <\/p>\n\n\n\n<figure class=\"is-layout-flex wp-block-gallery-3 wp-block-gallery columns-2 is-cropped\"><ul class=\"blocks-gallery-grid\"><li class=\"blocks-gallery-item\"><figure><img decoding=\"async\" loading=\"lazy\" width=\"940\" height=\"788\" src=\"https:\/\/gokbocki.pl\/wp-content\/uploads\/2022\/07\/wakacyjna-kuchnia-molekularna-gok-bocki-21.07.2022-gotwe-na-fp-5.png\" alt=\"kuchnia molekularna\" data-id=\"3868\" data-full-url=\"https:\/\/gokbocki.pl\/wp-content\/uploads\/2022\/07\/wakacyjna-kuchnia-molekularna-gok-bocki-21.07.2022-gotwe-na-fp-5.png\" data-link=\"https:\/\/gokbocki.pl\/?attachment_id=3868\" class=\"wp-image-3868\" srcset=\"https:\/\/gokbocki.pl\/wp-content\/uploads\/2022\/07\/wakacyjna-kuchnia-molekularna-gok-bocki-21.07.2022-gotwe-na-fp-5.png 940w, https:\/\/gokbocki.pl\/wp-content\/uploads\/2022\/07\/wakacyjna-kuchnia-molekularna-gok-bocki-21.07.2022-gotwe-na-fp-5-300x251.png 300w, https:\/\/gokbocki.pl\/wp-content\/uploads\/2022\/07\/wakacyjna-kuchnia-molekularna-gok-bocki-21.07.2022-gotwe-na-fp-5-768x644.png 768w, https:\/\/gokbocki.pl\/wp-content\/uploads\/2022\/07\/wakacyjna-kuchnia-molekularna-gok-bocki-21.07.2022-gotwe-na-fp-5-820x687.png 820w\" sizes=\"(max-width: 940px) 100vw, 940px\" \/><\/figure><\/li><li class=\"blocks-gallery-item\"><figure><img decoding=\"async\" loading=\"lazy\" width=\"940\" height=\"788\" src=\"https:\/\/gokbocki.pl\/wp-content\/uploads\/2022\/07\/wakacyjna-kuchnia-molekularna-gok-bocki-21.07.2022-gotwe-na-fp.png\" alt=\"kuchnia molekularna\" data-id=\"3869\" data-full-url=\"https:\/\/gokbocki.pl\/wp-content\/uploads\/2022\/07\/wakacyjna-kuchnia-molekularna-gok-bocki-21.07.2022-gotwe-na-fp.png\" data-link=\"https:\/\/gokbocki.pl\/?attachment_id=3869\" class=\"wp-image-3869\" srcset=\"https:\/\/gokbocki.pl\/wp-content\/uploads\/2022\/07\/wakacyjna-kuchnia-molekularna-gok-bocki-21.07.2022-gotwe-na-fp.png 940w, https:\/\/gokbocki.pl\/wp-content\/uploads\/2022\/07\/wakacyjna-kuchnia-molekularna-gok-bocki-21.07.2022-gotwe-na-fp-300x251.png 300w, https:\/\/gokbocki.pl\/wp-content\/uploads\/2022\/07\/wakacyjna-kuchnia-molekularna-gok-bocki-21.07.2022-gotwe-na-fp-768x644.png 768w, https:\/\/gokbocki.pl\/wp-content\/uploads\/2022\/07\/wakacyjna-kuchnia-molekularna-gok-bocki-21.07.2022-gotwe-na-fp-820x687.png 820w\" sizes=\"(max-width: 940px) 100vw, 940px\" \/><\/figure><\/li><\/ul><\/figure>\n\n\n\n<p>B\u0105d\u017a na bie\u017c\u0105co z naszymi dzia\u0142aniami i odwiedzaj naszego<a href=\"http:\/\/gokbocki.pl\"> bloga<\/a>. <\/p>\n","protected":false},"excerpt":{"rendered":"<p>Wakacje trwaj\u0105 w najlepsze dlatego staramy si\u0119 organizowa\u0107 ciekawe sposoby do dzia\u0142ania dzieciom i m\u0142odzie\u017cy. Wakacyjna kuchnia molekularna to warsztaty skierowane do najm\u0142odszych mieszka\u0144c\u00f3w gminy Bo\u0107ki. 21 lipca 19 dzieci spotka\u0142o si\u0119 z wielk\u0105 rado\u015bci\u0105, cho\u0107 o wczesnej porze. Warsztaty przeprowadzi\u0142a Akademia M\u0142odego Kuchcika. Podczas gdy zabawa trwa\u0142a w najlepsze dzia\u0142a si\u0119 jeszcze jedna rzecz [&hellip;]<\/p>\n","protected":false},"author":1,"featured_media":3865,"comment_status":"open","ping_status":"open","sticky":false,"template":"","format":"standard","meta":[],"categories":[24],"tags":[],"yoast_head":"<!-- This site is optimized with the Yoast SEO plugin v20.2.1 - https:\/\/yoast.com\/wordpress\/plugins\/seo\/ -->\n<title>Wakacyjna kuchnia molekularna - Gminny O\u015brodek Kultury w Bo\u0107kach<\/title>\n<meta name=\"description\" content=\"Wakacyjna kuchnia molekularna to warsztaty skierowane do najm\u0142odszych mieszka\u0144c\u00f3w gminy Bo\u0107ki, kt\u00f3re odby\u0142y si\u0119 21 lipca 2022.\" \/>\n<meta name=\"robots\" content=\"index, follow, max-snippet:-1, max-image-preview:large, max-video-preview:-1\" \/>\n<link rel=\"canonical\" href=\"https:\/\/gokbocki.pl\/index.php\/2022\/07\/23\/wakacyjna-kuchnia-molekularna\/\" \/>\n<meta property=\"og:locale\" content=\"pl_PL\" \/>\n<meta property=\"og:type\" content=\"article\" \/>\n<meta property=\"og:title\" content=\"Wakacyjna kuchnia molekularna - Gminny O\u015brodek Kultury w Bo\u0107kach\" \/>\n<meta property=\"og:description\" content=\"Wakacyjna kuchnia molekularna to warsztaty skierowane do najm\u0142odszych mieszka\u0144c\u00f3w gminy Bo\u0107ki, kt\u00f3re odby\u0142y si\u0119 21 lipca 2022.\" \/>\n<meta property=\"og:url\" content=\"https:\/\/gokbocki.pl\/index.php\/2022\/07\/23\/wakacyjna-kuchnia-molekularna\/\" \/>\n<meta property=\"og:site_name\" content=\"Gminny O\u015brodek Kultury w Bo\u0107kach\" \/>\n<meta property=\"article:published_time\" content=\"2022-07-23T07:52:32+00:00\" \/>\n<meta property=\"article:modified_time\" content=\"2022-07-23T07:52:34+00:00\" \/>\n<meta property=\"og:image\" content=\"https:\/\/gokbocki.pl\/wp-content\/uploads\/2022\/07\/wakacyjna-kuchnia-molekularna-gok-bocki-21.07.2022-gotwe-na-fp-1.png\" \/>\n\t<meta property=\"og:image:width\" content=\"940\" \/>\n\t<meta property=\"og:image:height\" content=\"788\" \/>\n\t<meta property=\"og:image:type\" content=\"image\/png\" \/>\n<meta name=\"author\" content=\"admin\" \/>\n<meta name=\"twitter:card\" content=\"summary_large_image\" \/>\n<meta name=\"twitter:label1\" content=\"Napisane przez\" \/>\n\t<meta name=\"twitter:data1\" content=\"admin\" \/>\n\t<meta name=\"twitter:label2\" content=\"Szacowany czas czytania\" \/>\n\t<meta name=\"twitter:data2\" content=\"2 minuty\" \/>\n<script type=\"application\/ld+json\" class=\"yoast-schema-graph\">{\"@context\":\"https:\/\/schema.org\",\"@graph\":[{\"@type\":\"WebPage\",\"@id\":\"https:\/\/gokbocki.pl\/index.php\/2022\/07\/23\/wakacyjna-kuchnia-molekularna\/\",\"url\":\"https:\/\/gokbocki.pl\/index.php\/2022\/07\/23\/wakacyjna-kuchnia-molekularna\/\",\"name\":\"Wakacyjna kuchnia molekularna - Gminny O\u015brodek Kultury w Bo\u0107kach\",\"isPartOf\":{\"@id\":\"https:\/\/gokbocki.pl\/#website\"},\"datePublished\":\"2022-07-23T07:52:32+00:00\",\"dateModified\":\"2022-07-23T07:52:34+00:00\",\"author\":{\"@id\":\"https:\/\/gokbocki.pl\/#\/schema\/person\/32a0381e1f259128348b84ce4d001412\"},\"description\":\"Wakacyjna kuchnia molekularna to warsztaty skierowane do najm\u0142odszych mieszka\u0144c\u00f3w gminy Bo\u0107ki, kt\u00f3re odby\u0142y si\u0119 21 lipca 2022.\",\"breadcrumb\":{\"@id\":\"https:\/\/gokbocki.pl\/index.php\/2022\/07\/23\/wakacyjna-kuchnia-molekularna\/#breadcrumb\"},\"inLanguage\":\"pl-PL\",\"potentialAction\":[{\"@type\":\"ReadAction\",\"target\":[\"https:\/\/gokbocki.pl\/index.php\/2022\/07\/23\/wakacyjna-kuchnia-molekularna\/\"]}]},{\"@type\":\"BreadcrumbList\",\"@id\":\"https:\/\/gokbocki.pl\/index.php\/2022\/07\/23\/wakacyjna-kuchnia-molekularna\/#breadcrumb\",\"itemListElement\":[{\"@type\":\"ListItem\",\"position\":1,\"name\":\"Strona g\u0142\u00f3wna\",\"item\":\"https:\/\/gokbocki.pl\/\"},{\"@type\":\"ListItem\",\"position\":2,\"name\":\"Wakacyjna kuchnia molekularna\"}]},{\"@type\":\"WebSite\",\"@id\":\"https:\/\/gokbocki.pl\/#website\",\"url\":\"https:\/\/gokbocki.pl\/\",\"name\":\"Gminny O\u015brodek Kultury w Bo\u0107kach\",\"description\":\"GOK BO\u0106KI\",\"potentialAction\":[{\"@type\":\"SearchAction\",\"target\":{\"@type\":\"EntryPoint\",\"urlTemplate\":\"https:\/\/gokbocki.pl\/?s={search_term_string}\"},\"query-input\":\"required name=search_term_string\"}],\"inLanguage\":\"pl-PL\"},{\"@type\":\"Person\",\"@id\":\"https:\/\/gokbocki.pl\/#\/schema\/person\/32a0381e1f259128348b84ce4d001412\",\"name\":\"admin\",\"image\":{\"@type\":\"ImageObject\",\"inLanguage\":\"pl-PL\",\"@id\":\"https:\/\/gokbocki.pl\/#\/schema\/person\/image\/\",\"url\":\"https:\/\/secure.gravatar.com\/avatar\/ee27fe75b11e058e31443c0a5a21fc25?s=96&d=mm&r=g\",\"contentUrl\":\"https:\/\/secure.gravatar.com\/avatar\/ee27fe75b11e058e31443c0a5a21fc25?s=96&d=mm&r=g\",\"caption\":\"admin\"},\"url\":\"https:\/\/gokbocki.pl\/index.php\/author\/admin\/\"}]}<\/script>\n<!-- \/ Yoast SEO plugin. -->","yoast_head_json":{"title":"Wakacyjna kuchnia molekularna - Gminny O\u015brodek Kultury w Bo\u0107kach","description":"Wakacyjna kuchnia molekularna to warsztaty skierowane do najm\u0142odszych mieszka\u0144c\u00f3w gminy Bo\u0107ki, kt\u00f3re odby\u0142y si\u0119 21 lipca 2022.","robots":{"index":"index","follow":"follow","max-snippet":"max-snippet:-1","max-image-preview":"max-image-preview:large","max-video-preview":"max-video-preview:-1"},"canonical":"https:\/\/gokbocki.pl\/index.php\/2022\/07\/23\/wakacyjna-kuchnia-molekularna\/","og_locale":"pl_PL","og_type":"article","og_title":"Wakacyjna kuchnia molekularna - Gminny O\u015brodek Kultury w Bo\u0107kach","og_description":"Wakacyjna kuchnia molekularna to warsztaty skierowane do najm\u0142odszych mieszka\u0144c\u00f3w gminy Bo\u0107ki, kt\u00f3re odby\u0142y si\u0119 21 lipca 2022.","og_url":"https:\/\/gokbocki.pl\/index.php\/2022\/07\/23\/wakacyjna-kuchnia-molekularna\/","og_site_name":"Gminny O\u015brodek Kultury w Bo\u0107kach","article_published_time":"2022-07-23T07:52:32+00:00","article_modified_time":"2022-07-23T07:52:34+00:00","og_image":[{"width":940,"height":788,"url":"https:\/\/gokbocki.pl\/wp-content\/uploads\/2022\/07\/wakacyjna-kuchnia-molekularna-gok-bocki-21.07.2022-gotwe-na-fp-1.png","type":"image\/png"}],"author":"admin","twitter_card":"summary_large_image","twitter_misc":{"Napisane przez":"admin","Szacowany czas czytania":"2 minuty"},"schema":{"@context":"https:\/\/schema.org","@graph":[{"@type":"WebPage","@id":"https:\/\/gokbocki.pl\/index.php\/2022\/07\/23\/wakacyjna-kuchnia-molekularna\/","url":"https:\/\/gokbocki.pl\/index.php\/2022\/07\/23\/wakacyjna-kuchnia-molekularna\/","name":"Wakacyjna kuchnia molekularna - Gminny O\u015brodek Kultury w Bo\u0107kach","isPartOf":{"@id":"https:\/\/gokbocki.pl\/#website"},"datePublished":"2022-07-23T07:52:32+00:00","dateModified":"2022-07-23T07:52:34+00:00","author":{"@id":"https:\/\/gokbocki.pl\/#\/schema\/person\/32a0381e1f259128348b84ce4d001412"},"description":"Wakacyjna kuchnia molekularna to warsztaty skierowane do najm\u0142odszych mieszka\u0144c\u00f3w gminy Bo\u0107ki, kt\u00f3re odby\u0142y si\u0119 21 lipca 2022.","breadcrumb":{"@id":"https:\/\/gokbocki.pl\/index.php\/2022\/07\/23\/wakacyjna-kuchnia-molekularna\/#breadcrumb"},"inLanguage":"pl-PL","potentialAction":[{"@type":"ReadAction","target":["https:\/\/gokbocki.pl\/index.php\/2022\/07\/23\/wakacyjna-kuchnia-molekularna\/"]}]},{"@type":"BreadcrumbList","@id":"https:\/\/gokbocki.pl\/index.php\/2022\/07\/23\/wakacyjna-kuchnia-molekularna\/#breadcrumb","itemListElement":[{"@type":"ListItem","position":1,"name":"Strona g\u0142\u00f3wna","item":"https:\/\/gokbocki.pl\/"},{"@type":"ListItem","position":2,"name":"Wakacyjna kuchnia molekularna"}]},{"@type":"WebSite","@id":"https:\/\/gokbocki.pl\/#website","url":"https:\/\/gokbocki.pl\/","name":"Gminny O\u015brodek Kultury w Bo\u0107kach","description":"GOK BO\u0106KI","potentialAction":[{"@type":"SearchAction","target":{"@type":"EntryPoint","urlTemplate":"https:\/\/gokbocki.pl\/?s={search_term_string}"},"query-input":"required name=search_term_string"}],"inLanguage":"pl-PL"},{"@type":"Person","@id":"https:\/\/gokbocki.pl\/#\/schema\/person\/32a0381e1f259128348b84ce4d001412","name":"admin","image":{"@type":"ImageObject","inLanguage":"pl-PL","@id":"https:\/\/gokbocki.pl\/#\/schema\/person\/image\/","url":"https:\/\/secure.gravatar.com\/avatar\/ee27fe75b11e058e31443c0a5a21fc25?s=96&d=mm&r=g","contentUrl":"https:\/\/secure.gravatar.com\/avatar\/ee27fe75b11e058e31443c0a5a21fc25?s=96&d=mm&r=g","caption":"admin"},"url":"https:\/\/gokbocki.pl\/index.php\/author\/admin\/"}]}},"_links":{"self":[{"href":"https:\/\/gokbocki.pl\/index.php\/wp-json\/wp\/v2\/posts\/3864"}],"collection":[{"href":"https:\/\/gokbocki.pl\/index.php\/wp-json\/wp\/v2\/posts"}],"about":[{"href":"https:\/\/gokbocki.pl\/index.php\/wp-json\/wp\/v2\/types\/post"}],"author":[{"embeddable":true,"href":"https:\/\/gokbocki.pl\/index.php\/wp-json\/wp\/v2\/users\/1"}],"replies":[{"embeddable":true,"href":"https:\/\/gokbocki.pl\/index.php\/wp-json\/wp\/v2\/comments?post=3864"}],"version-history":[{"count":1,"href":"https:\/\/gokbocki.pl\/index.php\/wp-json\/wp\/v2\/posts\/3864\/revisions"}],"predecessor-version":[{"id":3870,"href":"https:\/\/gokbocki.pl\/index.php\/wp-json\/wp\/v2\/posts\/3864\/revisions\/3870"}],"wp:featuredmedia":[{"embeddable":true,"href":"https:\/\/gokbocki.pl\/index.php\/wp-json\/wp\/v2\/media\/3865"}],"wp:attachment":[{"href":"https:\/\/gokbocki.pl\/index.php\/wp-json\/wp\/v2\/media?parent=3864"}],"wp:term":[{"taxonomy":"category","embeddable":true,"href":"https:\/\/gokbocki.pl\/index.php\/wp-json\/wp\/v2\/categories?post=3864"},{"taxonomy":"post_tag","embeddable":true,"href":"https:\/\/gokbocki.pl\/index.php\/wp-json\/wp\/v2\/tags?post=3864"}],"curies":[{"name":"wp","href":"https:\/\/api.w.org\/{rel}","templated":true}]}}