{"id":4014,"date":"2022-08-22T10:10:58","date_gmt":"2022-08-22T08:10:58","guid":{"rendered":"https:\/\/gokbocki.pl\/?p=4014"},"modified":"2022-08-29T10:19:53","modified_gmt":"2022-08-29T08:19:53","slug":"wakacje-w-goku-vol-2","status":"publish","type":"post","link":"https:\/\/gokbocki.pl\/index.php\/2022\/08\/22\/wakacje-w-goku-vol-2\/","title":{"rendered":"Wakacje w Goku vol.2"},"content":{"rendered":"\n<p>Z przyjemno\u015bci\u0105 informujemy o sierpniowej edycji Wakacji w Goku. Drogie dzieci z <a href=\"https:\/\/www.facebook.com\/gminabocki?__cft__[0]=AZUbAt0TD3Q1hEw1EyPZ9KOt7J1o3z9QDn3J2Yt-U1E1PjgUMECXhnSpViSfB5ukkYjKTumzmC4cEbu4KqVIcADSE1g9y8NHkyv1OvxXkGORh2gcKfwIL42qtMxMc3ls-XdFtzOf8qgOMPC-xFYOQJ3kGTu2ka2Hi8wghMuKZsaboA&amp;__tn__=-]K-R\">Gmina Bo\u0107ki<\/a> zapraszamy od 23 do 26 sierpnia w godzinach 10:00-13:00 do wsp\u00f3lnych zabaw i kreatywnych dzia\u0142a\u0144. Je\u015bli pogoda pozwoli urz\u0105dzimy r\u00f3wnie\u017c piana party oraz grilla! <br><br>Do\u0142\u0105czcie do nas, Plac Armii Krajowej 3! <br>Zapisy: 500 711 606 <br>Zapraszamy r\u00f3wnie\u017c do spontanicznych odwiedzin.<\/p>\n","protected":false},"excerpt":{"rendered":"<p>Z przyjemno\u015bci\u0105 informujemy o sierpniowej edycji Wakacji w Goku. Drogie dzieci z Gmina Bo\u0107ki zapraszamy od 23 do 26 sierpnia w godzinach 10:00-13:00 do wsp\u00f3lnych zabaw i kreatywnych dzia\u0142a\u0144. Je\u015bli pogoda pozwoli urz\u0105dzimy r\u00f3wnie\u017c piana party oraz grilla! Do\u0142\u0105czcie do nas, Plac Armii Krajowej 3! Zapisy: 500 711 606 Zapraszamy r\u00f3wnie\u017c do spontanicznych odwiedzin.<\/p>\n","protected":false},"author":1,"featured_media":4015,"comment_status":"open","ping_status":"open","sticky":false,"template":"","format":"standard","meta":[],"categories":[24],"tags":[],"yoast_head":"<!-- This site is optimized with the Yoast SEO plugin v20.2.1 - https:\/\/yoast.com\/wordpress\/plugins\/seo\/ -->\n<title>Wakacje w Goku vol.2 - Gminny O\u015brodek Kultury w Bo\u0107kach<\/title>\n<meta name=\"description\" content=\"Drogie dzieci z Gmina Bo\u0107ki zapraszamy od 23 do 26 sierpnia w godzinach 10:00-13:00 do wsp\u00f3lnych zabaw i kreatywnych dzia\u0142a\u0144.\" \/>\n<meta name=\"robots\" content=\"index, follow, max-snippet:-1, max-image-preview:large, max-video-preview:-1\" \/>\n<link rel=\"canonical\" href=\"https:\/\/gokbocki.pl\/index.php\/2022\/08\/22\/wakacje-w-goku-vol-2\/\" \/>\n<meta property=\"og:locale\" content=\"pl_PL\" \/>\n<meta property=\"og:type\" content=\"article\" \/>\n<meta property=\"og:title\" content=\"Wakacje w Goku vol.2 - Gminny O\u015brodek Kultury w Bo\u0107kach\" \/>\n<meta property=\"og:description\" content=\"Drogie dzieci z Gmina Bo\u0107ki zapraszamy od 23 do 26 sierpnia w godzinach 10:00-13:00 do wsp\u00f3lnych zabaw i kreatywnych dzia\u0142a\u0144.\" \/>\n<meta property=\"og:url\" content=\"https:\/\/gokbocki.pl\/index.php\/2022\/08\/22\/wakacje-w-goku-vol-2\/\" \/>\n<meta property=\"og:site_name\" content=\"Gminny O\u015brodek Kultury w Bo\u0107kach\" \/>\n<meta property=\"article:published_time\" content=\"2022-08-22T08:10:58+00:00\" \/>\n<meta property=\"article:modified_time\" content=\"2022-08-29T08:19:53+00:00\" \/>\n<meta property=\"og:image\" content=\"https:\/\/gokbocki.pl\/wp-content\/uploads\/2022\/08\/wakacje-w-goku-Wpis-na-Facebooku.png\" \/>\n\t<meta property=\"og:image:width\" content=\"940\" \/>\n\t<meta property=\"og:image:height\" content=\"788\" \/>\n\t<meta property=\"og:image:type\" content=\"image\/png\" \/>\n<meta name=\"author\" content=\"admin\" \/>\n<meta name=\"twitter:card\" content=\"summary_large_image\" \/>\n<meta name=\"twitter:label1\" content=\"Napisane przez\" \/>\n\t<meta name=\"twitter:data1\" content=\"admin\" \/>\n\t<meta name=\"twitter:label2\" content=\"Szacowany czas czytania\" \/>\n\t<meta name=\"twitter:data2\" content=\"1 minuta\" \/>\n<script type=\"application\/ld+json\" class=\"yoast-schema-graph\">{\"@context\":\"https:\/\/schema.org\",\"@graph\":[{\"@type\":\"WebPage\",\"@id\":\"https:\/\/gokbocki.pl\/index.php\/2022\/08\/22\/wakacje-w-goku-vol-2\/\",\"url\":\"https:\/\/gokbocki.pl\/index.php\/2022\/08\/22\/wakacje-w-goku-vol-2\/\",\"name\":\"Wakacje w Goku vol.2 - Gminny O\u015brodek Kultury w Bo\u0107kach\",\"isPartOf\":{\"@id\":\"https:\/\/gokbocki.pl\/#website\"},\"datePublished\":\"2022-08-22T08:10:58+00:00\",\"dateModified\":\"2022-08-29T08:19:53+00:00\",\"author\":{\"@id\":\"https:\/\/gokbocki.pl\/#\/schema\/person\/32a0381e1f259128348b84ce4d001412\"},\"description\":\"Drogie dzieci z Gmina Bo\u0107ki zapraszamy od 23 do 26 sierpnia w godzinach 10:00-13:00 do wsp\u00f3lnych zabaw i kreatywnych dzia\u0142a\u0144.\",\"breadcrumb\":{\"@id\":\"https:\/\/gokbocki.pl\/index.php\/2022\/08\/22\/wakacje-w-goku-vol-2\/#breadcrumb\"},\"inLanguage\":\"pl-PL\",\"potentialAction\":[{\"@type\":\"ReadAction\",\"target\":[\"https:\/\/gokbocki.pl\/index.php\/2022\/08\/22\/wakacje-w-goku-vol-2\/\"]}]},{\"@type\":\"BreadcrumbList\",\"@id\":\"https:\/\/gokbocki.pl\/index.php\/2022\/08\/22\/wakacje-w-goku-vol-2\/#breadcrumb\",\"itemListElement\":[{\"@type\":\"ListItem\",\"position\":1,\"name\":\"Strona g\u0142\u00f3wna\",\"item\":\"https:\/\/gokbocki.pl\/\"},{\"@type\":\"ListItem\",\"position\":2,\"name\":\"Wakacje w Goku vol.2\"}]},{\"@type\":\"WebSite\",\"@id\":\"https:\/\/gokbocki.pl\/#website\",\"url\":\"https:\/\/gokbocki.pl\/\",\"name\":\"Gminny O\u015brodek Kultury w Bo\u0107kach\",\"description\":\"GOK BO\u0106KI\",\"potentialAction\":[{\"@type\":\"SearchAction\",\"target\":{\"@type\":\"EntryPoint\",\"urlTemplate\":\"https:\/\/gokbocki.pl\/?s={search_term_string}\"},\"query-input\":\"required name=search_term_string\"}],\"inLanguage\":\"pl-PL\"},{\"@type\":\"Person\",\"@id\":\"https:\/\/gokbocki.pl\/#\/schema\/person\/32a0381e1f259128348b84ce4d001412\",\"name\":\"admin\",\"image\":{\"@type\":\"ImageObject\",\"inLanguage\":\"pl-PL\",\"@id\":\"https:\/\/gokbocki.pl\/#\/schema\/person\/image\/\",\"url\":\"https:\/\/secure.gravatar.com\/avatar\/ee27fe75b11e058e31443c0a5a21fc25?s=96&d=mm&r=g\",\"contentUrl\":\"https:\/\/secure.gravatar.com\/avatar\/ee27fe75b11e058e31443c0a5a21fc25?s=96&d=mm&r=g\",\"caption\":\"admin\"},\"url\":\"https:\/\/gokbocki.pl\/index.php\/author\/admin\/\"}]}<\/script>\n<!-- \/ Yoast SEO plugin. -->","yoast_head_json":{"title":"Wakacje w Goku vol.2 - Gminny O\u015brodek Kultury w Bo\u0107kach","description":"Drogie dzieci z Gmina Bo\u0107ki zapraszamy od 23 do 26 sierpnia w godzinach 10:00-13:00 do wsp\u00f3lnych zabaw i kreatywnych dzia\u0142a\u0144.","robots":{"index":"index","follow":"follow","max-snippet":"max-snippet:-1","max-image-preview":"max-image-preview:large","max-video-preview":"max-video-preview:-1"},"canonical":"https:\/\/gokbocki.pl\/index.php\/2022\/08\/22\/wakacje-w-goku-vol-2\/","og_locale":"pl_PL","og_type":"article","og_title":"Wakacje w Goku vol.2 - Gminny O\u015brodek Kultury w Bo\u0107kach","og_description":"Drogie dzieci z Gmina Bo\u0107ki zapraszamy od 23 do 26 sierpnia w godzinach 10:00-13:00 do wsp\u00f3lnych zabaw i kreatywnych dzia\u0142a\u0144.","og_url":"https:\/\/gokbocki.pl\/index.php\/2022\/08\/22\/wakacje-w-goku-vol-2\/","og_site_name":"Gminny O\u015brodek Kultury w Bo\u0107kach","article_published_time":"2022-08-22T08:10:58+00:00","article_modified_time":"2022-08-29T08:19:53+00:00","og_image":[{"width":940,"height":788,"url":"https:\/\/gokbocki.pl\/wp-content\/uploads\/2022\/08\/wakacje-w-goku-Wpis-na-Facebooku.png","type":"image\/png"}],"author":"admin","twitter_card":"summary_large_image","twitter_misc":{"Napisane przez":"admin","Szacowany czas czytania":"1 minuta"},"schema":{"@context":"https:\/\/schema.org","@graph":[{"@type":"WebPage","@id":"https:\/\/gokbocki.pl\/index.php\/2022\/08\/22\/wakacje-w-goku-vol-2\/","url":"https:\/\/gokbocki.pl\/index.php\/2022\/08\/22\/wakacje-w-goku-vol-2\/","name":"Wakacje w Goku vol.2 - Gminny O\u015brodek Kultury w Bo\u0107kach","isPartOf":{"@id":"https:\/\/gokbocki.pl\/#website"},"datePublished":"2022-08-22T08:10:58+00:00","dateModified":"2022-08-29T08:19:53+00:00","author":{"@id":"https:\/\/gokbocki.pl\/#\/schema\/person\/32a0381e1f259128348b84ce4d001412"},"description":"Drogie dzieci z Gmina Bo\u0107ki zapraszamy od 23 do 26 sierpnia w godzinach 10:00-13:00 do wsp\u00f3lnych zabaw i kreatywnych dzia\u0142a\u0144.","breadcrumb":{"@id":"https:\/\/gokbocki.pl\/index.php\/2022\/08\/22\/wakacje-w-goku-vol-2\/#breadcrumb"},"inLanguage":"pl-PL","potentialAction":[{"@type":"ReadAction","target":["https:\/\/gokbocki.pl\/index.php\/2022\/08\/22\/wakacje-w-goku-vol-2\/"]}]},{"@type":"BreadcrumbList","@id":"https:\/\/gokbocki.pl\/index.php\/2022\/08\/22\/wakacje-w-goku-vol-2\/#breadcrumb","itemListElement":[{"@type":"ListItem","position":1,"name":"Strona g\u0142\u00f3wna","item":"https:\/\/gokbocki.pl\/"},{"@type":"ListItem","position":2,"name":"Wakacje w Goku vol.2"}]},{"@type":"WebSite","@id":"https:\/\/gokbocki.pl\/#website","url":"https:\/\/gokbocki.pl\/","name":"Gminny O\u015brodek Kultury w Bo\u0107kach","description":"GOK BO\u0106KI","potentialAction":[{"@type":"SearchAction","target":{"@type":"EntryPoint","urlTemplate":"https:\/\/gokbocki.pl\/?s={search_term_string}"},"query-input":"required name=search_term_string"}],"inLanguage":"pl-PL"},{"@type":"Person","@id":"https:\/\/gokbocki.pl\/#\/schema\/person\/32a0381e1f259128348b84ce4d001412","name":"admin","image":{"@type":"ImageObject","inLanguage":"pl-PL","@id":"https:\/\/gokbocki.pl\/#\/schema\/person\/image\/","url":"https:\/\/secure.gravatar.com\/avatar\/ee27fe75b11e058e31443c0a5a21fc25?s=96&d=mm&r=g","contentUrl":"https:\/\/secure.gravatar.com\/avatar\/ee27fe75b11e058e31443c0a5a21fc25?s=96&d=mm&r=g","caption":"admin"},"url":"https:\/\/gokbocki.pl\/index.php\/author\/admin\/"}]}},"_links":{"self":[{"href":"https:\/\/gokbocki.pl\/index.php\/wp-json\/wp\/v2\/posts\/4014"}],"collection":[{"href":"https:\/\/gokbocki.pl\/index.php\/wp-json\/wp\/v2\/posts"}],"about":[{"href":"https:\/\/gokbocki.pl\/index.php\/wp-json\/wp\/v2\/types\/post"}],"author":[{"embeddable":true,"href":"https:\/\/gokbocki.pl\/index.php\/wp-json\/wp\/v2\/users\/1"}],"replies":[{"embeddable":true,"href":"https:\/\/gokbocki.pl\/index.php\/wp-json\/wp\/v2\/comments?post=4014"}],"version-history":[{"count":2,"href":"https:\/\/gokbocki.pl\/index.php\/wp-json\/wp\/v2\/posts\/4014\/revisions"}],"predecessor-version":[{"id":4017,"href":"https:\/\/gokbocki.pl\/index.php\/wp-json\/wp\/v2\/posts\/4014\/revisions\/4017"}],"wp:featuredmedia":[{"embeddable":true,"href":"https:\/\/gokbocki.pl\/index.php\/wp-json\/wp\/v2\/media\/4015"}],"wp:attachment":[{"href":"https:\/\/gokbocki.pl\/index.php\/wp-json\/wp\/v2\/media?parent=4014"}],"wp:term":[{"taxonomy":"category","embeddable":true,"href":"https:\/\/gokbocki.pl\/index.php\/wp-json\/wp\/v2\/categories?post=4014"},{"taxonomy":"post_tag","embeddable":true,"href":"https:\/\/gokbocki.pl\/index.php\/wp-json\/wp\/v2\/tags?post=4014"}],"curies":[{"name":"wp","href":"https:\/\/api.w.org\/{rel}","templated":true}]}}