{"id":4177,"date":"2023-01-26T09:34:52","date_gmt":"2023-01-26T08:34:52","guid":{"rendered":"https:\/\/gokbocki.pl\/?p=4177"},"modified":"2023-01-26T09:34:53","modified_gmt":"2023-01-26T08:34:53","slug":"ballady-miejskie","status":"publish","type":"post","link":"https:\/\/gokbocki.pl\/index.php\/2023\/01\/26\/ballady-miejskie\/","title":{"rendered":"Ballady Miejskie"},"content":{"rendered":"\t\t<div data-elementor-type=\"wp-post\" data-elementor-id=\"4177\" class=\"elementor elementor-4177\">\n\t\t\t\t\t\t<div class=\"elementor-inner\">\n\t\t\t\t<div class=\"elementor-section-wrap\">\n\t\t\t\t\t\t\t\t\t<section class=\"elementor-section elementor-top-section elementor-element elementor-element-56593901 elementor-section-boxed elementor-section-height-default elementor-section-height-default\" data-id=\"56593901\" data-element_type=\"section\">\n\t\t\t\t\t\t<div class=\"elementor-container elementor-column-gap-default\">\n\t\t\t\t\t\t\t<div class=\"elementor-row\">\n\t\t\t\t\t<div class=\"elementor-column elementor-col-100 elementor-top-column elementor-element elementor-element-71f0244e\" data-id=\"71f0244e\" data-element_type=\"column\">\n\t\t\t<div class=\"elementor-column-wrap elementor-element-populated\">\n\t\t\t\t\t\t\t<div class=\"elementor-widget-wrap\">\n\t\t\t\t\t\t<div class=\"elementor-element elementor-element-364f31c7 elementor-widget elementor-widget-text-editor\" data-id=\"364f31c7\" data-element_type=\"widget\" data-widget_type=\"text-editor.default\">\n\t\t\t\t<div class=\"elementor-widget-container\">\n\t\t\t\t\t\t\t\t<div class=\"elementor-text-editor elementor-clearfix\">\n\t\t\t\t<p><!-- wp:paragraph --><\/p>\n<p>Zapraszamy Pa\u0144stwa na wernisa\u017c wyj\u0105tkowej wystawy kt\u00f3ra zostanie w naszym o\u015brodku na ca\u0142y najbli\u017cszy miesi\u0105c !<\/p>\n<p>WST\u0118P NA WERNISA\u017b: Bezp\u0142atny<br \/>WST\u0118P NA WYSTAW\u0118: Bezp\u0142atny<br \/>poniedzia\u0142ki- 08:00- 16:00<br \/>Wtorki- Pi\u0105tki- 08:00- 20:00<br \/>Soboty oraz Niedziele- zwiedzanie umawiane indywidualnie.<br \/>Zwiedzanie grupowe umawiane indywidualnie.kontakt: tel. 85-731-30-43, e-mail. gok@gokbocki.pl<\/p>\n<p>Wystawa powsta\u0142a w ramach projektu \u201eMickiewicz-FUSION\u201d, dofinansowanego ze \u015brodk\u00f3w Ministra Kultury i Dziedzictwa Narodowego pochodz\u0105cych z Funduszu Promocji Kultury w ramach programu \u201eMuzyka\u201d, realizowanego przez Narodowy Instytut Muzyki i Ta\u0144ca\u201d.Prace wchodz\u0105ce w sk\u0142ad wystawy \u201eBallady miejskie\u201d inspirowane s\u0105 tekstami Adama Mickiewicza. To wizualne przeniesienie ludowych poda\u0144, wierze\u0144 w czasy wsp\u00f3\u0142czesne i obrazowe osadzenie ich w realiach nam bliskich, jest ambitnym i przyci\u0105gaj\u0105cym zabiegiem artystycznym. Umiejscowienie obrazu we wsp\u00f3\u0142czesno\u015bci i estetyka prac wpisuj\u0105 si\u0119 w nurt tzw. urban fantasy, czyli ba\u015bni miejskich, kt\u00f3re \u015bwi\u0119c\u0105 triumfy w ostatnich latach, zar\u00f3wno w literaturze, filmie jak i grach. Utwory romantyczne zdaj\u0105 wr\u0119cz stworzone do ubrania w kontrastuj\u0105ce obrazy starych legend osadzonych w tera\u017aniejszo\u015bci. Wed\u0142ug romantyk\u00f3w \u015bwiat dzieli\u0142 si\u0119 na to, co widzialne (materialne) i poznawalne zmys\u0142owo oraz na to, co niewidzialne (duchowe). Te dwie kontrastuj\u0105ce po\u0142owy to nic innego jak materialne urban i duchowe fantasy.Mateusz Bielski \u2013 ilustrator i artysta koncepcyjny, wsp\u00f3\u0142pracuj\u0105cy z czo\u0142owymi wydawnictwami polskimi i zagranicznymi. W jego dorobku znajduj\u0105 si\u0119 gry planszowe, figurkowe i karciane, ok\u0142adki ksi\u0105\u017cek i komiks\u00f3w. Tworzy technikami cyfrowymi okazjonalnie si\u0119gaj\u0105c po tradycyjne media. Organizator gier fabularnych i miejskich, fascynat legend i mitologii. Animator kultury, cz\u0142onek fundacji Graj\u0105cy Bia\u0142ystok, wsp\u00f3\u0142organizator cyklicznych spotka\u0144 z grami analogowymi \u201ePlansz\u00f3wki Johnny\u2019ego i Mateusza\u201d.<br \/>Mickiewicz-FUSION Projekt realizowany przez Ksi\u0105\u017cnica Podlaska im. \u0141ukasza G\u00f3rnickiego w Bia\u0142ymstoku<\/p>\n<p><!-- \/wp:paragraph --><\/p>\t\t\t\t\t<\/div>\n\t\t\t\t\t\t<\/div>\n\t\t\t\t<\/div>\n\t\t\t\t\t\t<\/div>\n\t\t\t\t\t<\/div>\n\t\t<\/div>\n\t\t\t\t\t\t\t\t<\/div>\n\t\t\t\t\t<\/div>\n\t\t<\/section>\n\t\t\t\t\t\t\t\t\t<\/div>\n\t\t\t<\/div>\n\t\t\t\t\t<\/div>\n\t\t","protected":false},"excerpt":{"rendered":"<p>Zapraszamy Pa\u0144stwa na wernisa\u017c wyj\u0105tkowej wystawy kt\u00f3ra zostanie w naszym o\u015brodku na ca\u0142y najbli\u017cszy miesi\u0105c ! WST\u0118P NA WERNISA\u017b: Bezp\u0142atnyWST\u0118P NA WYSTAW\u0118: Bezp\u0142atnyponiedzia\u0142ki- 08:00- 16:00Wtorki- Pi\u0105tki- 08:00- 20:00Soboty oraz Niedziele- zwiedzanie umawiane indywidualnie.Zwiedzanie grupowe umawiane indywidualnie.kontakt: tel. 85-731-30-43, e-mail. gok@gokbocki.pl Wystawa powsta\u0142a w ramach projektu \u201eMickiewicz-FUSION\u201d, dofinansowanego ze \u015brodk\u00f3w Ministra Kultury i Dziedzictwa Narodowego pochodz\u0105cych [&hellip;]<\/p>\n","protected":false},"author":1,"featured_media":4179,"comment_status":"open","ping_status":"open","sticky":false,"template":"","format":"standard","meta":[],"categories":[24],"tags":[],"yoast_head":"<!-- This site is optimized with the Yoast SEO plugin v20.2.1 - https:\/\/yoast.com\/wordpress\/plugins\/seo\/ -->\n<title>Ballady Miejskie - Gminny O\u015brodek Kultury w Bo\u0107kach<\/title>\n<meta name=\"robots\" content=\"index, follow, max-snippet:-1, max-image-preview:large, max-video-preview:-1\" \/>\n<link rel=\"canonical\" href=\"https:\/\/gokbocki.pl\/index.php\/2023\/01\/26\/ballady-miejskie\/\" \/>\n<meta property=\"og:locale\" content=\"pl_PL\" \/>\n<meta property=\"og:type\" content=\"article\" \/>\n<meta property=\"og:title\" content=\"Ballady Miejskie - Gminny O\u015brodek Kultury w Bo\u0107kach\" \/>\n<meta property=\"og:description\" content=\"Zapraszamy Pa\u0144stwa na wernisa\u017c wyj\u0105tkowej wystawy kt\u00f3ra zostanie w naszym o\u015brodku na ca\u0142y najbli\u017cszy miesi\u0105c ! WST\u0118P NA WERNISA\u017b: Bezp\u0142atnyWST\u0118P NA WYSTAW\u0118: Bezp\u0142atnyponiedzia\u0142ki- 08:00- 16:00Wtorki- Pi\u0105tki- 08:00- 20:00Soboty oraz Niedziele- zwiedzanie umawiane indywidualnie.Zwiedzanie grupowe umawiane indywidualnie.kontakt: tel. 85-731-30-43, e-mail. gok@gokbocki.pl Wystawa powsta\u0142a w ramach projektu \u201eMickiewicz-FUSION\u201d, dofinansowanego ze \u015brodk\u00f3w Ministra Kultury i Dziedzictwa Narodowego pochodz\u0105cych [&hellip;]\" \/>\n<meta property=\"og:url\" content=\"https:\/\/gokbocki.pl\/index.php\/2023\/01\/26\/ballady-miejskie\/\" \/>\n<meta property=\"og:site_name\" content=\"Gminny O\u015brodek Kultury w Bo\u0107kach\" \/>\n<meta property=\"article:published_time\" content=\"2023-01-26T08:34:52+00:00\" \/>\n<meta property=\"article:modified_time\" content=\"2023-01-26T08:34:53+00:00\" \/>\n<meta property=\"og:image\" content=\"https:\/\/gokbocki.pl\/wp-content\/uploads\/2023\/01\/323447996_735227527987585_4874197795214759223_n.jpg\" \/>\n\t<meta property=\"og:image:width\" content=\"1640\" \/>\n\t<meta property=\"og:image:height\" content=\"924\" \/>\n\t<meta property=\"og:image:type\" content=\"image\/jpeg\" \/>\n<meta name=\"author\" content=\"admin\" \/>\n<meta name=\"twitter:card\" content=\"summary_large_image\" \/>\n<meta name=\"twitter:label1\" content=\"Napisane przez\" \/>\n\t<meta name=\"twitter:data1\" content=\"admin\" \/>\n\t<meta name=\"twitter:label2\" content=\"Szacowany czas czytania\" \/>\n\t<meta name=\"twitter:data2\" content=\"2 minuty\" \/>\n<script type=\"application\/ld+json\" class=\"yoast-schema-graph\">{\"@context\":\"https:\/\/schema.org\",\"@graph\":[{\"@type\":\"WebPage\",\"@id\":\"https:\/\/gokbocki.pl\/index.php\/2023\/01\/26\/ballady-miejskie\/\",\"url\":\"https:\/\/gokbocki.pl\/index.php\/2023\/01\/26\/ballady-miejskie\/\",\"name\":\"Ballady Miejskie - Gminny O\u015brodek Kultury w Bo\u0107kach\",\"isPartOf\":{\"@id\":\"https:\/\/gokbocki.pl\/#website\"},\"datePublished\":\"2023-01-26T08:34:52+00:00\",\"dateModified\":\"2023-01-26T08:34:53+00:00\",\"author\":{\"@id\":\"https:\/\/gokbocki.pl\/#\/schema\/person\/32a0381e1f259128348b84ce4d001412\"},\"breadcrumb\":{\"@id\":\"https:\/\/gokbocki.pl\/index.php\/2023\/01\/26\/ballady-miejskie\/#breadcrumb\"},\"inLanguage\":\"pl-PL\",\"potentialAction\":[{\"@type\":\"ReadAction\",\"target\":[\"https:\/\/gokbocki.pl\/index.php\/2023\/01\/26\/ballady-miejskie\/\"]}]},{\"@type\":\"BreadcrumbList\",\"@id\":\"https:\/\/gokbocki.pl\/index.php\/2023\/01\/26\/ballady-miejskie\/#breadcrumb\",\"itemListElement\":[{\"@type\":\"ListItem\",\"position\":1,\"name\":\"Strona g\u0142\u00f3wna\",\"item\":\"https:\/\/gokbocki.pl\/\"},{\"@type\":\"ListItem\",\"position\":2,\"name\":\"Ballady Miejskie\"}]},{\"@type\":\"WebSite\",\"@id\":\"https:\/\/gokbocki.pl\/#website\",\"url\":\"https:\/\/gokbocki.pl\/\",\"name\":\"Gminny O\u015brodek Kultury w Bo\u0107kach\",\"description\":\"GOK BO\u0106KI\",\"potentialAction\":[{\"@type\":\"SearchAction\",\"target\":{\"@type\":\"EntryPoint\",\"urlTemplate\":\"https:\/\/gokbocki.pl\/?s={search_term_string}\"},\"query-input\":\"required name=search_term_string\"}],\"inLanguage\":\"pl-PL\"},{\"@type\":\"Person\",\"@id\":\"https:\/\/gokbocki.pl\/#\/schema\/person\/32a0381e1f259128348b84ce4d001412\",\"name\":\"admin\",\"image\":{\"@type\":\"ImageObject\",\"inLanguage\":\"pl-PL\",\"@id\":\"https:\/\/gokbocki.pl\/#\/schema\/person\/image\/\",\"url\":\"https:\/\/secure.gravatar.com\/avatar\/ee27fe75b11e058e31443c0a5a21fc25?s=96&d=mm&r=g\",\"contentUrl\":\"https:\/\/secure.gravatar.com\/avatar\/ee27fe75b11e058e31443c0a5a21fc25?s=96&d=mm&r=g\",\"caption\":\"admin\"},\"url\":\"https:\/\/gokbocki.pl\/index.php\/author\/admin\/\"}]}<\/script>\n<!-- \/ Yoast SEO plugin. -->","yoast_head_json":{"title":"Ballady Miejskie - Gminny O\u015brodek Kultury w Bo\u0107kach","robots":{"index":"index","follow":"follow","max-snippet":"max-snippet:-1","max-image-preview":"max-image-preview:large","max-video-preview":"max-video-preview:-1"},"canonical":"https:\/\/gokbocki.pl\/index.php\/2023\/01\/26\/ballady-miejskie\/","og_locale":"pl_PL","og_type":"article","og_title":"Ballady Miejskie - Gminny O\u015brodek Kultury w Bo\u0107kach","og_description":"Zapraszamy Pa\u0144stwa na wernisa\u017c wyj\u0105tkowej wystawy kt\u00f3ra zostanie w naszym o\u015brodku na ca\u0142y najbli\u017cszy miesi\u0105c ! WST\u0118P NA WERNISA\u017b: Bezp\u0142atnyWST\u0118P NA WYSTAW\u0118: Bezp\u0142atnyponiedzia\u0142ki- 08:00- 16:00Wtorki- Pi\u0105tki- 08:00- 20:00Soboty oraz Niedziele- zwiedzanie umawiane indywidualnie.Zwiedzanie grupowe umawiane indywidualnie.kontakt: tel. 85-731-30-43, e-mail. gok@gokbocki.pl Wystawa powsta\u0142a w ramach projektu \u201eMickiewicz-FUSION\u201d, dofinansowanego ze \u015brodk\u00f3w Ministra Kultury i Dziedzictwa Narodowego pochodz\u0105cych [&hellip;]","og_url":"https:\/\/gokbocki.pl\/index.php\/2023\/01\/26\/ballady-miejskie\/","og_site_name":"Gminny O\u015brodek Kultury w Bo\u0107kach","article_published_time":"2023-01-26T08:34:52+00:00","article_modified_time":"2023-01-26T08:34:53+00:00","og_image":[{"width":1640,"height":924,"url":"https:\/\/gokbocki.pl\/wp-content\/uploads\/2023\/01\/323447996_735227527987585_4874197795214759223_n.jpg","type":"image\/jpeg"}],"author":"admin","twitter_card":"summary_large_image","twitter_misc":{"Napisane przez":"admin","Szacowany czas czytania":"2 minuty"},"schema":{"@context":"https:\/\/schema.org","@graph":[{"@type":"WebPage","@id":"https:\/\/gokbocki.pl\/index.php\/2023\/01\/26\/ballady-miejskie\/","url":"https:\/\/gokbocki.pl\/index.php\/2023\/01\/26\/ballady-miejskie\/","name":"Ballady Miejskie - Gminny O\u015brodek Kultury w Bo\u0107kach","isPartOf":{"@id":"https:\/\/gokbocki.pl\/#website"},"datePublished":"2023-01-26T08:34:52+00:00","dateModified":"2023-01-26T08:34:53+00:00","author":{"@id":"https:\/\/gokbocki.pl\/#\/schema\/person\/32a0381e1f259128348b84ce4d001412"},"breadcrumb":{"@id":"https:\/\/gokbocki.pl\/index.php\/2023\/01\/26\/ballady-miejskie\/#breadcrumb"},"inLanguage":"pl-PL","potentialAction":[{"@type":"ReadAction","target":["https:\/\/gokbocki.pl\/index.php\/2023\/01\/26\/ballady-miejskie\/"]}]},{"@type":"BreadcrumbList","@id":"https:\/\/gokbocki.pl\/index.php\/2023\/01\/26\/ballady-miejskie\/#breadcrumb","itemListElement":[{"@type":"ListItem","position":1,"name":"Strona g\u0142\u00f3wna","item":"https:\/\/gokbocki.pl\/"},{"@type":"ListItem","position":2,"name":"Ballady Miejskie"}]},{"@type":"WebSite","@id":"https:\/\/gokbocki.pl\/#website","url":"https:\/\/gokbocki.pl\/","name":"Gminny O\u015brodek Kultury w Bo\u0107kach","description":"GOK BO\u0106KI","potentialAction":[{"@type":"SearchAction","target":{"@type":"EntryPoint","urlTemplate":"https:\/\/gokbocki.pl\/?s={search_term_string}"},"query-input":"required name=search_term_string"}],"inLanguage":"pl-PL"},{"@type":"Person","@id":"https:\/\/gokbocki.pl\/#\/schema\/person\/32a0381e1f259128348b84ce4d001412","name":"admin","image":{"@type":"ImageObject","inLanguage":"pl-PL","@id":"https:\/\/gokbocki.pl\/#\/schema\/person\/image\/","url":"https:\/\/secure.gravatar.com\/avatar\/ee27fe75b11e058e31443c0a5a21fc25?s=96&d=mm&r=g","contentUrl":"https:\/\/secure.gravatar.com\/avatar\/ee27fe75b11e058e31443c0a5a21fc25?s=96&d=mm&r=g","caption":"admin"},"url":"https:\/\/gokbocki.pl\/index.php\/author\/admin\/"}]}},"_links":{"self":[{"href":"https:\/\/gokbocki.pl\/index.php\/wp-json\/wp\/v2\/posts\/4177"}],"collection":[{"href":"https:\/\/gokbocki.pl\/index.php\/wp-json\/wp\/v2\/posts"}],"about":[{"href":"https:\/\/gokbocki.pl\/index.php\/wp-json\/wp\/v2\/types\/post"}],"author":[{"embeddable":true,"href":"https:\/\/gokbocki.pl\/index.php\/wp-json\/wp\/v2\/users\/1"}],"replies":[{"embeddable":true,"href":"https:\/\/gokbocki.pl\/index.php\/wp-json\/wp\/v2\/comments?post=4177"}],"version-history":[{"count":2,"href":"https:\/\/gokbocki.pl\/index.php\/wp-json\/wp\/v2\/posts\/4177\/revisions"}],"predecessor-version":[{"id":4180,"href":"https:\/\/gokbocki.pl\/index.php\/wp-json\/wp\/v2\/posts\/4177\/revisions\/4180"}],"wp:featuredmedia":[{"embeddable":true,"href":"https:\/\/gokbocki.pl\/index.php\/wp-json\/wp\/v2\/media\/4179"}],"wp:attachment":[{"href":"https:\/\/gokbocki.pl\/index.php\/wp-json\/wp\/v2\/media?parent=4177"}],"wp:term":[{"taxonomy":"category","embeddable":true,"href":"https:\/\/gokbocki.pl\/index.php\/wp-json\/wp\/v2\/categories?post=4177"},{"taxonomy":"post_tag","embeddable":true,"href":"https:\/\/gokbocki.pl\/index.php\/wp-json\/wp\/v2\/tags?post=4177"}],"curies":[{"name":"wp","href":"https:\/\/api.w.org\/{rel}","templated":true}]}}