{"id":4265,"date":"2023-03-23T09:58:41","date_gmt":"2023-03-23T08:58:41","guid":{"rendered":"https:\/\/gokbocki.pl\/?p=4265"},"modified":"2023-05-17T10:03:34","modified_gmt":"2023-05-17T08:03:34","slug":"wielkanocne-warsztaty-plecenia-palm-wielkanocnych","status":"publish","type":"post","link":"https:\/\/gokbocki.pl\/index.php\/2023\/03\/23\/wielkanocne-warsztaty-plecenia-palm-wielkanocnych\/","title":{"rendered":"Wielkanocne warsztaty plecenia palm wielkanocnych"},"content":{"rendered":"\n<figure class=\"wp-block-image size-large\"><img decoding=\"async\" loading=\"lazy\" width=\"724\" height=\"1024\" src=\"https:\/\/gokbocki.pl\/wp-content\/uploads\/2023\/05\/331521163_2372353306259472_403358112336523315_n-724x1024.jpg\" alt=\"\" class=\"wp-image-4266\" srcset=\"https:\/\/gokbocki.pl\/wp-content\/uploads\/2023\/05\/331521163_2372353306259472_403358112336523315_n-724x1024.jpg 724w, https:\/\/gokbocki.pl\/wp-content\/uploads\/2023\/05\/331521163_2372353306259472_403358112336523315_n-212x300.jpg 212w, https:\/\/gokbocki.pl\/wp-content\/uploads\/2023\/05\/331521163_2372353306259472_403358112336523315_n-768x1086.jpg 768w, https:\/\/gokbocki.pl\/wp-content\/uploads\/2023\/05\/331521163_2372353306259472_403358112336523315_n-1086x1536.jpg 1086w, https:\/\/gokbocki.pl\/wp-content\/uploads\/2023\/05\/331521163_2372353306259472_403358112336523315_n-820x1160.jpg 820w, https:\/\/gokbocki.pl\/wp-content\/uploads\/2023\/05\/331521163_2372353306259472_403358112336523315_n.jpg 1414w\" sizes=\"(max-width: 724px) 100vw, 724px\" \/><\/figure>\n\n\n\n<p>Zapraszamy Pa\u0144stwa na kolejne wydarzenie w naszym o\u015brodku kultury<br>Tym razem zajmiemy si\u0119 tworzeniem PALM WIELKANOCNYCH<br><img decoding=\"async\" loading=\"lazy\" alt=\"&#x1f4cd;\" src=\"https:\/\/static.xx.fbcdn.net\/images\/emoji.php\/v9\/t86\/1.5\/16\/1f4cd.png\" width=\"16\" height=\"16\">Kiedy? 30 marca ( czwartek)<br><img decoding=\"async\" loading=\"lazy\" alt=\"&#x1f4cd;\" src=\"https:\/\/static.xx.fbcdn.net\/images\/emoji.php\/v9\/t86\/1.5\/16\/1f4cd.png\" width=\"16\" height=\"16\">O kt\u00f3rej? 17:00<br><img decoding=\"async\" loading=\"lazy\" alt=\"&#x1f4cd;\" src=\"https:\/\/static.xx.fbcdn.net\/images\/emoji.php\/v9\/t86\/1.5\/16\/1f4cd.png\" width=\"16\" height=\"16\">Gdzie? Gminny O\u015brodek Kultury w Bo\u0107kach<br><img decoding=\"async\" loading=\"lazy\" alt=\"&#x1f4cd;\" src=\"https:\/\/static.xx.fbcdn.net\/images\/emoji.php\/v9\/t86\/1.5\/16\/1f4cd.png\" width=\"16\" height=\"16\">Koszt ? 35 z\u0142\/os<br><img decoding=\"async\" loading=\"lazy\" alt=\"&#x1f4cd;\" src=\"https:\/\/static.xx.fbcdn.net\/images\/emoji.php\/v9\/t86\/1.5\/16\/1f4cd.png\" width=\"16\" height=\"16\">D\u0142ugo\u015b\u0107 trwania warsztat\u00f3w 3 godziny<br>Warsztaty poprowadzi Andrzej Wrzecionko<br><img decoding=\"async\" loading=\"lazy\" alt=\"&#x2757;&#xfe0f;\" src=\"https:\/\/static.xx.fbcdn.net\/images\/emoji.php\/v9\/td7\/1.5\/16\/2757.png\" width=\"16\" height=\"16\">U W A G A <img decoding=\"async\" loading=\"lazy\" alt=\"&#x2757;&#xfe0f;\" src=\"https:\/\/static.xx.fbcdn.net\/images\/emoji.php\/v9\/td7\/1.5\/16\/2757.png\" width=\"16\" height=\"16\"><br>Ilo\u015b\u0107 miejsc ograniczona&#8230;<\/p>\n","protected":false},"excerpt":{"rendered":"<p>Zapraszamy Pa\u0144stwa na kolejne wydarzenie w naszym o\u015brodku kulturyTym razem zajmiemy si\u0119 tworzeniem PALM WIELKANOCNYCHKiedy? 30 marca ( czwartek)O kt\u00f3rej? 17:00Gdzie? Gminny O\u015brodek Kultury w Bo\u0107kachKoszt ? 35 z\u0142\/osD\u0142ugo\u015b\u0107 trwania warsztat\u00f3w 3 godzinyWarsztaty poprowadzi Andrzej WrzecionkoU W A G A Ilo\u015b\u0107 miejsc ograniczona&#8230;<\/p>\n","protected":false},"author":1,"featured_media":4266,"comment_status":"open","ping_status":"open","sticky":false,"template":"","format":"standard","meta":[],"categories":[24],"tags":[],"yoast_head":"<!-- This site is optimized with the Yoast SEO plugin v20.2.1 - https:\/\/yoast.com\/wordpress\/plugins\/seo\/ -->\n<title>Wielkanocne warsztaty plecenia palm wielkanocnych - Gminny O\u015brodek Kultury w Bo\u0107kach<\/title>\n<meta name=\"robots\" content=\"index, follow, max-snippet:-1, max-image-preview:large, max-video-preview:-1\" \/>\n<link rel=\"canonical\" href=\"https:\/\/gokbocki.pl\/index.php\/2023\/03\/23\/wielkanocne-warsztaty-plecenia-palm-wielkanocnych\/\" \/>\n<meta property=\"og:locale\" content=\"pl_PL\" \/>\n<meta property=\"og:type\" content=\"article\" \/>\n<meta property=\"og:title\" content=\"Wielkanocne warsztaty plecenia palm wielkanocnych - Gminny O\u015brodek Kultury w Bo\u0107kach\" \/>\n<meta property=\"og:description\" content=\"Zapraszamy Pa\u0144stwa na kolejne wydarzenie w naszym o\u015brodku kulturyTym razem zajmiemy si\u0119 tworzeniem PALM WIELKANOCNYCHKiedy? 30 marca ( czwartek)O kt\u00f3rej? 17:00Gdzie? Gminny O\u015brodek Kultury w Bo\u0107kachKoszt ? 35 z\u0142\/osD\u0142ugo\u015b\u0107 trwania warsztat\u00f3w 3 godzinyWarsztaty poprowadzi Andrzej WrzecionkoU W A G A Ilo\u015b\u0107 miejsc ograniczona&#8230;\" \/>\n<meta property=\"og:url\" content=\"https:\/\/gokbocki.pl\/index.php\/2023\/03\/23\/wielkanocne-warsztaty-plecenia-palm-wielkanocnych\/\" \/>\n<meta property=\"og:site_name\" content=\"Gminny O\u015brodek Kultury w Bo\u0107kach\" \/>\n<meta property=\"article:published_time\" content=\"2023-03-23T08:58:41+00:00\" \/>\n<meta property=\"article:modified_time\" content=\"2023-05-17T08:03:34+00:00\" \/>\n<meta property=\"og:image\" content=\"https:\/\/gokbocki.pl\/wp-content\/uploads\/2023\/05\/331521163_2372353306259472_403358112336523315_n.jpg\" \/>\n\t<meta property=\"og:image:width\" content=\"1414\" \/>\n\t<meta property=\"og:image:height\" content=\"2000\" \/>\n\t<meta property=\"og:image:type\" content=\"image\/jpeg\" \/>\n<meta name=\"author\" content=\"admin\" \/>\n<meta name=\"twitter:card\" content=\"summary_large_image\" \/>\n<meta name=\"twitter:label1\" content=\"Napisane przez\" \/>\n\t<meta name=\"twitter:data1\" content=\"admin\" \/>\n\t<meta name=\"twitter:label2\" content=\"Szacowany czas czytania\" \/>\n\t<meta name=\"twitter:data2\" content=\"2 minuty\" \/>\n<script type=\"application\/ld+json\" class=\"yoast-schema-graph\">{\"@context\":\"https:\/\/schema.org\",\"@graph\":[{\"@type\":\"WebPage\",\"@id\":\"https:\/\/gokbocki.pl\/index.php\/2023\/03\/23\/wielkanocne-warsztaty-plecenia-palm-wielkanocnych\/\",\"url\":\"https:\/\/gokbocki.pl\/index.php\/2023\/03\/23\/wielkanocne-warsztaty-plecenia-palm-wielkanocnych\/\",\"name\":\"Wielkanocne warsztaty plecenia palm wielkanocnych - Gminny O\u015brodek Kultury w Bo\u0107kach\",\"isPartOf\":{\"@id\":\"https:\/\/gokbocki.pl\/#website\"},\"datePublished\":\"2023-03-23T08:58:41+00:00\",\"dateModified\":\"2023-05-17T08:03:34+00:00\",\"author\":{\"@id\":\"https:\/\/gokbocki.pl\/#\/schema\/person\/32a0381e1f259128348b84ce4d001412\"},\"breadcrumb\":{\"@id\":\"https:\/\/gokbocki.pl\/index.php\/2023\/03\/23\/wielkanocne-warsztaty-plecenia-palm-wielkanocnych\/#breadcrumb\"},\"inLanguage\":\"pl-PL\",\"potentialAction\":[{\"@type\":\"ReadAction\",\"target\":[\"https:\/\/gokbocki.pl\/index.php\/2023\/03\/23\/wielkanocne-warsztaty-plecenia-palm-wielkanocnych\/\"]}]},{\"@type\":\"BreadcrumbList\",\"@id\":\"https:\/\/gokbocki.pl\/index.php\/2023\/03\/23\/wielkanocne-warsztaty-plecenia-palm-wielkanocnych\/#breadcrumb\",\"itemListElement\":[{\"@type\":\"ListItem\",\"position\":1,\"name\":\"Strona g\u0142\u00f3wna\",\"item\":\"https:\/\/gokbocki.pl\/\"},{\"@type\":\"ListItem\",\"position\":2,\"name\":\"Wielkanocne warsztaty plecenia palm wielkanocnych\"}]},{\"@type\":\"WebSite\",\"@id\":\"https:\/\/gokbocki.pl\/#website\",\"url\":\"https:\/\/gokbocki.pl\/\",\"name\":\"Gminny O\u015brodek Kultury w Bo\u0107kach\",\"description\":\"GOK BO\u0106KI\",\"potentialAction\":[{\"@type\":\"SearchAction\",\"target\":{\"@type\":\"EntryPoint\",\"urlTemplate\":\"https:\/\/gokbocki.pl\/?s={search_term_string}\"},\"query-input\":\"required name=search_term_string\"}],\"inLanguage\":\"pl-PL\"},{\"@type\":\"Person\",\"@id\":\"https:\/\/gokbocki.pl\/#\/schema\/person\/32a0381e1f259128348b84ce4d001412\",\"name\":\"admin\",\"image\":{\"@type\":\"ImageObject\",\"inLanguage\":\"pl-PL\",\"@id\":\"https:\/\/gokbocki.pl\/#\/schema\/person\/image\/\",\"url\":\"https:\/\/secure.gravatar.com\/avatar\/ee27fe75b11e058e31443c0a5a21fc25?s=96&d=mm&r=g\",\"contentUrl\":\"https:\/\/secure.gravatar.com\/avatar\/ee27fe75b11e058e31443c0a5a21fc25?s=96&d=mm&r=g\",\"caption\":\"admin\"},\"url\":\"https:\/\/gokbocki.pl\/index.php\/author\/admin\/\"}]}<\/script>\n<!-- \/ Yoast SEO plugin. -->","yoast_head_json":{"title":"Wielkanocne warsztaty plecenia palm wielkanocnych - Gminny O\u015brodek Kultury w Bo\u0107kach","robots":{"index":"index","follow":"follow","max-snippet":"max-snippet:-1","max-image-preview":"max-image-preview:large","max-video-preview":"max-video-preview:-1"},"canonical":"https:\/\/gokbocki.pl\/index.php\/2023\/03\/23\/wielkanocne-warsztaty-plecenia-palm-wielkanocnych\/","og_locale":"pl_PL","og_type":"article","og_title":"Wielkanocne warsztaty plecenia palm wielkanocnych - Gminny O\u015brodek Kultury w Bo\u0107kach","og_description":"Zapraszamy Pa\u0144stwa na kolejne wydarzenie w naszym o\u015brodku kulturyTym razem zajmiemy si\u0119 tworzeniem PALM WIELKANOCNYCHKiedy? 30 marca ( czwartek)O kt\u00f3rej? 17:00Gdzie? Gminny O\u015brodek Kultury w Bo\u0107kachKoszt ? 35 z\u0142\/osD\u0142ugo\u015b\u0107 trwania warsztat\u00f3w 3 godzinyWarsztaty poprowadzi Andrzej WrzecionkoU W A G A Ilo\u015b\u0107 miejsc ograniczona&#8230;","og_url":"https:\/\/gokbocki.pl\/index.php\/2023\/03\/23\/wielkanocne-warsztaty-plecenia-palm-wielkanocnych\/","og_site_name":"Gminny O\u015brodek Kultury w Bo\u0107kach","article_published_time":"2023-03-23T08:58:41+00:00","article_modified_time":"2023-05-17T08:03:34+00:00","og_image":[{"width":1414,"height":2000,"url":"https:\/\/gokbocki.pl\/wp-content\/uploads\/2023\/05\/331521163_2372353306259472_403358112336523315_n.jpg","type":"image\/jpeg"}],"author":"admin","twitter_card":"summary_large_image","twitter_misc":{"Napisane przez":"admin","Szacowany czas czytania":"2 minuty"},"schema":{"@context":"https:\/\/schema.org","@graph":[{"@type":"WebPage","@id":"https:\/\/gokbocki.pl\/index.php\/2023\/03\/23\/wielkanocne-warsztaty-plecenia-palm-wielkanocnych\/","url":"https:\/\/gokbocki.pl\/index.php\/2023\/03\/23\/wielkanocne-warsztaty-plecenia-palm-wielkanocnych\/","name":"Wielkanocne warsztaty plecenia palm wielkanocnych - Gminny O\u015brodek Kultury w Bo\u0107kach","isPartOf":{"@id":"https:\/\/gokbocki.pl\/#website"},"datePublished":"2023-03-23T08:58:41+00:00","dateModified":"2023-05-17T08:03:34+00:00","author":{"@id":"https:\/\/gokbocki.pl\/#\/schema\/person\/32a0381e1f259128348b84ce4d001412"},"breadcrumb":{"@id":"https:\/\/gokbocki.pl\/index.php\/2023\/03\/23\/wielkanocne-warsztaty-plecenia-palm-wielkanocnych\/#breadcrumb"},"inLanguage":"pl-PL","potentialAction":[{"@type":"ReadAction","target":["https:\/\/gokbocki.pl\/index.php\/2023\/03\/23\/wielkanocne-warsztaty-plecenia-palm-wielkanocnych\/"]}]},{"@type":"BreadcrumbList","@id":"https:\/\/gokbocki.pl\/index.php\/2023\/03\/23\/wielkanocne-warsztaty-plecenia-palm-wielkanocnych\/#breadcrumb","itemListElement":[{"@type":"ListItem","position":1,"name":"Strona g\u0142\u00f3wna","item":"https:\/\/gokbocki.pl\/"},{"@type":"ListItem","position":2,"name":"Wielkanocne warsztaty plecenia palm wielkanocnych"}]},{"@type":"WebSite","@id":"https:\/\/gokbocki.pl\/#website","url":"https:\/\/gokbocki.pl\/","name":"Gminny O\u015brodek Kultury w Bo\u0107kach","description":"GOK BO\u0106KI","potentialAction":[{"@type":"SearchAction","target":{"@type":"EntryPoint","urlTemplate":"https:\/\/gokbocki.pl\/?s={search_term_string}"},"query-input":"required name=search_term_string"}],"inLanguage":"pl-PL"},{"@type":"Person","@id":"https:\/\/gokbocki.pl\/#\/schema\/person\/32a0381e1f259128348b84ce4d001412","name":"admin","image":{"@type":"ImageObject","inLanguage":"pl-PL","@id":"https:\/\/gokbocki.pl\/#\/schema\/person\/image\/","url":"https:\/\/secure.gravatar.com\/avatar\/ee27fe75b11e058e31443c0a5a21fc25?s=96&d=mm&r=g","contentUrl":"https:\/\/secure.gravatar.com\/avatar\/ee27fe75b11e058e31443c0a5a21fc25?s=96&d=mm&r=g","caption":"admin"},"url":"https:\/\/gokbocki.pl\/index.php\/author\/admin\/"}]}},"_links":{"self":[{"href":"https:\/\/gokbocki.pl\/index.php\/wp-json\/wp\/v2\/posts\/4265"}],"collection":[{"href":"https:\/\/gokbocki.pl\/index.php\/wp-json\/wp\/v2\/posts"}],"about":[{"href":"https:\/\/gokbocki.pl\/index.php\/wp-json\/wp\/v2\/types\/post"}],"author":[{"embeddable":true,"href":"https:\/\/gokbocki.pl\/index.php\/wp-json\/wp\/v2\/users\/1"}],"replies":[{"embeddable":true,"href":"https:\/\/gokbocki.pl\/index.php\/wp-json\/wp\/v2\/comments?post=4265"}],"version-history":[{"count":2,"href":"https:\/\/gokbocki.pl\/index.php\/wp-json\/wp\/v2\/posts\/4265\/revisions"}],"predecessor-version":[{"id":4268,"href":"https:\/\/gokbocki.pl\/index.php\/wp-json\/wp\/v2\/posts\/4265\/revisions\/4268"}],"wp:featuredmedia":[{"embeddable":true,"href":"https:\/\/gokbocki.pl\/index.php\/wp-json\/wp\/v2\/media\/4266"}],"wp:attachment":[{"href":"https:\/\/gokbocki.pl\/index.php\/wp-json\/wp\/v2\/media?parent=4265"}],"wp:term":[{"taxonomy":"category","embeddable":true,"href":"https:\/\/gokbocki.pl\/index.php\/wp-json\/wp\/v2\/categories?post=4265"},{"taxonomy":"post_tag","embeddable":true,"href":"https:\/\/gokbocki.pl\/index.php\/wp-json\/wp\/v2\/tags?post=4265"}],"curies":[{"name":"wp","href":"https:\/\/api.w.org\/{rel}","templated":true}]}}