{"id":4291,"date":"2023-04-12T13:18:13","date_gmt":"2023-04-12T11:18:13","guid":{"rendered":"https:\/\/gokbocki.pl\/?p=4291"},"modified":"2023-05-17T13:28:48","modified_gmt":"2023-05-17T11:28:48","slug":"koncert-dzien-ziemi","status":"publish","type":"post","link":"https:\/\/gokbocki.pl\/index.php\/2023\/04\/12\/koncert-dzien-ziemi\/","title":{"rendered":"Rodzinny Koncert z okazji Dnia Ziemi"},"content":{"rendered":"\t\t<div data-elementor-type=\"wp-post\" data-elementor-id=\"4291\" class=\"elementor elementor-4291\">\n\t\t\t\t\t\t<div class=\"elementor-inner\">\n\t\t\t\t<div class=\"elementor-section-wrap\">\n\t\t\t\t\t\t\t\t\t<section class=\"elementor-section elementor-top-section elementor-element elementor-element-16e7f38 elementor-section-boxed elementor-section-height-default elementor-section-height-default\" data-id=\"16e7f38\" data-element_type=\"section\">\n\t\t\t\t\t\t<div class=\"elementor-container elementor-column-gap-default\">\n\t\t\t\t\t\t\t<div class=\"elementor-row\">\n\t\t\t\t\t<div class=\"elementor-column elementor-col-100 elementor-top-column elementor-element elementor-element-cb309e0\" data-id=\"cb309e0\" data-element_type=\"column\">\n\t\t\t<div class=\"elementor-column-wrap elementor-element-populated\">\n\t\t\t\t\t\t\t<div class=\"elementor-widget-wrap\">\n\t\t\t\t\t\t<div class=\"elementor-element elementor-element-217cab0 elementor-widget elementor-widget-text-editor\" data-id=\"217cab0\" data-element_type=\"widget\" data-widget_type=\"text-editor.default\">\n\t\t\t\t<div class=\"elementor-widget-container\">\n\t\t\t\t\t\t\t\t<div class=\"elementor-text-editor elementor-clearfix\">\n\t\t\t\t<p>Postanowili\u015bmy koncertowo \u015bwi\u0119towa\u0107 Dzie\u0144 Ziemi! Dzi\u0119ki wsp\u00f3\u0142pracy z Pa\u0144stwow\u0105 Szko\u0142\u0105 Muzyczn\u0105 I Stopnia w Bielsku Podlaskim uda\u0142o nam si\u0119 zorganizowa\u0107 koncert dw\u00f3ch cudownych zespo\u0142\u00f3w dzia\u0142aj\u0105cych w\u0142a\u015bnie w niej.Na naszej scenie wyst\u0105pi\u0105:Zesp\u00f3\u0142 Rodzinny w sk\u0142adzie: Marysia Wo\u0142osik- akordeon, Olga Wo\u0142osik- klarnet, Julia Mazuruk- dzwonki, Dawid Markowski- akordeon,Ksenia Kobzar- skrzypce Magdalena W\u0142odarczyk- instrumenty perkusyjne oraz pianino,Ksenia Zinkiewicz- pianino Marta Zinkiewicz- \u015apiew, pianino, instrumenty perkusyjne,Ewa Dru\u017cba- flet,Ilona Kamie\u0144ska- gitara basowa,Joanna \u015awiderska- kontrabas,Jolanta P\u00f3\u0142koszek- flet oraz zesp\u00f3\u0142 &#8222;Ad Libitum&#8221;w sk\u0142adzie:Patryk Huczko- fortepian, Julia Dani\u0142o- instrumenty perkusyjne,Karolina Dziemian- flet,Lidia Fiedorowicz- flet, Martyna Wojdakowska- klarnet, Mateusz Andrzejuk- klarnet,Szymon Andrzejuk- gitara,Emanuel G\u0142owacki- pianino,Maciej Klinicki- tr\u0105bka,Gabriel Gierasimiuk- akordeon, Beniamin Oksiuta- akordeon basowy,Go\u015bcinnie za\u015bpiewa Adrianna P\u00f3\u0142koszek, Opiekunem zespo\u0142\u00f3w oraz aran\u017cerk\u0105 utwor\u00f3w jest Pani Agnieszka Gli\u0144ska.Na scenie us\u0142yszymy r\u00f3\u017cne gatunki muzyczne, oraz utwory kt\u00f3re wszyscy znaj\u0105 i lubi\u0105 Wst\u0119p: symboliczne 5 z\u0142 Zapraszamy wszystkich fan\u00f3w muzyki wykonywanej na \u017cywo, w bardzo szerokim instrumentarium.Tego wydarzenia nie mo\u017cecie przegapi\u0107! <\/p>\t\t\t\t\t<\/div>\n\t\t\t\t\t\t<\/div>\n\t\t\t\t<\/div>\n\t\t\t\t\t\t<\/div>\n\t\t\t\t\t<\/div>\n\t\t<\/div>\n\t\t\t\t\t\t\t\t<\/div>\n\t\t\t\t\t<\/div>\n\t\t<\/section>\n\t\t\t\t\t\t\t\t\t<\/div>\n\t\t\t<\/div>\n\t\t\t\t\t<\/div>\n\t\t","protected":false},"excerpt":{"rendered":"<p>Postanowili\u015bmy koncertowo \u015bwi\u0119towa\u0107 Dzie\u0144 Ziemi! Dzi\u0119ki wsp\u00f3\u0142pracy z Pa\u0144stwow\u0105 Szko\u0142\u0105 Muzyczn\u0105 I Stopnia w Bielsku Podlaskim uda\u0142o nam si\u0119 zorganizowa\u0107 koncert dw\u00f3ch cudownych zespo\u0142\u00f3w dzia\u0142aj\u0105cych w\u0142a\u015bnie w niej.Na naszej scenie wyst\u0105pi\u0105:Zesp\u00f3\u0142 Rodzinny w sk\u0142adzie: Marysia Wo\u0142osik- akordeon, Olga Wo\u0142osik- klarnet, Julia Mazuruk- dzwonki, Dawid Markowski- akordeon,Ksenia Kobzar- skrzypce Magdalena W\u0142odarczyk- instrumenty perkusyjne oraz pianino,Ksenia Zinkiewicz- [&hellip;]<\/p>\n","protected":false},"author":1,"featured_media":4293,"comment_status":"open","ping_status":"open","sticky":false,"template":"","format":"standard","meta":[],"categories":[24],"tags":[31],"yoast_head":"<!-- This site is optimized with the Yoast SEO plugin v20.2.1 - https:\/\/yoast.com\/wordpress\/plugins\/seo\/ -->\n<title>Dzie\u0144 Ziemi GOKBO\u0106KI<\/title>\n<meta name=\"description\" content=\"Postanowili\u015bmy koncertowo \u015bwi\u0119towa\u0107 Dzie\u0144 Ziemi! Dzi\u0119ki wsp\u00f3\u0142pracy z Pa\u0144stwow\u0105 Szko\u0142\u0105 Muzyczn\u0105 I Stopnia w Bielsku Podlaskim uda\u0142o nam si\u0119 zorganizowa\u0107 koncert dw\u00f3ch cudownych zespo\u0142\u00f3w dzia\u0142aj\u0105cych w\u0142a\u015bnie w niej.Na naszej scenie wyst\u0105pi\u0105:Zesp\u00f3\u0142 Rodzinny w sk\u0142adzie: Marysia Wo\u0142osik- akordeon,Olga Wo\u0142osik- klarnet, Julia Mazuruk- dzwonki, Dawid Markowski- akordeon,Ksenia Kobzar- skrzypce Magdalena W\u0142odarczyk- instrumenty perkusyjne oraz pianino,Ksenia Zinkiewicz- pianino Marta Zinkiewicz- \u015apiew, pianino, instrumenty perkusyjne,Ewa Dru\u017cba- flet,Ilona Kamie\u0144ska- gitara basowa,Joanna \u015awiderska- kontrabas,Jolanta P\u00f3\u0142koszek- flet oraz zesp\u00f3\u0142 &quot;Ad Libitum&quot;w sk\u0142adzie:Patryk Huczko- fortepian, Julia Dani\u0142o- instrumenty perkusyjne,Karolina Dziemian- flet,Lidia Fiedorowicz- flet, Martyna Wojdakowska- klarnet,Mateusz Andrzejuk- klarnet,Szymon Andrzejuk- gitara,Emanuel G\u0142owacki- pianino,Maciej Klinicki- tr\u0105bka,Gabriel Gierasimiuk- akordeon, Beniamin Oksiuta- akordeon basowy,Go\u015bcinnie za\u015bpiewa Adrianna P\u00f3\u0142koszek, Opiekunem zespo\u0142\u00f3w oraz aran\u017cerk\u0105 utwor\u00f3w jest Pani Agnieszka Gli\u0144ska.Na scenie us\u0142yszymy r\u00f3\u017cne gatunki muzyczne, oraz utwory kt\u00f3re wszyscy znaj\u0105 i lubi\u0105 Wst\u0119p: symboliczne 5 z\u0142 Zapraszamy wszystkich fan\u00f3w muzyki wykonywanej na \u017cywo, w bardzo szerokim instrumentarium.Tego wydarzenia nie mo\u017cecie przegapi\u0107!\" \/>\n<meta name=\"robots\" content=\"index, follow, max-snippet:-1, max-image-preview:large, max-video-preview:-1\" \/>\n<link rel=\"canonical\" href=\"https:\/\/gokbocki.pl\/index.php\/2023\/04\/12\/koncert-dzien-ziemi\/\" \/>\n<meta property=\"og:locale\" content=\"pl_PL\" \/>\n<meta property=\"og:type\" content=\"article\" \/>\n<meta property=\"og:title\" content=\"Dzie\u0144 Ziemi GOKBO\u0106KI\" \/>\n<meta property=\"og:description\" content=\"Postanowili\u015bmy koncertowo \u015bwi\u0119towa\u0107 Dzie\u0144 Ziemi! Dzi\u0119ki wsp\u00f3\u0142pracy z Pa\u0144stwow\u0105 Szko\u0142\u0105 Muzyczn\u0105 I Stopnia w Bielsku Podlaskim uda\u0142o nam si\u0119 zorganizowa\u0107 koncert dw\u00f3ch cudownych zespo\u0142\u00f3w dzia\u0142aj\u0105cych w\u0142a\u015bnie w niej.Na naszej scenie wyst\u0105pi\u0105:Zesp\u00f3\u0142 Rodzinny w sk\u0142adzie: Marysia Wo\u0142osik- akordeon,Olga Wo\u0142osik- klarnet, Julia Mazuruk- dzwonki, Dawid Markowski- akordeon,Ksenia Kobzar- skrzypce Magdalena W\u0142odarczyk- instrumenty perkusyjne oraz pianino,Ksenia Zinkiewicz- pianino Marta Zinkiewicz- \u015apiew, pianino, instrumenty perkusyjne,Ewa Dru\u017cba- flet,Ilona Kamie\u0144ska- gitara basowa,Joanna \u015awiderska- kontrabas,Jolanta P\u00f3\u0142koszek- flet oraz zesp\u00f3\u0142 &quot;Ad Libitum&quot;w sk\u0142adzie:Patryk Huczko- fortepian, Julia Dani\u0142o- instrumenty perkusyjne,Karolina Dziemian- flet,Lidia Fiedorowicz- flet, Martyna Wojdakowska- klarnet,Mateusz Andrzejuk- klarnet,Szymon Andrzejuk- gitara,Emanuel G\u0142owacki- pianino,Maciej Klinicki- tr\u0105bka,Gabriel Gierasimiuk- akordeon, Beniamin Oksiuta- akordeon basowy,Go\u015bcinnie za\u015bpiewa Adrianna P\u00f3\u0142koszek, Opiekunem zespo\u0142\u00f3w oraz aran\u017cerk\u0105 utwor\u00f3w jest Pani Agnieszka Gli\u0144ska.Na scenie us\u0142yszymy r\u00f3\u017cne gatunki muzyczne, oraz utwory kt\u00f3re wszyscy znaj\u0105 i lubi\u0105 Wst\u0119p: symboliczne 5 z\u0142 Zapraszamy wszystkich fan\u00f3w muzyki wykonywanej na \u017cywo, w bardzo szerokim instrumentarium.Tego wydarzenia nie mo\u017cecie przegapi\u0107!\" \/>\n<meta property=\"og:url\" content=\"https:\/\/gokbocki.pl\/index.php\/2023\/04\/12\/koncert-dzien-ziemi\/\" \/>\n<meta property=\"og:site_name\" content=\"Gminny O\u015brodek Kultury w Bo\u0107kach\" \/>\n<meta property=\"article:published_time\" content=\"2023-04-12T11:18:13+00:00\" \/>\n<meta property=\"article:modified_time\" content=\"2023-05-17T11:28:48+00:00\" \/>\n<meta property=\"og:image\" content=\"https:\/\/gokbocki.pl\/wp-content\/uploads\/2023\/05\/340966129_759278072234633_3941153229658848832_n.jpg\" \/>\n\t<meta property=\"og:image:width\" content=\"1640\" \/>\n\t<meta property=\"og:image:height\" content=\"924\" \/>\n\t<meta property=\"og:image:type\" content=\"image\/jpeg\" \/>\n<meta name=\"author\" content=\"admin\" \/>\n<meta name=\"twitter:card\" content=\"summary_large_image\" \/>\n<meta name=\"twitter:label1\" content=\"Napisane przez\" \/>\n\t<meta name=\"twitter:data1\" content=\"admin\" \/>\n\t<meta name=\"twitter:label2\" content=\"Szacowany czas czytania\" \/>\n\t<meta name=\"twitter:data2\" content=\"1 minuta\" \/>\n<script type=\"application\/ld+json\" class=\"yoast-schema-graph\">{\"@context\":\"https:\/\/schema.org\",\"@graph\":[{\"@type\":\"WebPage\",\"@id\":\"https:\/\/gokbocki.pl\/index.php\/2023\/04\/12\/koncert-dzien-ziemi\/\",\"url\":\"https:\/\/gokbocki.pl\/index.php\/2023\/04\/12\/koncert-dzien-ziemi\/\",\"name\":\"Dzie\u0144 Ziemi GOKBO\u0106KI\",\"isPartOf\":{\"@id\":\"https:\/\/gokbocki.pl\/#website\"},\"datePublished\":\"2023-04-12T11:18:13+00:00\",\"dateModified\":\"2023-05-17T11:28:48+00:00\",\"author\":{\"@id\":\"https:\/\/gokbocki.pl\/#\/schema\/person\/32a0381e1f259128348b84ce4d001412\"},\"description\":\"Postanowili\u015bmy koncertowo \u015bwi\u0119towa\u0107 Dzie\u0144 Ziemi! Dzi\u0119ki wsp\u00f3\u0142pracy z Pa\u0144stwow\u0105 Szko\u0142\u0105 Muzyczn\u0105 I Stopnia w Bielsku Podlaskim uda\u0142o nam si\u0119 zorganizowa\u0107 koncert dw\u00f3ch cudownych zespo\u0142\u00f3w dzia\u0142aj\u0105cych w\u0142a\u015bnie w niej.Na naszej scenie wyst\u0105pi\u0105:Zesp\u00f3\u0142 Rodzinny w sk\u0142adzie: Marysia Wo\u0142osik- akordeon,Olga Wo\u0142osik- klarnet, Julia Mazuruk- dzwonki, Dawid Markowski- akordeon,Ksenia Kobzar- skrzypce Magdalena W\u0142odarczyk- instrumenty perkusyjne oraz pianino,Ksenia Zinkiewicz- pianino Marta Zinkiewicz- \u015apiew, pianino, instrumenty perkusyjne,Ewa Dru\u017cba- flet,Ilona Kamie\u0144ska- gitara basowa,Joanna \u015awiderska- kontrabas,Jolanta P\u00f3\u0142koszek- flet oraz zesp\u00f3\u0142 \\\"Ad Libitum\\\"w sk\u0142adzie:Patryk Huczko- fortepian, Julia Dani\u0142o- instrumenty perkusyjne,Karolina Dziemian- flet,Lidia Fiedorowicz- flet, Martyna Wojdakowska- klarnet,Mateusz Andrzejuk- klarnet,Szymon Andrzejuk- gitara,Emanuel G\u0142owacki- pianino,Maciej Klinicki- tr\u0105bka,Gabriel Gierasimiuk- akordeon, Beniamin Oksiuta- akordeon basowy,Go\u015bcinnie za\u015bpiewa Adrianna P\u00f3\u0142koszek, Opiekunem zespo\u0142\u00f3w oraz aran\u017cerk\u0105 utwor\u00f3w jest Pani Agnieszka Gli\u0144ska.Na scenie us\u0142yszymy r\u00f3\u017cne gatunki muzyczne, oraz utwory kt\u00f3re wszyscy znaj\u0105 i lubi\u0105 Wst\u0119p: symboliczne 5 z\u0142 Zapraszamy wszystkich fan\u00f3w muzyki wykonywanej na \u017cywo, w bardzo szerokim instrumentarium.Tego wydarzenia nie mo\u017cecie przegapi\u0107!\",\"breadcrumb\":{\"@id\":\"https:\/\/gokbocki.pl\/index.php\/2023\/04\/12\/koncert-dzien-ziemi\/#breadcrumb\"},\"inLanguage\":\"pl-PL\",\"potentialAction\":[{\"@type\":\"ReadAction\",\"target\":[\"https:\/\/gokbocki.pl\/index.php\/2023\/04\/12\/koncert-dzien-ziemi\/\"]}]},{\"@type\":\"BreadcrumbList\",\"@id\":\"https:\/\/gokbocki.pl\/index.php\/2023\/04\/12\/koncert-dzien-ziemi\/#breadcrumb\",\"itemListElement\":[{\"@type\":\"ListItem\",\"position\":1,\"name\":\"Strona g\u0142\u00f3wna\",\"item\":\"https:\/\/gokbocki.pl\/\"},{\"@type\":\"ListItem\",\"position\":2,\"name\":\"Rodzinny Koncert z okazji Dnia Ziemi\"}]},{\"@type\":\"WebSite\",\"@id\":\"https:\/\/gokbocki.pl\/#website\",\"url\":\"https:\/\/gokbocki.pl\/\",\"name\":\"Gminny O\u015brodek Kultury w Bo\u0107kach\",\"description\":\"GOK BO\u0106KI\",\"potentialAction\":[{\"@type\":\"SearchAction\",\"target\":{\"@type\":\"EntryPoint\",\"urlTemplate\":\"https:\/\/gokbocki.pl\/?s={search_term_string}\"},\"query-input\":\"required name=search_term_string\"}],\"inLanguage\":\"pl-PL\"},{\"@type\":\"Person\",\"@id\":\"https:\/\/gokbocki.pl\/#\/schema\/person\/32a0381e1f259128348b84ce4d001412\",\"name\":\"admin\",\"image\":{\"@type\":\"ImageObject\",\"inLanguage\":\"pl-PL\",\"@id\":\"https:\/\/gokbocki.pl\/#\/schema\/person\/image\/\",\"url\":\"https:\/\/secure.gravatar.com\/avatar\/ee27fe75b11e058e31443c0a5a21fc25?s=96&d=mm&r=g\",\"contentUrl\":\"https:\/\/secure.gravatar.com\/avatar\/ee27fe75b11e058e31443c0a5a21fc25?s=96&d=mm&r=g\",\"caption\":\"admin\"},\"url\":\"https:\/\/gokbocki.pl\/index.php\/author\/admin\/\"}]}<\/script>\n<!-- \/ Yoast SEO plugin. -->","yoast_head_json":{"title":"Dzie\u0144 Ziemi GOKBO\u0106KI","description":"Postanowili\u015bmy koncertowo \u015bwi\u0119towa\u0107 Dzie\u0144 Ziemi! Dzi\u0119ki wsp\u00f3\u0142pracy z Pa\u0144stwow\u0105 Szko\u0142\u0105 Muzyczn\u0105 I Stopnia w Bielsku Podlaskim uda\u0142o nam si\u0119 zorganizowa\u0107 koncert dw\u00f3ch cudownych zespo\u0142\u00f3w dzia\u0142aj\u0105cych w\u0142a\u015bnie w niej.Na naszej scenie wyst\u0105pi\u0105:Zesp\u00f3\u0142 Rodzinny w sk\u0142adzie: Marysia Wo\u0142osik- akordeon,Olga Wo\u0142osik- klarnet, Julia Mazuruk- dzwonki, Dawid Markowski- akordeon,Ksenia Kobzar- skrzypce Magdalena W\u0142odarczyk- instrumenty perkusyjne oraz pianino,Ksenia Zinkiewicz- pianino Marta Zinkiewicz- \u015apiew, pianino, instrumenty perkusyjne,Ewa Dru\u017cba- flet,Ilona Kamie\u0144ska- gitara basowa,Joanna \u015awiderska- kontrabas,Jolanta P\u00f3\u0142koszek- flet oraz zesp\u00f3\u0142 \"Ad Libitum\"w sk\u0142adzie:Patryk Huczko- fortepian, Julia Dani\u0142o- instrumenty perkusyjne,Karolina Dziemian- flet,Lidia Fiedorowicz- flet, Martyna Wojdakowska- klarnet,Mateusz Andrzejuk- klarnet,Szymon Andrzejuk- gitara,Emanuel G\u0142owacki- pianino,Maciej Klinicki- tr\u0105bka,Gabriel Gierasimiuk- akordeon, Beniamin Oksiuta- akordeon basowy,Go\u015bcinnie za\u015bpiewa Adrianna P\u00f3\u0142koszek, Opiekunem zespo\u0142\u00f3w oraz aran\u017cerk\u0105 utwor\u00f3w jest Pani Agnieszka Gli\u0144ska.Na scenie us\u0142yszymy r\u00f3\u017cne gatunki muzyczne, oraz utwory kt\u00f3re wszyscy znaj\u0105 i lubi\u0105 Wst\u0119p: symboliczne 5 z\u0142 Zapraszamy wszystkich fan\u00f3w muzyki wykonywanej na \u017cywo, w bardzo szerokim instrumentarium.Tego wydarzenia nie mo\u017cecie przegapi\u0107!","robots":{"index":"index","follow":"follow","max-snippet":"max-snippet:-1","max-image-preview":"max-image-preview:large","max-video-preview":"max-video-preview:-1"},"canonical":"https:\/\/gokbocki.pl\/index.php\/2023\/04\/12\/koncert-dzien-ziemi\/","og_locale":"pl_PL","og_type":"article","og_title":"Dzie\u0144 Ziemi GOKBO\u0106KI","og_description":"Postanowili\u015bmy koncertowo \u015bwi\u0119towa\u0107 Dzie\u0144 Ziemi! Dzi\u0119ki wsp\u00f3\u0142pracy z Pa\u0144stwow\u0105 Szko\u0142\u0105 Muzyczn\u0105 I Stopnia w Bielsku Podlaskim uda\u0142o nam si\u0119 zorganizowa\u0107 koncert dw\u00f3ch cudownych zespo\u0142\u00f3w dzia\u0142aj\u0105cych w\u0142a\u015bnie w niej.Na naszej scenie wyst\u0105pi\u0105:Zesp\u00f3\u0142 Rodzinny w sk\u0142adzie: Marysia Wo\u0142osik- akordeon,Olga Wo\u0142osik- klarnet, Julia Mazuruk- dzwonki, Dawid Markowski- akordeon,Ksenia Kobzar- skrzypce Magdalena W\u0142odarczyk- instrumenty perkusyjne oraz pianino,Ksenia Zinkiewicz- pianino Marta Zinkiewicz- \u015apiew, pianino, instrumenty perkusyjne,Ewa Dru\u017cba- flet,Ilona Kamie\u0144ska- gitara basowa,Joanna \u015awiderska- kontrabas,Jolanta P\u00f3\u0142koszek- flet oraz zesp\u00f3\u0142 \"Ad Libitum\"w sk\u0142adzie:Patryk Huczko- fortepian, Julia Dani\u0142o- instrumenty perkusyjne,Karolina Dziemian- flet,Lidia Fiedorowicz- flet, Martyna Wojdakowska- klarnet,Mateusz Andrzejuk- klarnet,Szymon Andrzejuk- gitara,Emanuel G\u0142owacki- pianino,Maciej Klinicki- tr\u0105bka,Gabriel Gierasimiuk- akordeon, Beniamin Oksiuta- akordeon basowy,Go\u015bcinnie za\u015bpiewa Adrianna P\u00f3\u0142koszek, Opiekunem zespo\u0142\u00f3w oraz aran\u017cerk\u0105 utwor\u00f3w jest Pani Agnieszka Gli\u0144ska.Na scenie us\u0142yszymy r\u00f3\u017cne gatunki muzyczne, oraz utwory kt\u00f3re wszyscy znaj\u0105 i lubi\u0105 Wst\u0119p: symboliczne 5 z\u0142 Zapraszamy wszystkich fan\u00f3w muzyki wykonywanej na \u017cywo, w bardzo szerokim instrumentarium.Tego wydarzenia nie mo\u017cecie przegapi\u0107!","og_url":"https:\/\/gokbocki.pl\/index.php\/2023\/04\/12\/koncert-dzien-ziemi\/","og_site_name":"Gminny O\u015brodek Kultury w Bo\u0107kach","article_published_time":"2023-04-12T11:18:13+00:00","article_modified_time":"2023-05-17T11:28:48+00:00","og_image":[{"width":1640,"height":924,"url":"https:\/\/gokbocki.pl\/wp-content\/uploads\/2023\/05\/340966129_759278072234633_3941153229658848832_n.jpg","type":"image\/jpeg"}],"author":"admin","twitter_card":"summary_large_image","twitter_misc":{"Napisane przez":"admin","Szacowany czas czytania":"1 minuta"},"schema":{"@context":"https:\/\/schema.org","@graph":[{"@type":"WebPage","@id":"https:\/\/gokbocki.pl\/index.php\/2023\/04\/12\/koncert-dzien-ziemi\/","url":"https:\/\/gokbocki.pl\/index.php\/2023\/04\/12\/koncert-dzien-ziemi\/","name":"Dzie\u0144 Ziemi GOKBO\u0106KI","isPartOf":{"@id":"https:\/\/gokbocki.pl\/#website"},"datePublished":"2023-04-12T11:18:13+00:00","dateModified":"2023-05-17T11:28:48+00:00","author":{"@id":"https:\/\/gokbocki.pl\/#\/schema\/person\/32a0381e1f259128348b84ce4d001412"},"description":"Postanowili\u015bmy koncertowo \u015bwi\u0119towa\u0107 Dzie\u0144 Ziemi! Dzi\u0119ki wsp\u00f3\u0142pracy z Pa\u0144stwow\u0105 Szko\u0142\u0105 Muzyczn\u0105 I Stopnia w Bielsku Podlaskim uda\u0142o nam si\u0119 zorganizowa\u0107 koncert dw\u00f3ch cudownych zespo\u0142\u00f3w dzia\u0142aj\u0105cych w\u0142a\u015bnie w niej.Na naszej scenie wyst\u0105pi\u0105:Zesp\u00f3\u0142 Rodzinny w sk\u0142adzie: Marysia Wo\u0142osik- akordeon,Olga Wo\u0142osik- klarnet, Julia Mazuruk- dzwonki, Dawid Markowski- akordeon,Ksenia Kobzar- skrzypce Magdalena W\u0142odarczyk- instrumenty perkusyjne oraz pianino,Ksenia Zinkiewicz- pianino Marta Zinkiewicz- \u015apiew, pianino, instrumenty perkusyjne,Ewa Dru\u017cba- flet,Ilona Kamie\u0144ska- gitara basowa,Joanna \u015awiderska- kontrabas,Jolanta P\u00f3\u0142koszek- flet oraz zesp\u00f3\u0142 \"Ad Libitum\"w sk\u0142adzie:Patryk Huczko- fortepian, Julia Dani\u0142o- instrumenty perkusyjne,Karolina Dziemian- flet,Lidia Fiedorowicz- flet, Martyna Wojdakowska- klarnet,Mateusz Andrzejuk- klarnet,Szymon Andrzejuk- gitara,Emanuel G\u0142owacki- pianino,Maciej Klinicki- tr\u0105bka,Gabriel Gierasimiuk- akordeon, Beniamin Oksiuta- akordeon basowy,Go\u015bcinnie za\u015bpiewa Adrianna P\u00f3\u0142koszek, Opiekunem zespo\u0142\u00f3w oraz aran\u017cerk\u0105 utwor\u00f3w jest Pani Agnieszka Gli\u0144ska.Na scenie us\u0142yszymy r\u00f3\u017cne gatunki muzyczne, oraz utwory kt\u00f3re wszyscy znaj\u0105 i lubi\u0105 Wst\u0119p: symboliczne 5 z\u0142 Zapraszamy wszystkich fan\u00f3w muzyki wykonywanej na \u017cywo, w bardzo szerokim instrumentarium.Tego wydarzenia nie mo\u017cecie przegapi\u0107!","breadcrumb":{"@id":"https:\/\/gokbocki.pl\/index.php\/2023\/04\/12\/koncert-dzien-ziemi\/#breadcrumb"},"inLanguage":"pl-PL","potentialAction":[{"@type":"ReadAction","target":["https:\/\/gokbocki.pl\/index.php\/2023\/04\/12\/koncert-dzien-ziemi\/"]}]},{"@type":"BreadcrumbList","@id":"https:\/\/gokbocki.pl\/index.php\/2023\/04\/12\/koncert-dzien-ziemi\/#breadcrumb","itemListElement":[{"@type":"ListItem","position":1,"name":"Strona g\u0142\u00f3wna","item":"https:\/\/gokbocki.pl\/"},{"@type":"ListItem","position":2,"name":"Rodzinny Koncert z okazji Dnia Ziemi"}]},{"@type":"WebSite","@id":"https:\/\/gokbocki.pl\/#website","url":"https:\/\/gokbocki.pl\/","name":"Gminny O\u015brodek Kultury w Bo\u0107kach","description":"GOK BO\u0106KI","potentialAction":[{"@type":"SearchAction","target":{"@type":"EntryPoint","urlTemplate":"https:\/\/gokbocki.pl\/?s={search_term_string}"},"query-input":"required name=search_term_string"}],"inLanguage":"pl-PL"},{"@type":"Person","@id":"https:\/\/gokbocki.pl\/#\/schema\/person\/32a0381e1f259128348b84ce4d001412","name":"admin","image":{"@type":"ImageObject","inLanguage":"pl-PL","@id":"https:\/\/gokbocki.pl\/#\/schema\/person\/image\/","url":"https:\/\/secure.gravatar.com\/avatar\/ee27fe75b11e058e31443c0a5a21fc25?s=96&d=mm&r=g","contentUrl":"https:\/\/secure.gravatar.com\/avatar\/ee27fe75b11e058e31443c0a5a21fc25?s=96&d=mm&r=g","caption":"admin"},"url":"https:\/\/gokbocki.pl\/index.php\/author\/admin\/"}]}},"_links":{"self":[{"href":"https:\/\/gokbocki.pl\/index.php\/wp-json\/wp\/v2\/posts\/4291"}],"collection":[{"href":"https:\/\/gokbocki.pl\/index.php\/wp-json\/wp\/v2\/posts"}],"about":[{"href":"https:\/\/gokbocki.pl\/index.php\/wp-json\/wp\/v2\/types\/post"}],"author":[{"embeddable":true,"href":"https:\/\/gokbocki.pl\/index.php\/wp-json\/wp\/v2\/users\/1"}],"replies":[{"embeddable":true,"href":"https:\/\/gokbocki.pl\/index.php\/wp-json\/wp\/v2\/comments?post=4291"}],"version-history":[{"count":8,"href":"https:\/\/gokbocki.pl\/index.php\/wp-json\/wp\/v2\/posts\/4291\/revisions"}],"predecessor-version":[{"id":4301,"href":"https:\/\/gokbocki.pl\/index.php\/wp-json\/wp\/v2\/posts\/4291\/revisions\/4301"}],"wp:featuredmedia":[{"embeddable":true,"href":"https:\/\/gokbocki.pl\/index.php\/wp-json\/wp\/v2\/media\/4293"}],"wp:attachment":[{"href":"https:\/\/gokbocki.pl\/index.php\/wp-json\/wp\/v2\/media?parent=4291"}],"wp:term":[{"taxonomy":"category","embeddable":true,"href":"https:\/\/gokbocki.pl\/index.php\/wp-json\/wp\/v2\/categories?post=4291"},{"taxonomy":"post_tag","embeddable":true,"href":"https:\/\/gokbocki.pl\/index.php\/wp-json\/wp\/v2\/tags?post=4291"}],"curies":[{"name":"wp","href":"https:\/\/api.w.org\/{rel}","templated":true}]}}