{"id":4388,"date":"2023-05-29T10:48:21","date_gmt":"2023-05-29T08:48:21","guid":{"rendered":"https:\/\/gokbocki.pl\/?p=4388"},"modified":"2023-05-29T10:48:22","modified_gmt":"2023-05-29T08:48:22","slug":"dzien-dziecka-z-gminnym-osrodkiem-kultury-w-bockach","status":"publish","type":"post","link":"https:\/\/gokbocki.pl\/index.php\/2023\/05\/29\/dzien-dziecka-z-gminnym-osrodkiem-kultury-w-bockach\/","title":{"rendered":"Dzie\u0144 Dziecka z GOK&#8217;iem !"},"content":{"rendered":"\n<figure class=\"wp-block-image size-large\"><img decoding=\"async\" loading=\"lazy\" width=\"724\" height=\"1024\" src=\"https:\/\/gokbocki.pl\/wp-content\/uploads\/2023\/05\/dzien-Dziecka-1-724x1024.png\" alt=\"\" class=\"wp-image-4389\" srcset=\"https:\/\/gokbocki.pl\/wp-content\/uploads\/2023\/05\/dzien-Dziecka-1-724x1024.png 724w, https:\/\/gokbocki.pl\/wp-content\/uploads\/2023\/05\/dzien-Dziecka-1-212x300.png 212w, https:\/\/gokbocki.pl\/wp-content\/uploads\/2023\/05\/dzien-Dziecka-1-768x1086.png 768w, https:\/\/gokbocki.pl\/wp-content\/uploads\/2023\/05\/dzien-Dziecka-1-1086x1536.png 1086w, https:\/\/gokbocki.pl\/wp-content\/uploads\/2023\/05\/dzien-Dziecka-1-1448x2048.png 1448w, https:\/\/gokbocki.pl\/wp-content\/uploads\/2023\/05\/dzien-Dziecka-1-820x1160.png 820w, https:\/\/gokbocki.pl\/wp-content\/uploads\/2023\/05\/dzien-Dziecka-1.png 1587w\" sizes=\"(max-width: 724px) 100vw, 724px\" \/><figcaption class=\"wp-element-caption\"> <\/figcaption><\/figure>\n\n\n<div class=\"\" dir=\"auto\">\n<div id=\":rai:\" class=\"x1iorvi4 x1pi30zi x1l90r2v x1swvt13\" data-ad-comet-preview=\"message\" data-ad-preview=\"message\">\n<div class=\"x78zum5 xdt5ytf xz62fqu x16ldp7u\">\n<div class=\"xu06os2 x1ok221b\">\n<div class=\"xdj266r x11i5rnm xat24cr x1mh8g0r x1vvkbs x126k92a\">\n<div dir=\"auto\"><strong>Wyj\u0105tkowe \u015bwi\u0119to- 1 czerwca- Dzie\u0144 Dziecka<\/strong><\/div>\n<div dir=\"auto\">Drogie dzieciaki 1 czerwca o godzinie 15:00 zapraszamy Was wszystkich na przygod\u0119 do parku przy Urz\u0119dzie Gminy! Gminny O\u015brodek Kultury w Bo\u0107kach przygotowa\u0142 dla Was wyj\u0105tkowe wydarzenie z okazji Dnia Dziecka. Przygotowali\u015bmy dla Was wiele atrakcji mi.in.<\/div>\n<div dir=\"auto\">-Zumb\u0119,<\/div>\n<div dir=\"auto\"><span class=\"x3nfvp2 x1j61x8r x1fcty0u xdj266r xhhsvwb xat24cr xgzva0m xxymvpz xlup9mm x1kky2od\">&#8211;<\/span>Wielk\u0105 Jeng\u0119<\/div>\n<div dir=\"auto\"><span class=\"x3nfvp2 x1j61x8r x1fcty0u xdj266r xhhsvwb xat24cr xgzva0m xxymvpz xlup9mm x1kky2od\">&#8211;<\/span> Gry i zabawy z nagrodami,<\/div>\n<div dir=\"auto\"><span class=\"x3nfvp2 x1j61x8r x1fcty0u xdj266r xhhsvwb xat24cr xgzva0m xxymvpz xlup9mm x1kky2od\">&#8211;<\/span>Proszki holy<\/div>\n<div dir=\"auto\"><span class=\"x3nfvp2 x1j61x8r x1fcty0u xdj266r xhhsvwb xat24cr xgzva0m xxymvpz xlup9mm x1kky2od\">&#8211;<\/span>Przepyszn\u0105 wat\u0119 cukrow\u0105<\/div>\n<div dir=\"auto\"><span class=\"x3nfvp2 x1j61x8r x1fcty0u xdj266r xhhsvwb xat24cr xgzva0m xxymvpz xlup9mm x1kky2od\">&#8211;<\/span>Ognisko z kie\u0142baskami<\/div>\n<div dir=\"auto\"><span class=\"x3nfvp2 x1j61x8r x1fcty0u xdj266r xhhsvwb xat24cr xgzva0m xxymvpz xlup9mm x1kky2od\">&#8211;<\/span>Dmuchany Zamek<\/div>\n<div dir=\"auto\"><strong>Do zobaczenia 1 czerwca !<\/strong><\/div>\n<\/div>\n<\/div>\n<\/div>\n<\/div>\n<\/div>","protected":false},"excerpt":{"rendered":"<p>Wyj\u0105tkowe \u015bwi\u0119to- 1 czerwca- Dzie\u0144 Dziecka Drogie dzieciaki 1 czerwca o godzinie 15:00 zapraszamy Was wszystkich na przygod\u0119 do parku przy Urz\u0119dzie Gminy! Gminny O\u015brodek Kultury w Bo\u0107kach przygotowa\u0142 dla Was wyj\u0105tkowe wydarzenie z okazji Dnia Dziecka. Przygotowali\u015bmy dla Was wiele atrakcji mi.in. -Zumb\u0119, &#8211;Wielk\u0105 Jeng\u0119 &#8211; Gry i zabawy z nagrodami, &#8211;Proszki holy &#8211;Przepyszn\u0105 [&hellip;]<\/p>\n","protected":false},"author":1,"featured_media":4389,"comment_status":"open","ping_status":"open","sticky":false,"template":"","format":"standard","meta":[],"categories":[24],"tags":[33,32],"yoast_head":"<!-- This site is optimized with the Yoast SEO plugin v20.2.1 - https:\/\/yoast.com\/wordpress\/plugins\/seo\/ -->\n<title>Dzie\u0144 Dziecka z GOK&#039;iem ! - Gminny O\u015brodek Kultury w Bo\u0107kach<\/title>\n<meta name=\"description\" content=\"\u2757\u2757 Wyj\u0105tkowe \u015bwi\u0119to- 1 czerwca- Dzie\u0144 Dziecka \u2757\u2757 Drogie dzieciaki 1 czerwca o godzinie 15:00 zapraszamy Was wszystkich na przygod\u0119 do parku przy Urz\u0119dzie Gminy! Gminny O\u015brodek Kultury w Bo\u0107kach przygotowa\u0142 dla Was wyj\u0105tkowe wydarzenie z okazji Dnia Dziecka. Przygotowali\u015bmy dla Was wiele atrakcji mi.in. Zumb\u0119, Wielk\u0105 Jeng\u0119 Gry i zabawy z nagrodami, Proszki holy Przepyszn\u0105 wat\u0119 cukrow\u0105 Ognisko z kie\u0142baskami Dmuchany Zamek Do zobaczenia 1 czerwca !\" \/>\n<meta name=\"robots\" content=\"index, follow, max-snippet:-1, max-image-preview:large, max-video-preview:-1\" \/>\n<link rel=\"canonical\" href=\"https:\/\/gokbocki.pl\/index.php\/2023\/05\/29\/dzien-dziecka-z-gminnym-osrodkiem-kultury-w-bockach\/\" \/>\n<meta property=\"og:locale\" content=\"pl_PL\" \/>\n<meta property=\"og:type\" content=\"article\" \/>\n<meta property=\"og:title\" content=\"Dzie\u0144 Dziecka z GOK&#039;iem ! - Gminny O\u015brodek Kultury w Bo\u0107kach\" \/>\n<meta property=\"og:description\" content=\"\u2757\u2757 Wyj\u0105tkowe \u015bwi\u0119to- 1 czerwca- Dzie\u0144 Dziecka \u2757\u2757 Drogie dzieciaki 1 czerwca o godzinie 15:00 zapraszamy Was wszystkich na przygod\u0119 do parku przy Urz\u0119dzie Gminy! Gminny O\u015brodek Kultury w Bo\u0107kach przygotowa\u0142 dla Was wyj\u0105tkowe wydarzenie z okazji Dnia Dziecka. Przygotowali\u015bmy dla Was wiele atrakcji mi.in. Zumb\u0119, Wielk\u0105 Jeng\u0119 Gry i zabawy z nagrodami, Proszki holy Przepyszn\u0105 wat\u0119 cukrow\u0105 Ognisko z kie\u0142baskami Dmuchany Zamek Do zobaczenia 1 czerwca !\" \/>\n<meta property=\"og:url\" content=\"https:\/\/gokbocki.pl\/index.php\/2023\/05\/29\/dzien-dziecka-z-gminnym-osrodkiem-kultury-w-bockach\/\" \/>\n<meta property=\"og:site_name\" content=\"Gminny O\u015brodek Kultury w Bo\u0107kach\" \/>\n<meta property=\"article:published_time\" content=\"2023-05-29T08:48:21+00:00\" \/>\n<meta property=\"article:modified_time\" content=\"2023-05-29T08:48:22+00:00\" \/>\n<meta property=\"og:image\" content=\"https:\/\/gokbocki.pl\/wp-content\/uploads\/2023\/05\/dzien-Dziecka-1.png\" \/>\n\t<meta property=\"og:image:width\" content=\"1587\" \/>\n\t<meta property=\"og:image:height\" content=\"2245\" \/>\n\t<meta property=\"og:image:type\" content=\"image\/png\" \/>\n<meta name=\"author\" content=\"admin\" \/>\n<meta name=\"twitter:card\" content=\"summary_large_image\" \/>\n<meta name=\"twitter:label1\" content=\"Napisane przez\" \/>\n\t<meta name=\"twitter:data1\" content=\"admin\" \/>\n\t<meta name=\"twitter:label2\" content=\"Szacowany czas czytania\" \/>\n\t<meta name=\"twitter:data2\" content=\"1 minuta\" \/>\n<script type=\"application\/ld+json\" class=\"yoast-schema-graph\">{\"@context\":\"https:\/\/schema.org\",\"@graph\":[{\"@type\":\"WebPage\",\"@id\":\"https:\/\/gokbocki.pl\/index.php\/2023\/05\/29\/dzien-dziecka-z-gminnym-osrodkiem-kultury-w-bockach\/\",\"url\":\"https:\/\/gokbocki.pl\/index.php\/2023\/05\/29\/dzien-dziecka-z-gminnym-osrodkiem-kultury-w-bockach\/\",\"name\":\"Dzie\u0144 Dziecka z GOK'iem ! - Gminny O\u015brodek Kultury w Bo\u0107kach\",\"isPartOf\":{\"@id\":\"https:\/\/gokbocki.pl\/#website\"},\"datePublished\":\"2023-05-29T08:48:21+00:00\",\"dateModified\":\"2023-05-29T08:48:22+00:00\",\"author\":{\"@id\":\"https:\/\/gokbocki.pl\/#\/schema\/person\/32a0381e1f259128348b84ce4d001412\"},\"description\":\"\u2757\u2757 Wyj\u0105tkowe \u015bwi\u0119to- 1 czerwca- Dzie\u0144 Dziecka \u2757\u2757 Drogie dzieciaki 1 czerwca o godzinie 15:00 zapraszamy Was wszystkich na przygod\u0119 do parku przy Urz\u0119dzie Gminy! Gminny O\u015brodek Kultury w Bo\u0107kach przygotowa\u0142 dla Was wyj\u0105tkowe wydarzenie z okazji Dnia Dziecka. Przygotowali\u015bmy dla Was wiele atrakcji mi.in. Zumb\u0119, Wielk\u0105 Jeng\u0119 Gry i zabawy z nagrodami, Proszki holy Przepyszn\u0105 wat\u0119 cukrow\u0105 Ognisko z kie\u0142baskami Dmuchany Zamek Do zobaczenia 1 czerwca !\",\"breadcrumb\":{\"@id\":\"https:\/\/gokbocki.pl\/index.php\/2023\/05\/29\/dzien-dziecka-z-gminnym-osrodkiem-kultury-w-bockach\/#breadcrumb\"},\"inLanguage\":\"pl-PL\",\"potentialAction\":[{\"@type\":\"ReadAction\",\"target\":[\"https:\/\/gokbocki.pl\/index.php\/2023\/05\/29\/dzien-dziecka-z-gminnym-osrodkiem-kultury-w-bockach\/\"]}]},{\"@type\":\"BreadcrumbList\",\"@id\":\"https:\/\/gokbocki.pl\/index.php\/2023\/05\/29\/dzien-dziecka-z-gminnym-osrodkiem-kultury-w-bockach\/#breadcrumb\",\"itemListElement\":[{\"@type\":\"ListItem\",\"position\":1,\"name\":\"Strona g\u0142\u00f3wna\",\"item\":\"https:\/\/gokbocki.pl\/\"},{\"@type\":\"ListItem\",\"position\":2,\"name\":\"Dzie\u0144 Dziecka z GOK&#8217;iem !\"}]},{\"@type\":\"WebSite\",\"@id\":\"https:\/\/gokbocki.pl\/#website\",\"url\":\"https:\/\/gokbocki.pl\/\",\"name\":\"Gminny O\u015brodek Kultury w Bo\u0107kach\",\"description\":\"GOK BO\u0106KI\",\"potentialAction\":[{\"@type\":\"SearchAction\",\"target\":{\"@type\":\"EntryPoint\",\"urlTemplate\":\"https:\/\/gokbocki.pl\/?s={search_term_string}\"},\"query-input\":\"required name=search_term_string\"}],\"inLanguage\":\"pl-PL\"},{\"@type\":\"Person\",\"@id\":\"https:\/\/gokbocki.pl\/#\/schema\/person\/32a0381e1f259128348b84ce4d001412\",\"name\":\"admin\",\"image\":{\"@type\":\"ImageObject\",\"inLanguage\":\"pl-PL\",\"@id\":\"https:\/\/gokbocki.pl\/#\/schema\/person\/image\/\",\"url\":\"https:\/\/secure.gravatar.com\/avatar\/ee27fe75b11e058e31443c0a5a21fc25?s=96&d=mm&r=g\",\"contentUrl\":\"https:\/\/secure.gravatar.com\/avatar\/ee27fe75b11e058e31443c0a5a21fc25?s=96&d=mm&r=g\",\"caption\":\"admin\"},\"url\":\"https:\/\/gokbocki.pl\/index.php\/author\/admin\/\"}]}<\/script>\n<!-- \/ Yoast SEO plugin. -->","yoast_head_json":{"title":"Dzie\u0144 Dziecka z GOK'iem ! - Gminny O\u015brodek Kultury w Bo\u0107kach","description":"\u2757\u2757 Wyj\u0105tkowe \u015bwi\u0119to- 1 czerwca- Dzie\u0144 Dziecka \u2757\u2757 Drogie dzieciaki 1 czerwca o godzinie 15:00 zapraszamy Was wszystkich na przygod\u0119 do parku przy Urz\u0119dzie Gminy! Gminny O\u015brodek Kultury w Bo\u0107kach przygotowa\u0142 dla Was wyj\u0105tkowe wydarzenie z okazji Dnia Dziecka. Przygotowali\u015bmy dla Was wiele atrakcji mi.in. Zumb\u0119, Wielk\u0105 Jeng\u0119 Gry i zabawy z nagrodami, Proszki holy Przepyszn\u0105 wat\u0119 cukrow\u0105 Ognisko z kie\u0142baskami Dmuchany Zamek Do zobaczenia 1 czerwca !","robots":{"index":"index","follow":"follow","max-snippet":"max-snippet:-1","max-image-preview":"max-image-preview:large","max-video-preview":"max-video-preview:-1"},"canonical":"https:\/\/gokbocki.pl\/index.php\/2023\/05\/29\/dzien-dziecka-z-gminnym-osrodkiem-kultury-w-bockach\/","og_locale":"pl_PL","og_type":"article","og_title":"Dzie\u0144 Dziecka z GOK'iem ! - Gminny O\u015brodek Kultury w Bo\u0107kach","og_description":"\u2757\u2757 Wyj\u0105tkowe \u015bwi\u0119to- 1 czerwca- Dzie\u0144 Dziecka \u2757\u2757 Drogie dzieciaki 1 czerwca o godzinie 15:00 zapraszamy Was wszystkich na przygod\u0119 do parku przy Urz\u0119dzie Gminy! Gminny O\u015brodek Kultury w Bo\u0107kach przygotowa\u0142 dla Was wyj\u0105tkowe wydarzenie z okazji Dnia Dziecka. Przygotowali\u015bmy dla Was wiele atrakcji mi.in. Zumb\u0119, Wielk\u0105 Jeng\u0119 Gry i zabawy z nagrodami, Proszki holy Przepyszn\u0105 wat\u0119 cukrow\u0105 Ognisko z kie\u0142baskami Dmuchany Zamek Do zobaczenia 1 czerwca !","og_url":"https:\/\/gokbocki.pl\/index.php\/2023\/05\/29\/dzien-dziecka-z-gminnym-osrodkiem-kultury-w-bockach\/","og_site_name":"Gminny O\u015brodek Kultury w Bo\u0107kach","article_published_time":"2023-05-29T08:48:21+00:00","article_modified_time":"2023-05-29T08:48:22+00:00","og_image":[{"width":1587,"height":2245,"url":"https:\/\/gokbocki.pl\/wp-content\/uploads\/2023\/05\/dzien-Dziecka-1.png","type":"image\/png"}],"author":"admin","twitter_card":"summary_large_image","twitter_misc":{"Napisane przez":"admin","Szacowany czas czytania":"1 minuta"},"schema":{"@context":"https:\/\/schema.org","@graph":[{"@type":"WebPage","@id":"https:\/\/gokbocki.pl\/index.php\/2023\/05\/29\/dzien-dziecka-z-gminnym-osrodkiem-kultury-w-bockach\/","url":"https:\/\/gokbocki.pl\/index.php\/2023\/05\/29\/dzien-dziecka-z-gminnym-osrodkiem-kultury-w-bockach\/","name":"Dzie\u0144 Dziecka z GOK'iem ! - Gminny O\u015brodek Kultury w Bo\u0107kach","isPartOf":{"@id":"https:\/\/gokbocki.pl\/#website"},"datePublished":"2023-05-29T08:48:21+00:00","dateModified":"2023-05-29T08:48:22+00:00","author":{"@id":"https:\/\/gokbocki.pl\/#\/schema\/person\/32a0381e1f259128348b84ce4d001412"},"description":"\u2757\u2757 Wyj\u0105tkowe \u015bwi\u0119to- 1 czerwca- Dzie\u0144 Dziecka \u2757\u2757 Drogie dzieciaki 1 czerwca o godzinie 15:00 zapraszamy Was wszystkich na przygod\u0119 do parku przy Urz\u0119dzie Gminy! Gminny O\u015brodek Kultury w Bo\u0107kach przygotowa\u0142 dla Was wyj\u0105tkowe wydarzenie z okazji Dnia Dziecka. Przygotowali\u015bmy dla Was wiele atrakcji mi.in. Zumb\u0119, Wielk\u0105 Jeng\u0119 Gry i zabawy z nagrodami, Proszki holy Przepyszn\u0105 wat\u0119 cukrow\u0105 Ognisko z kie\u0142baskami Dmuchany Zamek Do zobaczenia 1 czerwca !","breadcrumb":{"@id":"https:\/\/gokbocki.pl\/index.php\/2023\/05\/29\/dzien-dziecka-z-gminnym-osrodkiem-kultury-w-bockach\/#breadcrumb"},"inLanguage":"pl-PL","potentialAction":[{"@type":"ReadAction","target":["https:\/\/gokbocki.pl\/index.php\/2023\/05\/29\/dzien-dziecka-z-gminnym-osrodkiem-kultury-w-bockach\/"]}]},{"@type":"BreadcrumbList","@id":"https:\/\/gokbocki.pl\/index.php\/2023\/05\/29\/dzien-dziecka-z-gminnym-osrodkiem-kultury-w-bockach\/#breadcrumb","itemListElement":[{"@type":"ListItem","position":1,"name":"Strona g\u0142\u00f3wna","item":"https:\/\/gokbocki.pl\/"},{"@type":"ListItem","position":2,"name":"Dzie\u0144 Dziecka z GOK&#8217;iem !"}]},{"@type":"WebSite","@id":"https:\/\/gokbocki.pl\/#website","url":"https:\/\/gokbocki.pl\/","name":"Gminny O\u015brodek Kultury w Bo\u0107kach","description":"GOK BO\u0106KI","potentialAction":[{"@type":"SearchAction","target":{"@type":"EntryPoint","urlTemplate":"https:\/\/gokbocki.pl\/?s={search_term_string}"},"query-input":"required name=search_term_string"}],"inLanguage":"pl-PL"},{"@type":"Person","@id":"https:\/\/gokbocki.pl\/#\/schema\/person\/32a0381e1f259128348b84ce4d001412","name":"admin","image":{"@type":"ImageObject","inLanguage":"pl-PL","@id":"https:\/\/gokbocki.pl\/#\/schema\/person\/image\/","url":"https:\/\/secure.gravatar.com\/avatar\/ee27fe75b11e058e31443c0a5a21fc25?s=96&d=mm&r=g","contentUrl":"https:\/\/secure.gravatar.com\/avatar\/ee27fe75b11e058e31443c0a5a21fc25?s=96&d=mm&r=g","caption":"admin"},"url":"https:\/\/gokbocki.pl\/index.php\/author\/admin\/"}]}},"_links":{"self":[{"href":"https:\/\/gokbocki.pl\/index.php\/wp-json\/wp\/v2\/posts\/4388"}],"collection":[{"href":"https:\/\/gokbocki.pl\/index.php\/wp-json\/wp\/v2\/posts"}],"about":[{"href":"https:\/\/gokbocki.pl\/index.php\/wp-json\/wp\/v2\/types\/post"}],"author":[{"embeddable":true,"href":"https:\/\/gokbocki.pl\/index.php\/wp-json\/wp\/v2\/users\/1"}],"replies":[{"embeddable":true,"href":"https:\/\/gokbocki.pl\/index.php\/wp-json\/wp\/v2\/comments?post=4388"}],"version-history":[{"count":1,"href":"https:\/\/gokbocki.pl\/index.php\/wp-json\/wp\/v2\/posts\/4388\/revisions"}],"predecessor-version":[{"id":4390,"href":"https:\/\/gokbocki.pl\/index.php\/wp-json\/wp\/v2\/posts\/4388\/revisions\/4390"}],"wp:featuredmedia":[{"embeddable":true,"href":"https:\/\/gokbocki.pl\/index.php\/wp-json\/wp\/v2\/media\/4389"}],"wp:attachment":[{"href":"https:\/\/gokbocki.pl\/index.php\/wp-json\/wp\/v2\/media?parent=4388"}],"wp:term":[{"taxonomy":"category","embeddable":true,"href":"https:\/\/gokbocki.pl\/index.php\/wp-json\/wp\/v2\/categories?post=4388"},{"taxonomy":"post_tag","embeddable":true,"href":"https:\/\/gokbocki.pl\/index.php\/wp-json\/wp\/v2\/tags?post=4388"}],"curies":[{"name":"wp","href":"https:\/\/api.w.org\/{rel}","templated":true}]}}