{"id":4454,"date":"2023-09-18T17:01:50","date_gmt":"2023-09-18T15:01:50","guid":{"rendered":"https:\/\/gokbocki.pl\/?p=4454"},"modified":"2023-09-18T17:01:51","modified_gmt":"2023-09-18T15:01:51","slug":"dni-kultury-zydowskiej-w-bockach","status":"publish","type":"post","link":"https:\/\/gokbocki.pl\/index.php\/2023\/09\/18\/dni-kultury-zydowskiej-w-bockach\/","title":{"rendered":"Dni Kultury \u017cydowskiej w Bo\u0107kach !"},"content":{"rendered":"\n<figure class=\"wp-block-image size-large\"><img decoding=\"async\" loading=\"lazy\" width=\"724\" height=\"1024\" src=\"https:\/\/gokbocki.pl\/wp-content\/uploads\/2023\/09\/376626997_730582525779356_3042041786644647392_n1-724x1024.jpg\" alt=\"\" class=\"wp-image-4455\" srcset=\"https:\/\/gokbocki.pl\/wp-content\/uploads\/2023\/09\/376626997_730582525779356_3042041786644647392_n1-724x1024.jpg 724w, https:\/\/gokbocki.pl\/wp-content\/uploads\/2023\/09\/376626997_730582525779356_3042041786644647392_n1-212x300.jpg 212w, https:\/\/gokbocki.pl\/wp-content\/uploads\/2023\/09\/376626997_730582525779356_3042041786644647392_n1-768x1086.jpg 768w, https:\/\/gokbocki.pl\/wp-content\/uploads\/2023\/09\/376626997_730582525779356_3042041786644647392_n1-1086x1536.jpg 1086w, https:\/\/gokbocki.pl\/wp-content\/uploads\/2023\/09\/376626997_730582525779356_3042041786644647392_n1-820x1160.jpg 820w, https:\/\/gokbocki.pl\/wp-content\/uploads\/2023\/09\/376626997_730582525779356_3042041786644647392_n1.jpg 1158w\" sizes=\"(max-width: 724px) 100vw, 724px\" \/><\/figure>\n\n\n<div class=\"\" dir=\"auto\">\n<div id=\":r1c:\" class=\"x1iorvi4 x1pi30zi x1l90r2v x1swvt13\" data-ad-comet-preview=\"message\" data-ad-preview=\"message\">\n<div class=\"x78zum5 xdt5ytf xz62fqu x16ldp7u\">\n<div class=\"xu06os2 x1ok221b\">\n<div class=\"xdj266r x11i5rnm xat24cr x1mh8g0r x1vvkbs x126k92a\">\n<div dir=\"auto\">Zapraszamy wszystkich mieszka\u0144c\u00f3w na Dni Kultury \u017bydowskiej<\/div>\n<div dir=\"auto\"><span class=\"x3nfvp2 x1j61x8r x1fcty0u xdj266r xhhsvwb xat24cr xgzva0m xxymvpz xlup9mm x1kky2od\">&#8211;<\/span>Kiedy? 22.09.2023 (pi\u0105tek)<\/div>\n<div dir=\"auto\">-Gdzie? <span class=\"xt0psk2\">Gminny O\u015brodek Kultury w Bo\u0107kach <\/span><\/div>\n<div dir=\"auto\">-O kt\u00f3rej? 18:00 Opowie\u015b\u0107 Pana Zbigniewa Romaniuka- Spo\u0142eczno\u015b\u0107 \u017cydowska w Bo\u0107kach<\/div>\n<div dir=\"auto\">18:30- Koncert poezji \u017cydowskiej zesp\u00f3\u0142 Klezmorim Trio<\/div>\n<\/div>\n<\/div>\n<\/div>\n<\/div>\n<\/div>","protected":false},"excerpt":{"rendered":"<p>Zapraszamy wszystkich mieszka\u0144c\u00f3w na Dni Kultury \u017bydowskiej &#8211;Kiedy? 22.09.2023 (pi\u0105tek) -Gdzie? Gminny O\u015brodek Kultury w Bo\u0107kach -O kt\u00f3rej? 18:00 Opowie\u015b\u0107 Pana Zbigniewa Romaniuka- Spo\u0142eczno\u015b\u0107 \u017cydowska w Bo\u0107kach 18:30- Koncert poezji \u017cydowskiej zesp\u00f3\u0142 Klezmorim Trio<\/p>\n","protected":false},"author":1,"featured_media":0,"comment_status":"open","ping_status":"open","sticky":false,"template":"","format":"standard","meta":[],"categories":[24],"tags":[42,41,43,44],"yoast_head":"<!-- This site is optimized with the Yoast SEO plugin v20.2.1 - https:\/\/yoast.com\/wordpress\/plugins\/seo\/ -->\n<title>Dni Kultury \u017cydowskiej w Bo\u0107kach ! - Gminny O\u015brodek Kultury w Bo\u0107kach<\/title>\n<meta name=\"robots\" content=\"index, follow, max-snippet:-1, max-image-preview:large, max-video-preview:-1\" \/>\n<link rel=\"canonical\" href=\"https:\/\/gokbocki.pl\/index.php\/2023\/09\/18\/dni-kultury-zydowskiej-w-bockach\/\" \/>\n<meta property=\"og:locale\" content=\"pl_PL\" \/>\n<meta property=\"og:type\" content=\"article\" \/>\n<meta property=\"og:title\" content=\"Dni Kultury \u017cydowskiej w Bo\u0107kach ! - Gminny O\u015brodek Kultury w Bo\u0107kach\" \/>\n<meta property=\"og:description\" content=\"Zapraszamy wszystkich mieszka\u0144c\u00f3w na Dni Kultury \u017bydowskiej &#8211;Kiedy? 22.09.2023 (pi\u0105tek) -Gdzie? Gminny O\u015brodek Kultury w Bo\u0107kach -O kt\u00f3rej? 18:00 Opowie\u015b\u0107 Pana Zbigniewa Romaniuka- Spo\u0142eczno\u015b\u0107 \u017cydowska w Bo\u0107kach 18:30- Koncert poezji \u017cydowskiej zesp\u00f3\u0142 Klezmorim Trio\" \/>\n<meta property=\"og:url\" content=\"https:\/\/gokbocki.pl\/index.php\/2023\/09\/18\/dni-kultury-zydowskiej-w-bockach\/\" \/>\n<meta property=\"og:site_name\" content=\"Gminny O\u015brodek Kultury w Bo\u0107kach\" \/>\n<meta property=\"article:published_time\" content=\"2023-09-18T15:01:50+00:00\" \/>\n<meta property=\"article:modified_time\" content=\"2023-09-18T15:01:51+00:00\" \/>\n<meta property=\"og:image\" content=\"https:\/\/gokbocki.pl\/wp-content\/uploads\/2023\/09\/376626997_730582525779356_3042041786644647392_n1-724x1024.jpg\" \/>\n<meta name=\"author\" content=\"admin\" \/>\n<meta name=\"twitter:card\" content=\"summary_large_image\" \/>\n<meta name=\"twitter:label1\" content=\"Napisane przez\" \/>\n\t<meta name=\"twitter:data1\" content=\"admin\" \/>\n\t<meta name=\"twitter:label2\" content=\"Szacowany czas czytania\" \/>\n\t<meta name=\"twitter:data2\" content=\"1 minuta\" \/>\n<script type=\"application\/ld+json\" class=\"yoast-schema-graph\">{\"@context\":\"https:\/\/schema.org\",\"@graph\":[{\"@type\":\"WebPage\",\"@id\":\"https:\/\/gokbocki.pl\/index.php\/2023\/09\/18\/dni-kultury-zydowskiej-w-bockach\/\",\"url\":\"https:\/\/gokbocki.pl\/index.php\/2023\/09\/18\/dni-kultury-zydowskiej-w-bockach\/\",\"name\":\"Dni Kultury \u017cydowskiej w Bo\u0107kach ! - Gminny O\u015brodek Kultury w Bo\u0107kach\",\"isPartOf\":{\"@id\":\"https:\/\/gokbocki.pl\/#website\"},\"datePublished\":\"2023-09-18T15:01:50+00:00\",\"dateModified\":\"2023-09-18T15:01:51+00:00\",\"author\":{\"@id\":\"https:\/\/gokbocki.pl\/#\/schema\/person\/32a0381e1f259128348b84ce4d001412\"},\"breadcrumb\":{\"@id\":\"https:\/\/gokbocki.pl\/index.php\/2023\/09\/18\/dni-kultury-zydowskiej-w-bockach\/#breadcrumb\"},\"inLanguage\":\"pl-PL\",\"potentialAction\":[{\"@type\":\"ReadAction\",\"target\":[\"https:\/\/gokbocki.pl\/index.php\/2023\/09\/18\/dni-kultury-zydowskiej-w-bockach\/\"]}]},{\"@type\":\"BreadcrumbList\",\"@id\":\"https:\/\/gokbocki.pl\/index.php\/2023\/09\/18\/dni-kultury-zydowskiej-w-bockach\/#breadcrumb\",\"itemListElement\":[{\"@type\":\"ListItem\",\"position\":1,\"name\":\"Strona g\u0142\u00f3wna\",\"item\":\"https:\/\/gokbocki.pl\/\"},{\"@type\":\"ListItem\",\"position\":2,\"name\":\"Dni Kultury \u017cydowskiej w Bo\u0107kach !\"}]},{\"@type\":\"WebSite\",\"@id\":\"https:\/\/gokbocki.pl\/#website\",\"url\":\"https:\/\/gokbocki.pl\/\",\"name\":\"Gminny O\u015brodek Kultury w Bo\u0107kach\",\"description\":\"GOK BO\u0106KI\",\"potentialAction\":[{\"@type\":\"SearchAction\",\"target\":{\"@type\":\"EntryPoint\",\"urlTemplate\":\"https:\/\/gokbocki.pl\/?s={search_term_string}\"},\"query-input\":\"required name=search_term_string\"}],\"inLanguage\":\"pl-PL\"},{\"@type\":\"Person\",\"@id\":\"https:\/\/gokbocki.pl\/#\/schema\/person\/32a0381e1f259128348b84ce4d001412\",\"name\":\"admin\",\"image\":{\"@type\":\"ImageObject\",\"inLanguage\":\"pl-PL\",\"@id\":\"https:\/\/gokbocki.pl\/#\/schema\/person\/image\/\",\"url\":\"https:\/\/secure.gravatar.com\/avatar\/ee27fe75b11e058e31443c0a5a21fc25?s=96&d=mm&r=g\",\"contentUrl\":\"https:\/\/secure.gravatar.com\/avatar\/ee27fe75b11e058e31443c0a5a21fc25?s=96&d=mm&r=g\",\"caption\":\"admin\"},\"url\":\"https:\/\/gokbocki.pl\/index.php\/author\/admin\/\"}]}<\/script>\n<!-- \/ Yoast SEO plugin. -->","yoast_head_json":{"title":"Dni Kultury \u017cydowskiej w Bo\u0107kach ! - Gminny O\u015brodek Kultury w Bo\u0107kach","robots":{"index":"index","follow":"follow","max-snippet":"max-snippet:-1","max-image-preview":"max-image-preview:large","max-video-preview":"max-video-preview:-1"},"canonical":"https:\/\/gokbocki.pl\/index.php\/2023\/09\/18\/dni-kultury-zydowskiej-w-bockach\/","og_locale":"pl_PL","og_type":"article","og_title":"Dni Kultury \u017cydowskiej w Bo\u0107kach ! - Gminny O\u015brodek Kultury w Bo\u0107kach","og_description":"Zapraszamy wszystkich mieszka\u0144c\u00f3w na Dni Kultury \u017bydowskiej &#8211;Kiedy? 22.09.2023 (pi\u0105tek) -Gdzie? Gminny O\u015brodek Kultury w Bo\u0107kach -O kt\u00f3rej? 18:00 Opowie\u015b\u0107 Pana Zbigniewa Romaniuka- Spo\u0142eczno\u015b\u0107 \u017cydowska w Bo\u0107kach 18:30- Koncert poezji \u017cydowskiej zesp\u00f3\u0142 Klezmorim Trio","og_url":"https:\/\/gokbocki.pl\/index.php\/2023\/09\/18\/dni-kultury-zydowskiej-w-bockach\/","og_site_name":"Gminny O\u015brodek Kultury w Bo\u0107kach","article_published_time":"2023-09-18T15:01:50+00:00","article_modified_time":"2023-09-18T15:01:51+00:00","og_image":[{"url":"https:\/\/gokbocki.pl\/wp-content\/uploads\/2023\/09\/376626997_730582525779356_3042041786644647392_n1-724x1024.jpg"}],"author":"admin","twitter_card":"summary_large_image","twitter_misc":{"Napisane przez":"admin","Szacowany czas czytania":"1 minuta"},"schema":{"@context":"https:\/\/schema.org","@graph":[{"@type":"WebPage","@id":"https:\/\/gokbocki.pl\/index.php\/2023\/09\/18\/dni-kultury-zydowskiej-w-bockach\/","url":"https:\/\/gokbocki.pl\/index.php\/2023\/09\/18\/dni-kultury-zydowskiej-w-bockach\/","name":"Dni Kultury \u017cydowskiej w Bo\u0107kach ! - Gminny O\u015brodek Kultury w Bo\u0107kach","isPartOf":{"@id":"https:\/\/gokbocki.pl\/#website"},"datePublished":"2023-09-18T15:01:50+00:00","dateModified":"2023-09-18T15:01:51+00:00","author":{"@id":"https:\/\/gokbocki.pl\/#\/schema\/person\/32a0381e1f259128348b84ce4d001412"},"breadcrumb":{"@id":"https:\/\/gokbocki.pl\/index.php\/2023\/09\/18\/dni-kultury-zydowskiej-w-bockach\/#breadcrumb"},"inLanguage":"pl-PL","potentialAction":[{"@type":"ReadAction","target":["https:\/\/gokbocki.pl\/index.php\/2023\/09\/18\/dni-kultury-zydowskiej-w-bockach\/"]}]},{"@type":"BreadcrumbList","@id":"https:\/\/gokbocki.pl\/index.php\/2023\/09\/18\/dni-kultury-zydowskiej-w-bockach\/#breadcrumb","itemListElement":[{"@type":"ListItem","position":1,"name":"Strona g\u0142\u00f3wna","item":"https:\/\/gokbocki.pl\/"},{"@type":"ListItem","position":2,"name":"Dni Kultury \u017cydowskiej w Bo\u0107kach !"}]},{"@type":"WebSite","@id":"https:\/\/gokbocki.pl\/#website","url":"https:\/\/gokbocki.pl\/","name":"Gminny O\u015brodek Kultury w Bo\u0107kach","description":"GOK BO\u0106KI","potentialAction":[{"@type":"SearchAction","target":{"@type":"EntryPoint","urlTemplate":"https:\/\/gokbocki.pl\/?s={search_term_string}"},"query-input":"required name=search_term_string"}],"inLanguage":"pl-PL"},{"@type":"Person","@id":"https:\/\/gokbocki.pl\/#\/schema\/person\/32a0381e1f259128348b84ce4d001412","name":"admin","image":{"@type":"ImageObject","inLanguage":"pl-PL","@id":"https:\/\/gokbocki.pl\/#\/schema\/person\/image\/","url":"https:\/\/secure.gravatar.com\/avatar\/ee27fe75b11e058e31443c0a5a21fc25?s=96&d=mm&r=g","contentUrl":"https:\/\/secure.gravatar.com\/avatar\/ee27fe75b11e058e31443c0a5a21fc25?s=96&d=mm&r=g","caption":"admin"},"url":"https:\/\/gokbocki.pl\/index.php\/author\/admin\/"}]}},"_links":{"self":[{"href":"https:\/\/gokbocki.pl\/index.php\/wp-json\/wp\/v2\/posts\/4454"}],"collection":[{"href":"https:\/\/gokbocki.pl\/index.php\/wp-json\/wp\/v2\/posts"}],"about":[{"href":"https:\/\/gokbocki.pl\/index.php\/wp-json\/wp\/v2\/types\/post"}],"author":[{"embeddable":true,"href":"https:\/\/gokbocki.pl\/index.php\/wp-json\/wp\/v2\/users\/1"}],"replies":[{"embeddable":true,"href":"https:\/\/gokbocki.pl\/index.php\/wp-json\/wp\/v2\/comments?post=4454"}],"version-history":[{"count":1,"href":"https:\/\/gokbocki.pl\/index.php\/wp-json\/wp\/v2\/posts\/4454\/revisions"}],"predecessor-version":[{"id":4456,"href":"https:\/\/gokbocki.pl\/index.php\/wp-json\/wp\/v2\/posts\/4454\/revisions\/4456"}],"wp:attachment":[{"href":"https:\/\/gokbocki.pl\/index.php\/wp-json\/wp\/v2\/media?parent=4454"}],"wp:term":[{"taxonomy":"category","embeddable":true,"href":"https:\/\/gokbocki.pl\/index.php\/wp-json\/wp\/v2\/categories?post=4454"},{"taxonomy":"post_tag","embeddable":true,"href":"https:\/\/gokbocki.pl\/index.php\/wp-json\/wp\/v2\/tags?post=4454"}],"curies":[{"name":"wp","href":"https:\/\/api.w.org\/{rel}","templated":true}]}}