{"id":4471,"date":"2023-10-25T11:21:47","date_gmt":"2023-10-25T09:21:47","guid":{"rendered":"https:\/\/gokbocki.pl\/?p=4471"},"modified":"2023-10-25T11:21:48","modified_gmt":"2023-10-25T09:21:48","slug":"wystawa-prac-kordiana-michalskiego-pt-kordian-powrot-do-goku","status":"publish","type":"post","link":"https:\/\/gokbocki.pl\/index.php\/2023\/10\/25\/wystawa-prac-kordiana-michalskiego-pt-kordian-powrot-do-goku\/","title":{"rendered":"Wystawa prac Kordiana Michalskiego pt. &#8222;Kordian- Powr\u00f3t do GOKu&#8221;"},"content":{"rendered":"\n<figure class=\"wp-block-image size-large\"><img decoding=\"async\" loading=\"lazy\" width=\"724\" height=\"1024\" src=\"https:\/\/gokbocki.pl\/wp-content\/uploads\/2023\/10\/plakat_kordian_powrot_do_goku_znbb_A3_page-0001-724x1024.jpg\" alt=\"\" class=\"wp-image-4472\" srcset=\"https:\/\/gokbocki.pl\/wp-content\/uploads\/2023\/10\/plakat_kordian_powrot_do_goku_znbb_A3_page-0001-724x1024.jpg 724w, https:\/\/gokbocki.pl\/wp-content\/uploads\/2023\/10\/plakat_kordian_powrot_do_goku_znbb_A3_page-0001-212x300.jpg 212w, https:\/\/gokbocki.pl\/wp-content\/uploads\/2023\/10\/plakat_kordian_powrot_do_goku_znbb_A3_page-0001-768x1086.jpg 768w, https:\/\/gokbocki.pl\/wp-content\/uploads\/2023\/10\/plakat_kordian_powrot_do_goku_znbb_A3_page-0001-1086x1536.jpg 1086w, https:\/\/gokbocki.pl\/wp-content\/uploads\/2023\/10\/plakat_kordian_powrot_do_goku_znbb_A3_page-0001-1448x2048.jpg 1448w, https:\/\/gokbocki.pl\/wp-content\/uploads\/2023\/10\/plakat_kordian_powrot_do_goku_znbb_A3_page-0001-820x1160.jpg 820w, https:\/\/gokbocki.pl\/wp-content\/uploads\/2023\/10\/plakat_kordian_powrot_do_goku_znbb_A3_page-0001.jpg 1754w\" sizes=\"(max-width: 724px) 100vw, 724px\" \/><\/figure>\n\n\n<div class=\"xdj266r x11i5rnm xat24cr x1mh8g0r x1vvkbs\">Rodzina i Gminny O\u015brodek Kultury w Bo\u0107kach zapraszaj\u0105 na otwarcie wystawy prac Kordiana Michalskiego pt. &#8222;Kordian &#8211; Powr\u00f3t do GOKu&#8221;.<\/div>\n<div class=\"x11i5rnm xat24cr x1mh8g0r x1vvkbs xtlvy1s\">Wystaw\u0119 b\u0119dzie mo\u017cna ogl\u0105da\u0107 w Gminnym O\u015brodku Kultury w Bo\u0107kach do ko\u0144ca 2023 roku <br \/>Od poniedzia\u0142ku do pi\u0105tku w godzinach 9:00-19:00<br \/>W weekend po telefonicznym um\u00f3wieniu si\u0119 -tel. 85 731 30 43. <br \/>Opr\u00f3cz fizycznie zebranych eksponat\u00f3w b\u0119dzie mo\u017cliwo\u015b\u0107 poznania Kordiana z nieco innej strony \u2013 w tle prezentowane b\u0119d\u0105 cyfrowe pami\u0105tki w postaci obrazk\u00f3w i zapis\u00f3w wideo.<\/div>\n<div class=\"x11i5rnm xat24cr x1mh8g0r x1vvkbs xtlvy1s\">Dodatkowo wernisa\u017c u\u015bwietni wyst\u0119p zespo\u0142u Zdrowie na Budowie Band, kt\u00f3ry zagra akustycznie (unplugged) kilka utwor\u00f3w ze swojego repertuaru.<\/div>\n<div class=\"x11i5rnm xat24cr x1mh8g0r x1vvkbs xtlvy1s\">Serdecznie zapraszamy!<\/div>","protected":false},"excerpt":{"rendered":"<p>Rodzina i Gminny O\u015brodek Kultury w Bo\u0107kach zapraszaj\u0105 na otwarcie wystawy prac Kordiana Michalskiego pt. &#8222;Kordian &#8211; Powr\u00f3t do GOKu&#8221;. Wystaw\u0119 b\u0119dzie mo\u017cna ogl\u0105da\u0107 w Gminnym O\u015brodku Kultury w Bo\u0107kach do ko\u0144ca 2023 roku Od poniedzia\u0142ku do pi\u0105tku w godzinach 9:00-19:00W weekend po telefonicznym um\u00f3wieniu si\u0119 -tel. 85 731 30 43. Opr\u00f3cz fizycznie zebranych eksponat\u00f3w [&hellip;]<\/p>\n","protected":false},"author":1,"featured_media":4472,"comment_status":"open","ping_status":"open","sticky":false,"template":"","format":"standard","meta":[],"categories":[24],"tags":[46,53,52],"yoast_head":"<!-- This site is optimized with the Yoast SEO plugin v20.2.1 - https:\/\/yoast.com\/wordpress\/plugins\/seo\/ -->\n<title>Wystawa prac Kordiana Michalskiego pt. &quot;Kordian- Powr\u00f3t do GOKu&quot; - Gminny O\u015brodek Kultury w Bo\u0107kach<\/title>\n<meta name=\"robots\" content=\"index, follow, max-snippet:-1, max-image-preview:large, max-video-preview:-1\" \/>\n<link rel=\"canonical\" href=\"https:\/\/gokbocki.pl\/index.php\/2023\/10\/25\/wystawa-prac-kordiana-michalskiego-pt-kordian-powrot-do-goku\/\" \/>\n<meta property=\"og:locale\" content=\"pl_PL\" \/>\n<meta property=\"og:type\" content=\"article\" \/>\n<meta property=\"og:title\" content=\"Wystawa prac Kordiana Michalskiego pt. &quot;Kordian- Powr\u00f3t do GOKu&quot; - Gminny O\u015brodek Kultury w Bo\u0107kach\" \/>\n<meta property=\"og:description\" content=\"Rodzina i Gminny O\u015brodek Kultury w Bo\u0107kach zapraszaj\u0105 na otwarcie wystawy prac Kordiana Michalskiego pt. &#8222;Kordian &#8211; Powr\u00f3t do GOKu&#8221;. Wystaw\u0119 b\u0119dzie mo\u017cna ogl\u0105da\u0107 w Gminnym O\u015brodku Kultury w Bo\u0107kach do ko\u0144ca 2023 roku Od poniedzia\u0142ku do pi\u0105tku w godzinach 9:00-19:00W weekend po telefonicznym um\u00f3wieniu si\u0119 -tel. 85 731 30 43. Opr\u00f3cz fizycznie zebranych eksponat\u00f3w [&hellip;]\" \/>\n<meta property=\"og:url\" content=\"https:\/\/gokbocki.pl\/index.php\/2023\/10\/25\/wystawa-prac-kordiana-michalskiego-pt-kordian-powrot-do-goku\/\" \/>\n<meta property=\"og:site_name\" content=\"Gminny O\u015brodek Kultury w Bo\u0107kach\" \/>\n<meta property=\"article:published_time\" content=\"2023-10-25T09:21:47+00:00\" \/>\n<meta property=\"article:modified_time\" content=\"2023-10-25T09:21:48+00:00\" \/>\n<meta property=\"og:image\" content=\"https:\/\/gokbocki.pl\/wp-content\/uploads\/2023\/10\/plakat_kordian_powrot_do_goku_znbb_A3_page-0001.jpg\" \/>\n\t<meta property=\"og:image:width\" content=\"1754\" \/>\n\t<meta property=\"og:image:height\" content=\"2481\" \/>\n\t<meta property=\"og:image:type\" content=\"image\/jpeg\" \/>\n<meta name=\"author\" content=\"admin\" \/>\n<meta name=\"twitter:card\" content=\"summary_large_image\" \/>\n<meta name=\"twitter:label1\" content=\"Napisane przez\" \/>\n\t<meta name=\"twitter:data1\" content=\"admin\" \/>\n\t<meta name=\"twitter:label2\" content=\"Szacowany czas czytania\" \/>\n\t<meta name=\"twitter:data2\" content=\"1 minuta\" \/>\n<script type=\"application\/ld+json\" class=\"yoast-schema-graph\">{\"@context\":\"https:\/\/schema.org\",\"@graph\":[{\"@type\":\"WebPage\",\"@id\":\"https:\/\/gokbocki.pl\/index.php\/2023\/10\/25\/wystawa-prac-kordiana-michalskiego-pt-kordian-powrot-do-goku\/\",\"url\":\"https:\/\/gokbocki.pl\/index.php\/2023\/10\/25\/wystawa-prac-kordiana-michalskiego-pt-kordian-powrot-do-goku\/\",\"name\":\"Wystawa prac Kordiana Michalskiego pt. \\\"Kordian- Powr\u00f3t do GOKu\\\" - Gminny O\u015brodek Kultury w Bo\u0107kach\",\"isPartOf\":{\"@id\":\"https:\/\/gokbocki.pl\/#website\"},\"datePublished\":\"2023-10-25T09:21:47+00:00\",\"dateModified\":\"2023-10-25T09:21:48+00:00\",\"author\":{\"@id\":\"https:\/\/gokbocki.pl\/#\/schema\/person\/32a0381e1f259128348b84ce4d001412\"},\"breadcrumb\":{\"@id\":\"https:\/\/gokbocki.pl\/index.php\/2023\/10\/25\/wystawa-prac-kordiana-michalskiego-pt-kordian-powrot-do-goku\/#breadcrumb\"},\"inLanguage\":\"pl-PL\",\"potentialAction\":[{\"@type\":\"ReadAction\",\"target\":[\"https:\/\/gokbocki.pl\/index.php\/2023\/10\/25\/wystawa-prac-kordiana-michalskiego-pt-kordian-powrot-do-goku\/\"]}]},{\"@type\":\"BreadcrumbList\",\"@id\":\"https:\/\/gokbocki.pl\/index.php\/2023\/10\/25\/wystawa-prac-kordiana-michalskiego-pt-kordian-powrot-do-goku\/#breadcrumb\",\"itemListElement\":[{\"@type\":\"ListItem\",\"position\":1,\"name\":\"Strona g\u0142\u00f3wna\",\"item\":\"https:\/\/gokbocki.pl\/\"},{\"@type\":\"ListItem\",\"position\":2,\"name\":\"Wystawa prac Kordiana Michalskiego pt. &#8222;Kordian- Powr\u00f3t do GOKu&#8221;\"}]},{\"@type\":\"WebSite\",\"@id\":\"https:\/\/gokbocki.pl\/#website\",\"url\":\"https:\/\/gokbocki.pl\/\",\"name\":\"Gminny O\u015brodek Kultury w Bo\u0107kach\",\"description\":\"GOK BO\u0106KI\",\"potentialAction\":[{\"@type\":\"SearchAction\",\"target\":{\"@type\":\"EntryPoint\",\"urlTemplate\":\"https:\/\/gokbocki.pl\/?s={search_term_string}\"},\"query-input\":\"required name=search_term_string\"}],\"inLanguage\":\"pl-PL\"},{\"@type\":\"Person\",\"@id\":\"https:\/\/gokbocki.pl\/#\/schema\/person\/32a0381e1f259128348b84ce4d001412\",\"name\":\"admin\",\"image\":{\"@type\":\"ImageObject\",\"inLanguage\":\"pl-PL\",\"@id\":\"https:\/\/gokbocki.pl\/#\/schema\/person\/image\/\",\"url\":\"https:\/\/secure.gravatar.com\/avatar\/ee27fe75b11e058e31443c0a5a21fc25?s=96&d=mm&r=g\",\"contentUrl\":\"https:\/\/secure.gravatar.com\/avatar\/ee27fe75b11e058e31443c0a5a21fc25?s=96&d=mm&r=g\",\"caption\":\"admin\"},\"url\":\"https:\/\/gokbocki.pl\/index.php\/author\/admin\/\"}]}<\/script>\n<!-- \/ Yoast SEO plugin. -->","yoast_head_json":{"title":"Wystawa prac Kordiana Michalskiego pt. \"Kordian- Powr\u00f3t do GOKu\" - Gminny O\u015brodek Kultury w Bo\u0107kach","robots":{"index":"index","follow":"follow","max-snippet":"max-snippet:-1","max-image-preview":"max-image-preview:large","max-video-preview":"max-video-preview:-1"},"canonical":"https:\/\/gokbocki.pl\/index.php\/2023\/10\/25\/wystawa-prac-kordiana-michalskiego-pt-kordian-powrot-do-goku\/","og_locale":"pl_PL","og_type":"article","og_title":"Wystawa prac Kordiana Michalskiego pt. \"Kordian- Powr\u00f3t do GOKu\" - Gminny O\u015brodek Kultury w Bo\u0107kach","og_description":"Rodzina i Gminny O\u015brodek Kultury w Bo\u0107kach zapraszaj\u0105 na otwarcie wystawy prac Kordiana Michalskiego pt. &#8222;Kordian &#8211; Powr\u00f3t do GOKu&#8221;. Wystaw\u0119 b\u0119dzie mo\u017cna ogl\u0105da\u0107 w Gminnym O\u015brodku Kultury w Bo\u0107kach do ko\u0144ca 2023 roku Od poniedzia\u0142ku do pi\u0105tku w godzinach 9:00-19:00W weekend po telefonicznym um\u00f3wieniu si\u0119 -tel. 85 731 30 43. Opr\u00f3cz fizycznie zebranych eksponat\u00f3w [&hellip;]","og_url":"https:\/\/gokbocki.pl\/index.php\/2023\/10\/25\/wystawa-prac-kordiana-michalskiego-pt-kordian-powrot-do-goku\/","og_site_name":"Gminny O\u015brodek Kultury w Bo\u0107kach","article_published_time":"2023-10-25T09:21:47+00:00","article_modified_time":"2023-10-25T09:21:48+00:00","og_image":[{"width":1754,"height":2481,"url":"https:\/\/gokbocki.pl\/wp-content\/uploads\/2023\/10\/plakat_kordian_powrot_do_goku_znbb_A3_page-0001.jpg","type":"image\/jpeg"}],"author":"admin","twitter_card":"summary_large_image","twitter_misc":{"Napisane przez":"admin","Szacowany czas czytania":"1 minuta"},"schema":{"@context":"https:\/\/schema.org","@graph":[{"@type":"WebPage","@id":"https:\/\/gokbocki.pl\/index.php\/2023\/10\/25\/wystawa-prac-kordiana-michalskiego-pt-kordian-powrot-do-goku\/","url":"https:\/\/gokbocki.pl\/index.php\/2023\/10\/25\/wystawa-prac-kordiana-michalskiego-pt-kordian-powrot-do-goku\/","name":"Wystawa prac Kordiana Michalskiego pt. \"Kordian- Powr\u00f3t do GOKu\" - Gminny O\u015brodek Kultury w Bo\u0107kach","isPartOf":{"@id":"https:\/\/gokbocki.pl\/#website"},"datePublished":"2023-10-25T09:21:47+00:00","dateModified":"2023-10-25T09:21:48+00:00","author":{"@id":"https:\/\/gokbocki.pl\/#\/schema\/person\/32a0381e1f259128348b84ce4d001412"},"breadcrumb":{"@id":"https:\/\/gokbocki.pl\/index.php\/2023\/10\/25\/wystawa-prac-kordiana-michalskiego-pt-kordian-powrot-do-goku\/#breadcrumb"},"inLanguage":"pl-PL","potentialAction":[{"@type":"ReadAction","target":["https:\/\/gokbocki.pl\/index.php\/2023\/10\/25\/wystawa-prac-kordiana-michalskiego-pt-kordian-powrot-do-goku\/"]}]},{"@type":"BreadcrumbList","@id":"https:\/\/gokbocki.pl\/index.php\/2023\/10\/25\/wystawa-prac-kordiana-michalskiego-pt-kordian-powrot-do-goku\/#breadcrumb","itemListElement":[{"@type":"ListItem","position":1,"name":"Strona g\u0142\u00f3wna","item":"https:\/\/gokbocki.pl\/"},{"@type":"ListItem","position":2,"name":"Wystawa prac Kordiana Michalskiego pt. &#8222;Kordian- Powr\u00f3t do GOKu&#8221;"}]},{"@type":"WebSite","@id":"https:\/\/gokbocki.pl\/#website","url":"https:\/\/gokbocki.pl\/","name":"Gminny O\u015brodek Kultury w Bo\u0107kach","description":"GOK BO\u0106KI","potentialAction":[{"@type":"SearchAction","target":{"@type":"EntryPoint","urlTemplate":"https:\/\/gokbocki.pl\/?s={search_term_string}"},"query-input":"required name=search_term_string"}],"inLanguage":"pl-PL"},{"@type":"Person","@id":"https:\/\/gokbocki.pl\/#\/schema\/person\/32a0381e1f259128348b84ce4d001412","name":"admin","image":{"@type":"ImageObject","inLanguage":"pl-PL","@id":"https:\/\/gokbocki.pl\/#\/schema\/person\/image\/","url":"https:\/\/secure.gravatar.com\/avatar\/ee27fe75b11e058e31443c0a5a21fc25?s=96&d=mm&r=g","contentUrl":"https:\/\/secure.gravatar.com\/avatar\/ee27fe75b11e058e31443c0a5a21fc25?s=96&d=mm&r=g","caption":"admin"},"url":"https:\/\/gokbocki.pl\/index.php\/author\/admin\/"}]}},"_links":{"self":[{"href":"https:\/\/gokbocki.pl\/index.php\/wp-json\/wp\/v2\/posts\/4471"}],"collection":[{"href":"https:\/\/gokbocki.pl\/index.php\/wp-json\/wp\/v2\/posts"}],"about":[{"href":"https:\/\/gokbocki.pl\/index.php\/wp-json\/wp\/v2\/types\/post"}],"author":[{"embeddable":true,"href":"https:\/\/gokbocki.pl\/index.php\/wp-json\/wp\/v2\/users\/1"}],"replies":[{"embeddable":true,"href":"https:\/\/gokbocki.pl\/index.php\/wp-json\/wp\/v2\/comments?post=4471"}],"version-history":[{"count":1,"href":"https:\/\/gokbocki.pl\/index.php\/wp-json\/wp\/v2\/posts\/4471\/revisions"}],"predecessor-version":[{"id":4473,"href":"https:\/\/gokbocki.pl\/index.php\/wp-json\/wp\/v2\/posts\/4471\/revisions\/4473"}],"wp:featuredmedia":[{"embeddable":true,"href":"https:\/\/gokbocki.pl\/index.php\/wp-json\/wp\/v2\/media\/4472"}],"wp:attachment":[{"href":"https:\/\/gokbocki.pl\/index.php\/wp-json\/wp\/v2\/media?parent=4471"}],"wp:term":[{"taxonomy":"category","embeddable":true,"href":"https:\/\/gokbocki.pl\/index.php\/wp-json\/wp\/v2\/categories?post=4471"},{"taxonomy":"post_tag","embeddable":true,"href":"https:\/\/gokbocki.pl\/index.php\/wp-json\/wp\/v2\/tags?post=4471"}],"curies":[{"name":"wp","href":"https:\/\/api.w.org\/{rel}","templated":true}]}}