{"id":4474,"date":"2023-10-25T11:26:10","date_gmt":"2023-10-25T09:26:10","guid":{"rendered":"https:\/\/gokbocki.pl\/?p=4474"},"modified":"2023-10-25T11:26:11","modified_gmt":"2023-10-25T09:26:11","slug":"roztanczona-noc-andrzejkowa-w-gminnym-osrodku-kultury-w-bockach","status":"publish","type":"post","link":"https:\/\/gokbocki.pl\/index.php\/2023\/10\/25\/roztanczona-noc-andrzejkowa-w-gminnym-osrodku-kultury-w-bockach\/","title":{"rendered":"Rozta\u0144czona Noc Andrzejkowa w Gminnym O\u015brodku Kultury  w Bo\u0107kach"},"content":{"rendered":"\n<figure class=\"wp-block-image size-large\"><img decoding=\"async\" loading=\"lazy\" width=\"724\" height=\"1024\" src=\"https:\/\/gokbocki.pl\/wp-content\/uploads\/2023\/10\/393236853_1545990799546410_4441399376780154165_n-724x1024.png\" alt=\"\" class=\"wp-image-4475\" srcset=\"https:\/\/gokbocki.pl\/wp-content\/uploads\/2023\/10\/393236853_1545990799546410_4441399376780154165_n-724x1024.png 724w, https:\/\/gokbocki.pl\/wp-content\/uploads\/2023\/10\/393236853_1545990799546410_4441399376780154165_n-212x300.png 212w, https:\/\/gokbocki.pl\/wp-content\/uploads\/2023\/10\/393236853_1545990799546410_4441399376780154165_n-768x1086.png 768w, https:\/\/gokbocki.pl\/wp-content\/uploads\/2023\/10\/393236853_1545990799546410_4441399376780154165_n-1086x1536.png 1086w, https:\/\/gokbocki.pl\/wp-content\/uploads\/2023\/10\/393236853_1545990799546410_4441399376780154165_n-820x1160.png 820w, https:\/\/gokbocki.pl\/wp-content\/uploads\/2023\/10\/393236853_1545990799546410_4441399376780154165_n.png 1414w\" sizes=\"(max-width: 724px) 100vw, 724px\" \/><\/figure>\n\n\n<div class=\"xjyslct xjbqb8w x972fbf xcfux6l x1qhh985 xm0m39n x9f619 x1rg5ohu xdj266r x11i5rnm xat24cr x1mh8g0r xexx8yu x4uap5 x18d9i69 xkhd6sd x1n2onr6 x16tdsg8 xh8yej3\">\n<div class=\"x78zum5 xdt5ytf xwib8y2 x1y1aw1k\">\n<div class=\"x9f619 x1n2onr6 x1ja2u2z x78zum5 x2lah0s x1nhvcw1 x1cy8zhl xozqiw3 x1q0g3np x1pi30zi x1swvt13 xexx8yu xykv574 xbmpl8g x4cne27 xifccgj\">\n<div class=\"x9f619 x1n2onr6 x1ja2u2z x78zum5 xdt5ytf x193iq5w xeuugli x1r8uery x1iyjqo2 xs83m0k xamitd3 xsyo7zv x16hj40l x10b6aqq x1yrsyyn\">\n<div class=\"x78zum5 xdt5ytf xz62fqu x16ldp7u\">\n<div class=\"xu06os2 x1ok221b\">\u00a0<\/div>\n<\/div>\n<\/div>\n<\/div>\n<\/div>\n<\/div>\n<div class=\"x1pi30zi x1swvt13\">\n<div class=\"x1ni5s2d\">\n<div class=\"xdj266r x11i5rnm xat24cr x1mh8g0r x1vvkbs\"><span class=\"x3nfvp2 x1j61x8r x1fcty0u xdj266r xhhsvwb xat24cr xgzva0m xxymvpz xlup9mm x1kky2od\"><img decoding=\"async\" loading=\"lazy\" class=\"xz74otr\" src=\"https:\/\/static.xx.fbcdn.net\/images\/emoji.php\/v9\/t8c\/1\/16\/1f389.png\" alt=\"&#x1f389;\" width=\"16\" height=\"16\" \/><\/span><span class=\"x3nfvp2 x1j61x8r x1fcty0u xdj266r xhhsvwb xat24cr xgzva0m xxymvpz xlup9mm x1kky2od\"><img decoding=\"async\" loading=\"lazy\" class=\"xz74otr\" src=\"https:\/\/static.xx.fbcdn.net\/images\/emoji.php\/v9\/tf4\/1\/16\/2728.png\" alt=\"&#x2728;\" width=\"16\" height=\"16\" \/><\/span> Zapraszamy Ci\u0119 na Niezapomnian\u0105 Rozta\u0144czon\u0105 Noc Andrzejkow\u0105! <span class=\"x3nfvp2 x1j61x8r x1fcty0u xdj266r xhhsvwb xat24cr xgzva0m xxymvpz xlup9mm x1kky2od\"><img decoding=\"async\" loading=\"lazy\" class=\"xz74otr\" src=\"https:\/\/static.xx.fbcdn.net\/images\/emoji.php\/v9\/tf4\/1\/16\/2728.png\" alt=\"&#x2728;\" width=\"16\" height=\"16\" \/><\/span><span class=\"x3nfvp2 x1j61x8r x1fcty0u xdj266r xhhsvwb xat24cr xgzva0m xxymvpz xlup9mm x1kky2od\"><img decoding=\"async\" loading=\"lazy\" class=\"xz74otr\" src=\"https:\/\/static.xx.fbcdn.net\/images\/emoji.php\/v9\/t8c\/1\/16\/1f389.png\" alt=\"&#x1f389;\" width=\"16\" height=\"16\" \/><\/span><br \/>Czy czujesz ju\u017c magi\u0119 nadchodz\u0105cych Andrzejek? To jedno z najbardziej tajemniczych i weso\u0142ych \u015bwi\u0105t, kt\u00f3re obchodzimy w Polsce. <span class=\"x3nfvp2 x1j61x8r x1fcty0u xdj266r xhhsvwb xat24cr xgzva0m xxymvpz xlup9mm x1kky2od\"><img decoding=\"async\" loading=\"lazy\" class=\"xz74otr\" src=\"https:\/\/static.xx.fbcdn.net\/images\/emoji.php\/v9\/t97\/1\/16\/1f57a.png\" alt=\"&#x1f57a;\" width=\"16\" height=\"16\" \/><\/span><span class=\"x3nfvp2 x1j61x8r x1fcty0u xdj266r xhhsvwb xat24cr xgzva0m xxymvpz xlup9mm x1kky2od\"><img decoding=\"async\" loading=\"lazy\" class=\"xz74otr\" src=\"https:\/\/static.xx.fbcdn.net\/images\/emoji.php\/v9\/tc7\/1\/16\/1f483.png\" alt=\"&#x1f483;\" width=\"16\" height=\"16\" \/><\/span> W tym roku chcemy zaprosi\u0107 Ci\u0119 do wyj\u0105tkowej, pe\u0142nej energii i ta\u0144ca imprezy &#8211; Rozta\u0144czonej Nocy Andrzejkowej! Przygotuj si\u0119 na noc pe\u0142n\u0105 \u015bwietnej muzyki, spontanicznych ta\u0144c\u00f3w i przepowiedni przysz\u0142o\u015bci!<br \/>Nie czekaj! Do\u0142\u0105cz do naszej Rozta\u0144czonej Nocy Andrzejkowej i pozw\u00f3l, by magia tej nocy zaprowadzi\u0142a Ci\u0119 na parkiet. Czekaj\u0105 na Ciebie niezapomniane chwile i du\u017co \u015bmiechu! <span class=\"x3nfvp2 x1j61x8r x1fcty0u xdj266r xhhsvwb xat24cr xgzva0m xxymvpz xlup9mm x1kky2od\"><img decoding=\"async\" loading=\"lazy\" class=\"xz74otr\" src=\"https:\/\/static.xx.fbcdn.net\/images\/emoji.php\/v9\/t33\/1\/16\/1f319.png\" alt=\"&#x1f319;\" width=\"16\" height=\"16\" \/><\/span><span class=\"x3nfvp2 x1j61x8r x1fcty0u xdj266r xhhsvwb xat24cr xgzva0m xxymvpz xlup9mm x1kky2od\"><img decoding=\"async\" loading=\"lazy\" class=\"xz74otr\" src=\"https:\/\/static.xx.fbcdn.net\/images\/emoji.php\/v9\/tf4\/1\/16\/2728.png\" alt=\"&#x2728;\" width=\"16\" height=\"16\" \/><\/span><br \/>Data i Miejsce: <br \/>25 listopada (sobota) 19:00<br \/>Gminny O\u015brodek Kultury w Bo\u0107kach<br \/>Koszt:160 z\u0142\/osoba<br \/>Zapisy: 85-731-30-43<\/div>\n<div class=\"x11i5rnm xat24cr x1mh8g0r x1vvkbs xtlvy1s\">Niech ta noc stanie si\u0119 dla Ciebie prawdziwym magicznym prze\u017cyciem. Do zobaczenia na parkiecie! <span class=\"x3nfvp2 x1j61x8r x1fcty0u xdj266r xhhsvwb xat24cr xgzva0m xxymvpz xlup9mm x1kky2od\"><img decoding=\"async\" loading=\"lazy\" class=\"xz74otr\" src=\"https:\/\/static.xx.fbcdn.net\/images\/emoji.php\/v9\/ted\/1\/16\/1f4ab.png\" alt=\"&#x1f4ab;\" width=\"16\" height=\"16\" \/><\/span><span class=\"x3nfvp2 x1j61x8r x1fcty0u xdj266r xhhsvwb xat24cr xgzva0m xxymvpz xlup9mm x1kky2od\"><img decoding=\"async\" loading=\"lazy\" class=\"xz74otr\" src=\"https:\/\/static.xx.fbcdn.net\/images\/emoji.php\/v9\/t8c\/1\/16\/1f389.png\" alt=\"&#x1f389;\" width=\"16\" height=\"16\" \/><\/span><\/div>\n<\/div>\n<\/div>","protected":false},"excerpt":{"rendered":"<p>\u00a0 Zapraszamy Ci\u0119 na Niezapomnian\u0105 Rozta\u0144czon\u0105 Noc Andrzejkow\u0105! Czy czujesz ju\u017c magi\u0119 nadchodz\u0105cych Andrzejek? To jedno z najbardziej tajemniczych i weso\u0142ych \u015bwi\u0105t, kt\u00f3re obchodzimy w Polsce. W tym roku chcemy zaprosi\u0107 Ci\u0119 do wyj\u0105tkowej, pe\u0142nej energii i ta\u0144ca imprezy &#8211; Rozta\u0144czonej Nocy Andrzejkowej! Przygotuj si\u0119 na noc pe\u0142n\u0105 \u015bwietnej muzyki, spontanicznych ta\u0144c\u00f3w i przepowiedni przysz\u0142o\u015bci!Nie [&hellip;]<\/p>\n","protected":false},"author":1,"featured_media":4475,"comment_status":"open","ping_status":"open","sticky":false,"template":"","format":"standard","meta":[],"categories":[24,17],"tags":[54,32,58,55,57,56],"yoast_head":"<!-- This site is optimized with the Yoast SEO plugin v20.2.1 - https:\/\/yoast.com\/wordpress\/plugins\/seo\/ -->\n<title>Rozta\u0144czona Noc Andrzejkowa w Gminnym O\u015brodku Kultury w Bo\u0107kach - Gminny O\u015brodek Kultury w Bo\u0107kach<\/title>\n<meta name=\"robots\" content=\"index, follow, max-snippet:-1, max-image-preview:large, max-video-preview:-1\" \/>\n<link rel=\"canonical\" href=\"https:\/\/gokbocki.pl\/index.php\/2023\/10\/25\/roztanczona-noc-andrzejkowa-w-gminnym-osrodku-kultury-w-bockach\/\" \/>\n<meta property=\"og:locale\" content=\"pl_PL\" \/>\n<meta property=\"og:type\" content=\"article\" \/>\n<meta property=\"og:title\" content=\"Rozta\u0144czona Noc Andrzejkowa w Gminnym O\u015brodku Kultury w Bo\u0107kach - Gminny O\u015brodek Kultury w Bo\u0107kach\" \/>\n<meta property=\"og:description\" content=\"\u00a0 Zapraszamy Ci\u0119 na Niezapomnian\u0105 Rozta\u0144czon\u0105 Noc Andrzejkow\u0105! Czy czujesz ju\u017c magi\u0119 nadchodz\u0105cych Andrzejek? To jedno z najbardziej tajemniczych i weso\u0142ych \u015bwi\u0105t, kt\u00f3re obchodzimy w Polsce. W tym roku chcemy zaprosi\u0107 Ci\u0119 do wyj\u0105tkowej, pe\u0142nej energii i ta\u0144ca imprezy &#8211; Rozta\u0144czonej Nocy Andrzejkowej! Przygotuj si\u0119 na noc pe\u0142n\u0105 \u015bwietnej muzyki, spontanicznych ta\u0144c\u00f3w i przepowiedni przysz\u0142o\u015bci!Nie [&hellip;]\" \/>\n<meta property=\"og:url\" content=\"https:\/\/gokbocki.pl\/index.php\/2023\/10\/25\/roztanczona-noc-andrzejkowa-w-gminnym-osrodku-kultury-w-bockach\/\" \/>\n<meta property=\"og:site_name\" content=\"Gminny O\u015brodek Kultury w Bo\u0107kach\" \/>\n<meta property=\"article:published_time\" content=\"2023-10-25T09:26:10+00:00\" \/>\n<meta property=\"article:modified_time\" content=\"2023-10-25T09:26:11+00:00\" \/>\n<meta property=\"og:image\" content=\"https:\/\/gokbocki.pl\/wp-content\/uploads\/2023\/10\/393236853_1545990799546410_4441399376780154165_n-724x1024.png\" \/>\n\t<meta property=\"og:image:width\" content=\"724\" \/>\n\t<meta property=\"og:image:height\" content=\"1024\" \/>\n\t<meta property=\"og:image:type\" content=\"image\/png\" \/>\n<meta name=\"author\" content=\"admin\" \/>\n<meta name=\"twitter:card\" content=\"summary_large_image\" \/>\n<meta name=\"twitter:label1\" content=\"Napisane przez\" \/>\n\t<meta name=\"twitter:data1\" content=\"admin\" \/>\n\t<meta name=\"twitter:label2\" content=\"Szacowany czas czytania\" \/>\n\t<meta name=\"twitter:data2\" content=\"3 minuty\" \/>\n<script type=\"application\/ld+json\" class=\"yoast-schema-graph\">{\"@context\":\"https:\/\/schema.org\",\"@graph\":[{\"@type\":\"WebPage\",\"@id\":\"https:\/\/gokbocki.pl\/index.php\/2023\/10\/25\/roztanczona-noc-andrzejkowa-w-gminnym-osrodku-kultury-w-bockach\/\",\"url\":\"https:\/\/gokbocki.pl\/index.php\/2023\/10\/25\/roztanczona-noc-andrzejkowa-w-gminnym-osrodku-kultury-w-bockach\/\",\"name\":\"Rozta\u0144czona Noc Andrzejkowa w Gminnym O\u015brodku Kultury w Bo\u0107kach - Gminny O\u015brodek Kultury w Bo\u0107kach\",\"isPartOf\":{\"@id\":\"https:\/\/gokbocki.pl\/#website\"},\"datePublished\":\"2023-10-25T09:26:10+00:00\",\"dateModified\":\"2023-10-25T09:26:11+00:00\",\"author\":{\"@id\":\"https:\/\/gokbocki.pl\/#\/schema\/person\/32a0381e1f259128348b84ce4d001412\"},\"breadcrumb\":{\"@id\":\"https:\/\/gokbocki.pl\/index.php\/2023\/10\/25\/roztanczona-noc-andrzejkowa-w-gminnym-osrodku-kultury-w-bockach\/#breadcrumb\"},\"inLanguage\":\"pl-PL\",\"potentialAction\":[{\"@type\":\"ReadAction\",\"target\":[\"https:\/\/gokbocki.pl\/index.php\/2023\/10\/25\/roztanczona-noc-andrzejkowa-w-gminnym-osrodku-kultury-w-bockach\/\"]}]},{\"@type\":\"BreadcrumbList\",\"@id\":\"https:\/\/gokbocki.pl\/index.php\/2023\/10\/25\/roztanczona-noc-andrzejkowa-w-gminnym-osrodku-kultury-w-bockach\/#breadcrumb\",\"itemListElement\":[{\"@type\":\"ListItem\",\"position\":1,\"name\":\"Strona g\u0142\u00f3wna\",\"item\":\"https:\/\/gokbocki.pl\/\"},{\"@type\":\"ListItem\",\"position\":2,\"name\":\"Rozta\u0144czona Noc Andrzejkowa w Gminnym O\u015brodku Kultury w Bo\u0107kach\"}]},{\"@type\":\"WebSite\",\"@id\":\"https:\/\/gokbocki.pl\/#website\",\"url\":\"https:\/\/gokbocki.pl\/\",\"name\":\"Gminny O\u015brodek Kultury w Bo\u0107kach\",\"description\":\"GOK BO\u0106KI\",\"potentialAction\":[{\"@type\":\"SearchAction\",\"target\":{\"@type\":\"EntryPoint\",\"urlTemplate\":\"https:\/\/gokbocki.pl\/?s={search_term_string}\"},\"query-input\":\"required name=search_term_string\"}],\"inLanguage\":\"pl-PL\"},{\"@type\":\"Person\",\"@id\":\"https:\/\/gokbocki.pl\/#\/schema\/person\/32a0381e1f259128348b84ce4d001412\",\"name\":\"admin\",\"image\":{\"@type\":\"ImageObject\",\"inLanguage\":\"pl-PL\",\"@id\":\"https:\/\/gokbocki.pl\/#\/schema\/person\/image\/\",\"url\":\"https:\/\/secure.gravatar.com\/avatar\/ee27fe75b11e058e31443c0a5a21fc25?s=96&d=mm&r=g\",\"contentUrl\":\"https:\/\/secure.gravatar.com\/avatar\/ee27fe75b11e058e31443c0a5a21fc25?s=96&d=mm&r=g\",\"caption\":\"admin\"},\"url\":\"https:\/\/gokbocki.pl\/index.php\/author\/admin\/\"}]}<\/script>\n<!-- \/ Yoast SEO plugin. -->","yoast_head_json":{"title":"Rozta\u0144czona Noc Andrzejkowa w Gminnym O\u015brodku Kultury w Bo\u0107kach - Gminny O\u015brodek Kultury w Bo\u0107kach","robots":{"index":"index","follow":"follow","max-snippet":"max-snippet:-1","max-image-preview":"max-image-preview:large","max-video-preview":"max-video-preview:-1"},"canonical":"https:\/\/gokbocki.pl\/index.php\/2023\/10\/25\/roztanczona-noc-andrzejkowa-w-gminnym-osrodku-kultury-w-bockach\/","og_locale":"pl_PL","og_type":"article","og_title":"Rozta\u0144czona Noc Andrzejkowa w Gminnym O\u015brodku Kultury w Bo\u0107kach - Gminny O\u015brodek Kultury w Bo\u0107kach","og_description":"\u00a0 Zapraszamy Ci\u0119 na Niezapomnian\u0105 Rozta\u0144czon\u0105 Noc Andrzejkow\u0105! Czy czujesz ju\u017c magi\u0119 nadchodz\u0105cych Andrzejek? To jedno z najbardziej tajemniczych i weso\u0142ych \u015bwi\u0105t, kt\u00f3re obchodzimy w Polsce. W tym roku chcemy zaprosi\u0107 Ci\u0119 do wyj\u0105tkowej, pe\u0142nej energii i ta\u0144ca imprezy &#8211; Rozta\u0144czonej Nocy Andrzejkowej! Przygotuj si\u0119 na noc pe\u0142n\u0105 \u015bwietnej muzyki, spontanicznych ta\u0144c\u00f3w i przepowiedni przysz\u0142o\u015bci!Nie [&hellip;]","og_url":"https:\/\/gokbocki.pl\/index.php\/2023\/10\/25\/roztanczona-noc-andrzejkowa-w-gminnym-osrodku-kultury-w-bockach\/","og_site_name":"Gminny O\u015brodek Kultury w Bo\u0107kach","article_published_time":"2023-10-25T09:26:10+00:00","article_modified_time":"2023-10-25T09:26:11+00:00","og_image":[{"width":724,"height":1024,"url":"https:\/\/gokbocki.pl\/wp-content\/uploads\/2023\/10\/393236853_1545990799546410_4441399376780154165_n-724x1024.png","type":"image\/png"}],"author":"admin","twitter_card":"summary_large_image","twitter_misc":{"Napisane przez":"admin","Szacowany czas czytania":"3 minuty"},"schema":{"@context":"https:\/\/schema.org","@graph":[{"@type":"WebPage","@id":"https:\/\/gokbocki.pl\/index.php\/2023\/10\/25\/roztanczona-noc-andrzejkowa-w-gminnym-osrodku-kultury-w-bockach\/","url":"https:\/\/gokbocki.pl\/index.php\/2023\/10\/25\/roztanczona-noc-andrzejkowa-w-gminnym-osrodku-kultury-w-bockach\/","name":"Rozta\u0144czona Noc Andrzejkowa w Gminnym O\u015brodku Kultury w Bo\u0107kach - Gminny O\u015brodek Kultury w Bo\u0107kach","isPartOf":{"@id":"https:\/\/gokbocki.pl\/#website"},"datePublished":"2023-10-25T09:26:10+00:00","dateModified":"2023-10-25T09:26:11+00:00","author":{"@id":"https:\/\/gokbocki.pl\/#\/schema\/person\/32a0381e1f259128348b84ce4d001412"},"breadcrumb":{"@id":"https:\/\/gokbocki.pl\/index.php\/2023\/10\/25\/roztanczona-noc-andrzejkowa-w-gminnym-osrodku-kultury-w-bockach\/#breadcrumb"},"inLanguage":"pl-PL","potentialAction":[{"@type":"ReadAction","target":["https:\/\/gokbocki.pl\/index.php\/2023\/10\/25\/roztanczona-noc-andrzejkowa-w-gminnym-osrodku-kultury-w-bockach\/"]}]},{"@type":"BreadcrumbList","@id":"https:\/\/gokbocki.pl\/index.php\/2023\/10\/25\/roztanczona-noc-andrzejkowa-w-gminnym-osrodku-kultury-w-bockach\/#breadcrumb","itemListElement":[{"@type":"ListItem","position":1,"name":"Strona g\u0142\u00f3wna","item":"https:\/\/gokbocki.pl\/"},{"@type":"ListItem","position":2,"name":"Rozta\u0144czona Noc Andrzejkowa w Gminnym O\u015brodku Kultury w Bo\u0107kach"}]},{"@type":"WebSite","@id":"https:\/\/gokbocki.pl\/#website","url":"https:\/\/gokbocki.pl\/","name":"Gminny O\u015brodek Kultury w Bo\u0107kach","description":"GOK BO\u0106KI","potentialAction":[{"@type":"SearchAction","target":{"@type":"EntryPoint","urlTemplate":"https:\/\/gokbocki.pl\/?s={search_term_string}"},"query-input":"required name=search_term_string"}],"inLanguage":"pl-PL"},{"@type":"Person","@id":"https:\/\/gokbocki.pl\/#\/schema\/person\/32a0381e1f259128348b84ce4d001412","name":"admin","image":{"@type":"ImageObject","inLanguage":"pl-PL","@id":"https:\/\/gokbocki.pl\/#\/schema\/person\/image\/","url":"https:\/\/secure.gravatar.com\/avatar\/ee27fe75b11e058e31443c0a5a21fc25?s=96&d=mm&r=g","contentUrl":"https:\/\/secure.gravatar.com\/avatar\/ee27fe75b11e058e31443c0a5a21fc25?s=96&d=mm&r=g","caption":"admin"},"url":"https:\/\/gokbocki.pl\/index.php\/author\/admin\/"}]}},"_links":{"self":[{"href":"https:\/\/gokbocki.pl\/index.php\/wp-json\/wp\/v2\/posts\/4474"}],"collection":[{"href":"https:\/\/gokbocki.pl\/index.php\/wp-json\/wp\/v2\/posts"}],"about":[{"href":"https:\/\/gokbocki.pl\/index.php\/wp-json\/wp\/v2\/types\/post"}],"author":[{"embeddable":true,"href":"https:\/\/gokbocki.pl\/index.php\/wp-json\/wp\/v2\/users\/1"}],"replies":[{"embeddable":true,"href":"https:\/\/gokbocki.pl\/index.php\/wp-json\/wp\/v2\/comments?post=4474"}],"version-history":[{"count":1,"href":"https:\/\/gokbocki.pl\/index.php\/wp-json\/wp\/v2\/posts\/4474\/revisions"}],"predecessor-version":[{"id":4476,"href":"https:\/\/gokbocki.pl\/index.php\/wp-json\/wp\/v2\/posts\/4474\/revisions\/4476"}],"wp:featuredmedia":[{"embeddable":true,"href":"https:\/\/gokbocki.pl\/index.php\/wp-json\/wp\/v2\/media\/4475"}],"wp:attachment":[{"href":"https:\/\/gokbocki.pl\/index.php\/wp-json\/wp\/v2\/media?parent=4474"}],"wp:term":[{"taxonomy":"category","embeddable":true,"href":"https:\/\/gokbocki.pl\/index.php\/wp-json\/wp\/v2\/categories?post=4474"},{"taxonomy":"post_tag","embeddable":true,"href":"https:\/\/gokbocki.pl\/index.php\/wp-json\/wp\/v2\/tags?post=4474"}],"curies":[{"name":"wp","href":"https:\/\/api.w.org\/{rel}","templated":true}]}}