{"id":4587,"date":"2024-05-13T11:56:35","date_gmt":"2024-05-13T09:56:35","guid":{"rendered":"https:\/\/gokbocki.pl\/?p=4587"},"modified":"2024-05-13T11:56:36","modified_gmt":"2024-05-13T09:56:36","slug":"koncert-poswiecony-tworczosci-anny-jantar-dzien-matki-w-gminnym-osrodku-kultury-w-bockach","status":"publish","type":"post","link":"https:\/\/gokbocki.pl\/index.php\/2024\/05\/13\/koncert-poswiecony-tworczosci-anny-jantar-dzien-matki-w-gminnym-osrodku-kultury-w-bockach\/","title":{"rendered":"Koncert po\u015bwi\u0119cony tw\u00f3rczo\u015bci Anny Jantar- Dzie\u0144 Matki w Gminnym O\u015brodku Kultury w Bo\u0107kach"},"content":{"rendered":"\n<p>&#8222;Drogie Mamy zapraszamy Was na wyj\u0105tkowe wydarzenie z okazji Dnia Matki! <img decoding=\"async\" loading=\"lazy\" height=\"16\" width=\"16\" alt=\"&#x1f337;\" src=\"https:\/\/static.xx.fbcdn.net\/images\/emoji.php\/v9\/t6f\/1\/16\/1f337.png\"><img decoding=\"async\" loading=\"lazy\" height=\"16\" width=\"16\" alt=\"&#x1f3b6;\" src=\"https:\/\/static.xx.fbcdn.net\/images\/emoji.php\/v9\/t1f\/1\/16\/1f3b6.png\"> Przygotowali\u015bmy popo\u0142udnie po\u015bwi\u0119cone tw\u00f3rczo\u015bci niezapomnianej Anny Jantar, przy akompaniamencie pianina. Nie zabraknie r\u00f3wnie\u017c wyst\u0119pu ch\u00f3ru dzia\u0142aj\u0105cego przy Szkole Podstawowej im. Jana Paw\u0142a II w Bo\u0107kach oraz Szko\u0142y Podstawowej w Andryjankach. Do\u0142\u0105czcie do nas 26 maja o godz. 16:00 w Gminnym O\u015brodku Kultury w Bo\u0107kach i wsp\u00f3lnie celebrujmy t\u0119 wyj\u0105tkow\u0105 okazj\u0119! <img decoding=\"async\" loading=\"lazy\" height=\"16\" width=\"16\" alt=\"&#x1f3a4;\" src=\"https:\/\/static.xx.fbcdn.net\/images\/emoji.php\/v9\/t7e\/1\/16\/1f3a4.png\"><img decoding=\"async\" loading=\"lazy\" height=\"16\" width=\"16\" alt=\"&#x1f3b9;\" src=\"https:\/\/static.xx.fbcdn.net\/images\/emoji.php\/v9\/ta2\/1\/16\/1f3b9.png\"><\/p>\n\n\n\n<p><a href=\"https:\/\/www.facebook.com\/hashtag\/dzie%C5%84matki?__eep__=6&amp;__cft__[0]=AZVhtC37R0NGIuMa1poASqABKx7QfNAnASmWiBiH_mJWL1cYPvLifPhSMVTtjkSgIrvfyM9h1bWb6OxyckbEt9EpT1nX3Lpg1xRpggPjEbB3pEqM-Ekqt-bTEGz_anqIj1OohjLmMfAOR6s963DZde4Jt2nPS3oriYnBkKwka6d3Yw&amp;__tn__=q\">#Dzie\u0144Matki<\/a><a href=\"https:\/\/www.facebook.com\/hashtag\/annajantar?__eep__=6&amp;__cft__[0]=AZVhtC37R0NGIuMa1poASqABKx7QfNAnASmWiBiH_mJWL1cYPvLifPhSMVTtjkSgIrvfyM9h1bWb6OxyckbEt9EpT1nX3Lpg1xRpggPjEbB3pEqM-Ekqt-bTEGz_anqIj1OohjLmMfAOR6s963DZde4Jt2nPS3oriYnBkKwka6d3Yw&amp;__tn__=q\">#AnnaJantar<\/a><a href=\"https:\/\/www.facebook.com\/hashtag\/muzyka?__eep__=6&amp;__cft__[0]=AZVhtC37R0NGIuMa1poASqABKx7QfNAnASmWiBiH_mJWL1cYPvLifPhSMVTtjkSgIrvfyM9h1bWb6OxyckbEt9EpT1nX3Lpg1xRpggPjEbB3pEqM-Ekqt-bTEGz_anqIj1OohjLmMfAOR6s963DZde4Jt2nPS3oriYnBkKwka6d3Yw&amp;__tn__=q\">#Muzyka<\/a><a href=\"https:\/\/www.facebook.com\/hashtag\/bo%C4%87kach?__eep__=6&amp;__cft__[0]=AZVhtC37R0NGIuMa1poASqABKx7QfNAnASmWiBiH_mJWL1cYPvLifPhSMVTtjkSgIrvfyM9h1bWb6OxyckbEt9EpT1nX3Lpg1xRpggPjEbB3pEqM-Ekqt-bTEGz_anqIj1OohjLmMfAOR6s963DZde4Jt2nPS3oriYnBkKwka6d3Yw&amp;__tn__=q\">#Bo\u0107kach<\/a>&#8222;<\/p>\n\n\n\n<p>Wst\u0119p: 15 z\u0142<br>Informacje mo\u017cna uzyska\u0107 pod numerem telefonu: 85-731-30-43<br>oraz stacjonarnie w Gminnym O\u015brodku Kultury w Bo\u0107kach<\/p>\n\n\n\n<p>Informacje o artystce:<\/p>\n\n\n\n<p>Ola Kalczy\u0144ska \u2013 wokalistka, autorka tekst\u00f3w, absolwentka warszawskiej Akademii Teatralnej im. A. Zelwerowicza. Dzia\u0142alno\u015b\u0107 artystyczn\u0105 rozpocz\u0119\u0142a w wieku 17 lat. Wsp\u00f3\u0142tworzy\u0142a r\u00f3\u017cne projekty muzyczne z wieloma znakomitymi muzykami.<br>Artystka wsp\u00f3\u0142pracuje ze s\u0142ynn\u0105 Szko\u0142\u0105 G\u0142osu Konador w Warszawie, gdzie prowadzi zaj\u0119cia. Organizuje r\u00f3wnie\u017c warsztaty wokalne.<\/p>\n\n\n\n<p>Prywatnie uwielbia las i natur\u0119, a zw\u0142aszcza rajdy konne po\u015br\u00f3d pi\u0119knych widok\u00f3w. Uwielbia te\u017c ksi\u0105\u017cki, cisz\u0119 i samotno\u015b\u0107.<\/p>\n\n\n\n<p>Zapraszamy Pa\u0144stwa do odwiedzenia strony artystki:<br><a href=\"https:\/\/www.facebook.com\/kalczynska?__cft__[0]=AZVhtC37R0NGIuMa1poASqABKx7QfNAnASmWiBiH_mJWL1cYPvLifPhSMVTtjkSgIrvfyM9h1bWb6OxyckbEt9EpT1nX3Lpg1xRpggPjEbB3pEqM-Ekqt-bTEGz_anqIj1OohjLmMfAOR6s963DZde4Jt2nPS3oriYnBkKwka6d3Yw&amp;__tn__=q\">https:\/\/www.facebook.com\/kalczynska<\/a><\/p>\n","protected":false},"excerpt":{"rendered":"<p>&#8222;Drogie Mamy zapraszamy Was na wyj\u0105tkowe wydarzenie z okazji Dnia Matki! Przygotowali\u015bmy popo\u0142udnie po\u015bwi\u0119cone tw\u00f3rczo\u015bci niezapomnianej Anny Jantar, przy akompaniamencie pianina. Nie zabraknie r\u00f3wnie\u017c wyst\u0119pu ch\u00f3ru dzia\u0142aj\u0105cego przy Szkole Podstawowej im. Jana Paw\u0142a II w Bo\u0107kach oraz Szko\u0142y Podstawowej w Andryjankach. Do\u0142\u0105czcie do nas 26 maja o godz. 16:00 w Gminnym O\u015brodku Kultury w Bo\u0107kach [&hellip;]<\/p>\n","protected":false},"author":1,"featured_media":4588,"comment_status":"open","ping_status":"open","sticky":false,"template":"","format":"standard","meta":[],"categories":[24],"tags":[110,107,111,112,109,108],"yoast_head":"<!-- This site is optimized with the Yoast SEO plugin v20.2.1 - https:\/\/yoast.com\/wordpress\/plugins\/seo\/ -->\n<title>Koncert po\u015bwi\u0119cony tw\u00f3rczo\u015bci Anny Jantar- Dzie\u0144 Matki w Gminnym O\u015brodku Kultury w Bo\u0107kach - Gminny O\u015brodek Kultury w Bo\u0107kach<\/title>\n<meta name=\"robots\" content=\"index, follow, max-snippet:-1, max-image-preview:large, max-video-preview:-1\" \/>\n<link rel=\"canonical\" href=\"https:\/\/gokbocki.pl\/index.php\/2024\/05\/13\/koncert-poswiecony-tworczosci-anny-jantar-dzien-matki-w-gminnym-osrodku-kultury-w-bockach\/\" \/>\n<meta property=\"og:locale\" content=\"pl_PL\" \/>\n<meta property=\"og:type\" content=\"article\" \/>\n<meta property=\"og:title\" content=\"Koncert po\u015bwi\u0119cony tw\u00f3rczo\u015bci Anny Jantar- Dzie\u0144 Matki w Gminnym O\u015brodku Kultury w Bo\u0107kach - Gminny O\u015brodek Kultury w Bo\u0107kach\" \/>\n<meta property=\"og:description\" content=\"&#8222;Drogie Mamy zapraszamy Was na wyj\u0105tkowe wydarzenie z okazji Dnia Matki! Przygotowali\u015bmy popo\u0142udnie po\u015bwi\u0119cone tw\u00f3rczo\u015bci niezapomnianej Anny Jantar, przy akompaniamencie pianina. Nie zabraknie r\u00f3wnie\u017c wyst\u0119pu ch\u00f3ru dzia\u0142aj\u0105cego przy Szkole Podstawowej im. Jana Paw\u0142a II w Bo\u0107kach oraz Szko\u0142y Podstawowej w Andryjankach. Do\u0142\u0105czcie do nas 26 maja o godz. 16:00 w Gminnym O\u015brodku Kultury w Bo\u0107kach [&hellip;]\" \/>\n<meta property=\"og:url\" content=\"https:\/\/gokbocki.pl\/index.php\/2024\/05\/13\/koncert-poswiecony-tworczosci-anny-jantar-dzien-matki-w-gminnym-osrodku-kultury-w-bockach\/\" \/>\n<meta property=\"og:site_name\" content=\"Gminny O\u015brodek Kultury w Bo\u0107kach\" \/>\n<meta property=\"article:published_time\" content=\"2024-05-13T09:56:35+00:00\" \/>\n<meta property=\"article:modified_time\" content=\"2024-05-13T09:56:36+00:00\" \/>\n<meta property=\"og:image\" content=\"https:\/\/gokbocki.pl\/wp-content\/uploads\/2024\/05\/Dzien-Matki-724x1024.png\" \/>\n\t<meta property=\"og:image:width\" content=\"724\" \/>\n\t<meta property=\"og:image:height\" content=\"1024\" \/>\n\t<meta property=\"og:image:type\" content=\"image\/png\" \/>\n<meta name=\"author\" content=\"admin\" \/>\n<meta name=\"twitter:card\" content=\"summary_large_image\" \/>\n<meta name=\"twitter:label1\" content=\"Napisane przez\" \/>\n\t<meta name=\"twitter:data1\" content=\"admin\" \/>\n\t<meta name=\"twitter:label2\" content=\"Szacowany czas czytania\" \/>\n\t<meta name=\"twitter:data2\" content=\"2 minuty\" \/>\n<script type=\"application\/ld+json\" class=\"yoast-schema-graph\">{\"@context\":\"https:\/\/schema.org\",\"@graph\":[{\"@type\":\"WebPage\",\"@id\":\"https:\/\/gokbocki.pl\/index.php\/2024\/05\/13\/koncert-poswiecony-tworczosci-anny-jantar-dzien-matki-w-gminnym-osrodku-kultury-w-bockach\/\",\"url\":\"https:\/\/gokbocki.pl\/index.php\/2024\/05\/13\/koncert-poswiecony-tworczosci-anny-jantar-dzien-matki-w-gminnym-osrodku-kultury-w-bockach\/\",\"name\":\"Koncert po\u015bwi\u0119cony tw\u00f3rczo\u015bci Anny Jantar- Dzie\u0144 Matki w Gminnym O\u015brodku Kultury w Bo\u0107kach - Gminny O\u015brodek Kultury w Bo\u0107kach\",\"isPartOf\":{\"@id\":\"https:\/\/gokbocki.pl\/#website\"},\"datePublished\":\"2024-05-13T09:56:35+00:00\",\"dateModified\":\"2024-05-13T09:56:36+00:00\",\"author\":{\"@id\":\"https:\/\/gokbocki.pl\/#\/schema\/person\/32a0381e1f259128348b84ce4d001412\"},\"breadcrumb\":{\"@id\":\"https:\/\/gokbocki.pl\/index.php\/2024\/05\/13\/koncert-poswiecony-tworczosci-anny-jantar-dzien-matki-w-gminnym-osrodku-kultury-w-bockach\/#breadcrumb\"},\"inLanguage\":\"pl-PL\",\"potentialAction\":[{\"@type\":\"ReadAction\",\"target\":[\"https:\/\/gokbocki.pl\/index.php\/2024\/05\/13\/koncert-poswiecony-tworczosci-anny-jantar-dzien-matki-w-gminnym-osrodku-kultury-w-bockach\/\"]}]},{\"@type\":\"BreadcrumbList\",\"@id\":\"https:\/\/gokbocki.pl\/index.php\/2024\/05\/13\/koncert-poswiecony-tworczosci-anny-jantar-dzien-matki-w-gminnym-osrodku-kultury-w-bockach\/#breadcrumb\",\"itemListElement\":[{\"@type\":\"ListItem\",\"position\":1,\"name\":\"Strona g\u0142\u00f3wna\",\"item\":\"https:\/\/gokbocki.pl\/\"},{\"@type\":\"ListItem\",\"position\":2,\"name\":\"Koncert po\u015bwi\u0119cony tw\u00f3rczo\u015bci Anny Jantar- Dzie\u0144 Matki w Gminnym O\u015brodku Kultury w Bo\u0107kach\"}]},{\"@type\":\"WebSite\",\"@id\":\"https:\/\/gokbocki.pl\/#website\",\"url\":\"https:\/\/gokbocki.pl\/\",\"name\":\"Gminny O\u015brodek Kultury w Bo\u0107kach\",\"description\":\"GOK BO\u0106KI\",\"potentialAction\":[{\"@type\":\"SearchAction\",\"target\":{\"@type\":\"EntryPoint\",\"urlTemplate\":\"https:\/\/gokbocki.pl\/?s={search_term_string}\"},\"query-input\":\"required name=search_term_string\"}],\"inLanguage\":\"pl-PL\"},{\"@type\":\"Person\",\"@id\":\"https:\/\/gokbocki.pl\/#\/schema\/person\/32a0381e1f259128348b84ce4d001412\",\"name\":\"admin\",\"image\":{\"@type\":\"ImageObject\",\"inLanguage\":\"pl-PL\",\"@id\":\"https:\/\/gokbocki.pl\/#\/schema\/person\/image\/\",\"url\":\"https:\/\/secure.gravatar.com\/avatar\/ee27fe75b11e058e31443c0a5a21fc25?s=96&d=mm&r=g\",\"contentUrl\":\"https:\/\/secure.gravatar.com\/avatar\/ee27fe75b11e058e31443c0a5a21fc25?s=96&d=mm&r=g\",\"caption\":\"admin\"},\"url\":\"https:\/\/gokbocki.pl\/index.php\/author\/admin\/\"}]}<\/script>\n<!-- \/ Yoast SEO plugin. -->","yoast_head_json":{"title":"Koncert po\u015bwi\u0119cony tw\u00f3rczo\u015bci Anny Jantar- Dzie\u0144 Matki w Gminnym O\u015brodku Kultury w Bo\u0107kach - Gminny O\u015brodek Kultury w Bo\u0107kach","robots":{"index":"index","follow":"follow","max-snippet":"max-snippet:-1","max-image-preview":"max-image-preview:large","max-video-preview":"max-video-preview:-1"},"canonical":"https:\/\/gokbocki.pl\/index.php\/2024\/05\/13\/koncert-poswiecony-tworczosci-anny-jantar-dzien-matki-w-gminnym-osrodku-kultury-w-bockach\/","og_locale":"pl_PL","og_type":"article","og_title":"Koncert po\u015bwi\u0119cony tw\u00f3rczo\u015bci Anny Jantar- Dzie\u0144 Matki w Gminnym O\u015brodku Kultury w Bo\u0107kach - Gminny O\u015brodek Kultury w Bo\u0107kach","og_description":"&#8222;Drogie Mamy zapraszamy Was na wyj\u0105tkowe wydarzenie z okazji Dnia Matki! Przygotowali\u015bmy popo\u0142udnie po\u015bwi\u0119cone tw\u00f3rczo\u015bci niezapomnianej Anny Jantar, przy akompaniamencie pianina. Nie zabraknie r\u00f3wnie\u017c wyst\u0119pu ch\u00f3ru dzia\u0142aj\u0105cego przy Szkole Podstawowej im. Jana Paw\u0142a II w Bo\u0107kach oraz Szko\u0142y Podstawowej w Andryjankach. Do\u0142\u0105czcie do nas 26 maja o godz. 16:00 w Gminnym O\u015brodku Kultury w Bo\u0107kach [&hellip;]","og_url":"https:\/\/gokbocki.pl\/index.php\/2024\/05\/13\/koncert-poswiecony-tworczosci-anny-jantar-dzien-matki-w-gminnym-osrodku-kultury-w-bockach\/","og_site_name":"Gminny O\u015brodek Kultury w Bo\u0107kach","article_published_time":"2024-05-13T09:56:35+00:00","article_modified_time":"2024-05-13T09:56:36+00:00","og_image":[{"width":724,"height":1024,"url":"https:\/\/gokbocki.pl\/wp-content\/uploads\/2024\/05\/Dzien-Matki-724x1024.png","type":"image\/png"}],"author":"admin","twitter_card":"summary_large_image","twitter_misc":{"Napisane przez":"admin","Szacowany czas czytania":"2 minuty"},"schema":{"@context":"https:\/\/schema.org","@graph":[{"@type":"WebPage","@id":"https:\/\/gokbocki.pl\/index.php\/2024\/05\/13\/koncert-poswiecony-tworczosci-anny-jantar-dzien-matki-w-gminnym-osrodku-kultury-w-bockach\/","url":"https:\/\/gokbocki.pl\/index.php\/2024\/05\/13\/koncert-poswiecony-tworczosci-anny-jantar-dzien-matki-w-gminnym-osrodku-kultury-w-bockach\/","name":"Koncert po\u015bwi\u0119cony tw\u00f3rczo\u015bci Anny Jantar- Dzie\u0144 Matki w Gminnym O\u015brodku Kultury w Bo\u0107kach - Gminny O\u015brodek Kultury w Bo\u0107kach","isPartOf":{"@id":"https:\/\/gokbocki.pl\/#website"},"datePublished":"2024-05-13T09:56:35+00:00","dateModified":"2024-05-13T09:56:36+00:00","author":{"@id":"https:\/\/gokbocki.pl\/#\/schema\/person\/32a0381e1f259128348b84ce4d001412"},"breadcrumb":{"@id":"https:\/\/gokbocki.pl\/index.php\/2024\/05\/13\/koncert-poswiecony-tworczosci-anny-jantar-dzien-matki-w-gminnym-osrodku-kultury-w-bockach\/#breadcrumb"},"inLanguage":"pl-PL","potentialAction":[{"@type":"ReadAction","target":["https:\/\/gokbocki.pl\/index.php\/2024\/05\/13\/koncert-poswiecony-tworczosci-anny-jantar-dzien-matki-w-gminnym-osrodku-kultury-w-bockach\/"]}]},{"@type":"BreadcrumbList","@id":"https:\/\/gokbocki.pl\/index.php\/2024\/05\/13\/koncert-poswiecony-tworczosci-anny-jantar-dzien-matki-w-gminnym-osrodku-kultury-w-bockach\/#breadcrumb","itemListElement":[{"@type":"ListItem","position":1,"name":"Strona g\u0142\u00f3wna","item":"https:\/\/gokbocki.pl\/"},{"@type":"ListItem","position":2,"name":"Koncert po\u015bwi\u0119cony tw\u00f3rczo\u015bci Anny Jantar- Dzie\u0144 Matki w Gminnym O\u015brodku Kultury w Bo\u0107kach"}]},{"@type":"WebSite","@id":"https:\/\/gokbocki.pl\/#website","url":"https:\/\/gokbocki.pl\/","name":"Gminny O\u015brodek Kultury w Bo\u0107kach","description":"GOK BO\u0106KI","potentialAction":[{"@type":"SearchAction","target":{"@type":"EntryPoint","urlTemplate":"https:\/\/gokbocki.pl\/?s={search_term_string}"},"query-input":"required name=search_term_string"}],"inLanguage":"pl-PL"},{"@type":"Person","@id":"https:\/\/gokbocki.pl\/#\/schema\/person\/32a0381e1f259128348b84ce4d001412","name":"admin","image":{"@type":"ImageObject","inLanguage":"pl-PL","@id":"https:\/\/gokbocki.pl\/#\/schema\/person\/image\/","url":"https:\/\/secure.gravatar.com\/avatar\/ee27fe75b11e058e31443c0a5a21fc25?s=96&d=mm&r=g","contentUrl":"https:\/\/secure.gravatar.com\/avatar\/ee27fe75b11e058e31443c0a5a21fc25?s=96&d=mm&r=g","caption":"admin"},"url":"https:\/\/gokbocki.pl\/index.php\/author\/admin\/"}]}},"_links":{"self":[{"href":"https:\/\/gokbocki.pl\/index.php\/wp-json\/wp\/v2\/posts\/4587"}],"collection":[{"href":"https:\/\/gokbocki.pl\/index.php\/wp-json\/wp\/v2\/posts"}],"about":[{"href":"https:\/\/gokbocki.pl\/index.php\/wp-json\/wp\/v2\/types\/post"}],"author":[{"embeddable":true,"href":"https:\/\/gokbocki.pl\/index.php\/wp-json\/wp\/v2\/users\/1"}],"replies":[{"embeddable":true,"href":"https:\/\/gokbocki.pl\/index.php\/wp-json\/wp\/v2\/comments?post=4587"}],"version-history":[{"count":1,"href":"https:\/\/gokbocki.pl\/index.php\/wp-json\/wp\/v2\/posts\/4587\/revisions"}],"predecessor-version":[{"id":4589,"href":"https:\/\/gokbocki.pl\/index.php\/wp-json\/wp\/v2\/posts\/4587\/revisions\/4589"}],"wp:featuredmedia":[{"embeddable":true,"href":"https:\/\/gokbocki.pl\/index.php\/wp-json\/wp\/v2\/media\/4588"}],"wp:attachment":[{"href":"https:\/\/gokbocki.pl\/index.php\/wp-json\/wp\/v2\/media?parent=4587"}],"wp:term":[{"taxonomy":"category","embeddable":true,"href":"https:\/\/gokbocki.pl\/index.php\/wp-json\/wp\/v2\/categories?post=4587"},{"taxonomy":"post_tag","embeddable":true,"href":"https:\/\/gokbocki.pl\/index.php\/wp-json\/wp\/v2\/tags?post=4587"}],"curies":[{"name":"wp","href":"https:\/\/api.w.org\/{rel}","templated":true}]}}