{"id":4632,"date":"2024-06-19T12:09:47","date_gmt":"2024-06-19T10:09:47","guid":{"rendered":"https:\/\/gokbocki.pl\/?p=4632"},"modified":"2024-06-19T12:09:49","modified_gmt":"2024-06-19T10:09:49","slug":"wakacje-z-gminnym-osrodkiem-kultury-w-bockach","status":"publish","type":"post","link":"https:\/\/gokbocki.pl\/index.php\/2024\/06\/19\/wakacje-z-gminnym-osrodkiem-kultury-w-bockach\/","title":{"rendered":"Wakacje z Gminnym O\u015brodkiem Kultury w Bo\u0107kach"},"content":{"rendered":"\n<figure class=\"is-layout-flex wp-block-gallery-1 wp-block-gallery has-nested-images columns-default is-cropped\">\n<figure class=\"wp-block-image size-large\"><img decoding=\"async\" loading=\"lazy\" width=\"724\" height=\"1024\" data-id=\"4633\"  src=\"https:\/\/gokbocki.pl\/wp-content\/uploads\/2024\/06\/447620080_1821104071690224_8378028171392013107_n-724x1024.png\" alt=\"\" class=\"wp-image-4633\" srcset=\"https:\/\/gokbocki.pl\/wp-content\/uploads\/2024\/06\/447620080_1821104071690224_8378028171392013107_n-724x1024.png 724w, https:\/\/gokbocki.pl\/wp-content\/uploads\/2024\/06\/447620080_1821104071690224_8378028171392013107_n-212x300.png 212w, https:\/\/gokbocki.pl\/wp-content\/uploads\/2024\/06\/447620080_1821104071690224_8378028171392013107_n-768x1086.png 768w, https:\/\/gokbocki.pl\/wp-content\/uploads\/2024\/06\/447620080_1821104071690224_8378028171392013107_n-1086x1536.png 1086w, https:\/\/gokbocki.pl\/wp-content\/uploads\/2024\/06\/447620080_1821104071690224_8378028171392013107_n-820x1160.png 820w, https:\/\/gokbocki.pl\/wp-content\/uploads\/2024\/06\/447620080_1821104071690224_8378028171392013107_n.png 1448w\" sizes=\"(max-width: 724px) 100vw, 724px\" \/><\/figure>\n<\/figure>\n\n\n<div class=\"html-div xe8uvvx xdj266r x11i5rnm xat24cr x1mh8g0r xexx8yu x4uap5 x18d9i69 xkhd6sd\" dir=\"auto\">\n<div id=\":ra1:\" class=\"x1iorvi4 x1pi30zi x1l90r2v x1swvt13\" data-ad-comet-preview=\"message\" data-ad-preview=\"message\">\n<div class=\"x78zum5 xdt5ytf xz62fqu x16ldp7u\">\n<div class=\"xu06os2 x1ok221b\">\n<div class=\"xdj266r x11i5rnm xat24cr x1mh8g0r x1vvkbs x126k92a\">\n<div dir=\"auto\"><span class=\"html-span xexx8yu x4uap5 x18d9i69 xkhd6sd x1hl2dhg x16tdsg8 x1vvkbs x3nfvp2 x1j61x8r x1fcty0u xdj266r xat24cr xgzva0m xhhsvwb xxymvpz xlup9mm x1kky2od\"><img decoding=\"async\" loading=\"lazy\" class=\"xz74otr\" src=\"https:\/\/static.xx.fbcdn.net\/images\/emoji.php\/v9\/t5f\/1\/16\/1f31e.png\" alt=\"&#x1f31e;\" width=\"16\" height=\"16\" \/><\/span> Wakacje z Gminnym O\u015brodkiem Kultury w Bo\u0107kach! <span class=\"html-span xexx8yu x4uap5 x18d9i69 xkhd6sd x1hl2dhg x16tdsg8 x1vvkbs x3nfvp2 x1j61x8r x1fcty0u xdj266r xat24cr xgzva0m xhhsvwb xxymvpz xlup9mm x1kky2od\"><img decoding=\"async\" loading=\"lazy\" class=\"xz74otr\" src=\"https:\/\/static.xx.fbcdn.net\/images\/emoji.php\/v9\/t5f\/1\/16\/1f31e.png\" alt=\"&#x1f31e;\" width=\"16\" height=\"16\" \/><\/span><\/div>\n<\/div>\n<div class=\"x11i5rnm xat24cr x1mh8g0r x1vvkbs xtlvy1s x126k92a\">\n<div dir=\"auto\">Serdecznie zapraszamy dzieci i m\u0142odzie\u017c na letnie turnusy pe\u0142ne atrakcji i niezapomnianych prze\u017cy\u0107! <span class=\"html-span xexx8yu x4uap5 x18d9i69 xkhd6sd x1hl2dhg x16tdsg8 x1vvkbs x3nfvp2 x1j61x8r x1fcty0u xdj266r xat24cr xgzva0m xhhsvwb xxymvpz xlup9mm x1kky2od\"><img decoding=\"async\" loading=\"lazy\" class=\"xz74otr\" src=\"https:\/\/static.xx.fbcdn.net\/images\/emoji.php\/v9\/te0\/1\/16\/1f31f.png\" alt=\"&#x1f31f;\" width=\"16\" height=\"16\" \/><\/span><\/div>\n<\/div>\n<div class=\"x11i5rnm xat24cr x1mh8g0r x1vvkbs xtlvy1s x126k92a\">\n<div dir=\"auto\"><span class=\"html-span xexx8yu x4uap5 x18d9i69 xkhd6sd x1hl2dhg x16tdsg8 x1vvkbs x3nfvp2 x1j61x8r x1fcty0u xdj266r xat24cr xgzva0m xhhsvwb xxymvpz xlup9mm x1kky2od\"><img decoding=\"async\" loading=\"lazy\" class=\"xz74otr\" src=\"https:\/\/static.xx.fbcdn.net\/images\/emoji.php\/v9\/t7e\/1\/16\/1f4c5.png\" alt=\"&#x1f4c5;\" width=\"16\" height=\"16\" \/><\/span> I turnus: 15-19 lipca 10:00-15:00<\/div>\n<div dir=\"auto\"><span class=\"html-span xexx8yu x4uap5 x18d9i69 xkhd6sd x1hl2dhg x16tdsg8 x1vvkbs x3nfvp2 x1j61x8r x1fcty0u xdj266r xat24cr xgzva0m xhhsvwb xxymvpz xlup9mm x1kky2od\"><img decoding=\"async\" loading=\"lazy\" class=\"xz74otr\" src=\"https:\/\/static.xx.fbcdn.net\/images\/emoji.php\/v9\/t7e\/1\/16\/1f4c5.png\" alt=\"&#x1f4c5;\" width=\"16\" height=\"16\" \/><\/span> II turnus: 22-26 lipca 10:00-15:00<\/div>\n<div dir=\"auto\"><span class=\"html-span xexx8yu x4uap5 x18d9i69 xkhd6sd x1hl2dhg x16tdsg8 x1vvkbs x3nfvp2 x1j61x8r x1fcty0u xdj266r xat24cr xgzva0m xhhsvwb xxymvpz xlup9mm x1kky2od\"><img decoding=\"async\" loading=\"lazy\" class=\"xz74otr\" src=\"https:\/\/static.xx.fbcdn.net\/images\/emoji.php\/v9\/t5a\/1\/16\/1f4b0.png\" alt=\"&#x1f4b0;\" width=\"16\" height=\"16\" \/><\/span> Koszt: 200 z\u0142 za turnus<\/div>\n<\/div>\n<div class=\"x11i5rnm xat24cr x1mh8g0r x1vvkbs xtlvy1s x126k92a\">\n<div dir=\"auto\">W programie m.in.:<\/div>\n<\/div>\n<div class=\"x11i5rnm xat24cr x1mh8g0r x1vvkbs xtlvy1s x126k92a\">\n<div dir=\"auto\">Kreatywne warsztaty<\/div>\n<div dir=\"auto\">Zaj\u0119cia sportowe<\/div>\n<div dir=\"auto\">Wycieczki<\/div>\n<div dir=\"auto\">Gry i zabawy integracyjne<\/div>\n<div dir=\"auto\">I wiele innych niespodzianek! <span class=\"html-span xexx8yu x4uap5 x18d9i69 xkhd6sd x1hl2dhg x16tdsg8 x1vvkbs x3nfvp2 x1j61x8r x1fcty0u xdj266r xat24cr xgzva0m xhhsvwb xxymvpz xlup9mm x1kky2od\"><img decoding=\"async\" loading=\"lazy\" class=\"xz74otr\" src=\"https:\/\/static.xx.fbcdn.net\/images\/emoji.php\/v9\/t82\/1\/16\/1f3a8.png\" alt=\"&#x1f3a8;\" width=\"16\" height=\"16\" \/><\/span><span class=\"html-span xexx8yu x4uap5 x18d9i69 xkhd6sd x1hl2dhg x16tdsg8 x1vvkbs x3nfvp2 x1j61x8r x1fcty0u xdj266r xat24cr xgzva0m xhhsvwb xxymvpz xlup9mm x1kky2od\"><img decoding=\"async\" loading=\"lazy\" class=\"xz74otr\" src=\"https:\/\/static.xx.fbcdn.net\/images\/emoji.php\/v9\/t26\/1\/16\/1f938_200d_2642.png\" alt=\"&#x1f938;&#x200d;&#x2642;&#xfe0f;\" width=\"16\" height=\"16\" \/><\/span><span class=\"html-span xexx8yu x4uap5 x18d9i69 xkhd6sd x1hl2dhg x16tdsg8 x1vvkbs x3nfvp2 x1j61x8r x1fcty0u xdj266r xat24cr xgzva0m xhhsvwb xxymvpz xlup9mm x1kky2od\"><img decoding=\"async\" loading=\"lazy\" class=\"xz74otr\" src=\"https:\/\/static.xx.fbcdn.net\/images\/emoji.php\/v9\/t79\/1\/16\/1f68c.png\" alt=\"&#x1f68c;\" width=\"16\" height=\"16\" \/><\/span><\/div>\n<\/div>\n<div class=\"x11i5rnm xat24cr x1mh8g0r x1vvkbs xtlvy1s x126k92a\">\n<div dir=\"auto\">Zapisy i szczeg\u00f3\u0142owe informacje w Gminnym O\u015brodku Kultury w Bo\u0107kach. Telefon: 85-731-30-43 Nie przegap okazji na wakacje pe\u0142ne rado\u015bci i przyg\u00f3d! <span class=\"html-span xexx8yu x4uap5 x18d9i69 xkhd6sd x1hl2dhg x16tdsg8 x1vvkbs x3nfvp2 x1j61x8r x1fcty0u xdj266r xat24cr xgzva0m xhhsvwb xxymvpz xlup9mm x1kky2od\"><img decoding=\"async\" loading=\"lazy\" class=\"xz74otr\" src=\"https:\/\/static.xx.fbcdn.net\/images\/emoji.php\/v9\/t13\/1\/16\/1f308.png\" alt=\"&#x1f308;\" width=\"16\" height=\"16\" \/><\/span><\/div>\n<\/div>\n<div class=\"x11i5rnm xat24cr x1mh8g0r x1vvkbs xtlvy1s x126k92a\">\n<div dir=\"auto\">Do zobaczenia! <span class=\"html-span xexx8yu x4uap5 x18d9i69 xkhd6sd x1hl2dhg x16tdsg8 x1vvkbs x3nfvp2 x1j61x8r x1fcty0u xdj266r xat24cr xgzva0m xhhsvwb xxymvpz xlup9mm x1kky2od\"><img decoding=\"async\" loading=\"lazy\" class=\"xz74otr\" src=\"https:\/\/static.xx.fbcdn.net\/images\/emoji.php\/v9\/t5d\/1\/16\/1f3d6.png\" alt=\"&#x1f3d6;&#xfe0f;\" width=\"16\" height=\"16\" \/><\/span><\/div>\n<\/div>\n<div class=\"x11i5rnm xat24cr x1mh8g0r x1vvkbs xtlvy1s x126k92a\">\n<div dir=\"auto\"><span class=\"html-span xdj266r x11i5rnm xat24cr x1mh8g0r xexx8yu x4uap5 x18d9i69 xkhd6sd x1hl2dhg x16tdsg8 x1vvkbs\"><a class=\"x1i10hfl xjbqb8w x1ejq31n xd10rxx x1sy0etr x17r0tee x972fbf xcfux6l x1qhh985 xm0m39n x9f619 x1ypdohk xt0psk2 xe8uvvx xdj266r x11i5rnm xat24cr x1mh8g0r xexx8yu x4uap5 x18d9i69 xkhd6sd x16tdsg8 x1hl2dhg xggy1nq x1a2a7pz x1sur9pj xkrqix3 x1fey0fg xo1l8bm\" tabindex=\"0\" role=\"link\" href=\"https:\/\/www.facebook.com\/hashtag\/wakacje2024?__eep__=6&amp;__cft__[0]=AZW5DOVHZh4cmTs_6Qa5KxujWUh82dSX9rkyHpNBjvo8RMkkjlSOsbMMZQ9B4zoPCkU7WBvyf72txjoz5I-q4q01szo_bWSCdWrIewogSkQCPOsC8GbH6cuLORRflZ6YwwQzRA0xY4Uf6i1qPE3igNziwxo9BlpIY9UlqhmBdQvhtQ&amp;__tn__=*NK-R\">#Wakacje2024<\/a><\/span> <span class=\"html-span xdj266r x11i5rnm xat24cr x1mh8g0r xexx8yu x4uap5 x18d9i69 xkhd6sd x1hl2dhg x16tdsg8 x1vvkbs\"><a class=\"x1i10hfl xjbqb8w x1ejq31n xd10rxx x1sy0etr x17r0tee x972fbf xcfux6l x1qhh985 xm0m39n x9f619 x1ypdohk xt0psk2 xe8uvvx xdj266r x11i5rnm xat24cr x1mh8g0r xexx8yu x4uap5 x18d9i69 xkhd6sd x16tdsg8 x1hl2dhg xggy1nq x1a2a7pz x1sur9pj xkrqix3 x1fey0fg xo1l8bm\" tabindex=\"0\" role=\"link\" href=\"https:\/\/www.facebook.com\/hashtag\/gokbo%C4%87ki?__eep__=6&amp;__cft__[0]=AZW5DOVHZh4cmTs_6Qa5KxujWUh82dSX9rkyHpNBjvo8RMkkjlSOsbMMZQ9B4zoPCkU7WBvyf72txjoz5I-q4q01szo_bWSCdWrIewogSkQCPOsC8GbH6cuLORRflZ6YwwQzRA0xY4Uf6i1qPE3igNziwxo9BlpIY9UlqhmBdQvhtQ&amp;__tn__=*NK-R\">#GOKBo\u0107ki<\/a><\/span> <span class=\"html-span xdj266r x11i5rnm xat24cr x1mh8g0r xexx8yu x4uap5 x18d9i69 xkhd6sd x1hl2dhg x16tdsg8 x1vvkbs\"><a class=\"x1i10hfl xjbqb8w x1ejq31n xd10rxx x1sy0etr x17r0tee x972fbf xcfux6l x1qhh985 xm0m39n x9f619 x1ypdohk xt0psk2 xe8uvvx xdj266r x11i5rnm xat24cr x1mh8g0r xexx8yu x4uap5 x18d9i69 xkhd6sd x16tdsg8 x1hl2dhg xggy1nq x1a2a7pz x1sur9pj xkrqix3 x1fey0fg xo1l8bm\" tabindex=\"0\" role=\"link\" href=\"https:\/\/www.facebook.com\/hashtag\/latope%C5%82neatrakcji?__eep__=6&amp;__cft__[0]=AZW5DOVHZh4cmTs_6Qa5KxujWUh82dSX9rkyHpNBjvo8RMkkjlSOsbMMZQ9B4zoPCkU7WBvyf72txjoz5I-q4q01szo_bWSCdWrIewogSkQCPOsC8GbH6cuLORRflZ6YwwQzRA0xY4Uf6i1qPE3igNziwxo9BlpIY9UlqhmBdQvhtQ&amp;__tn__=*NK-R\">#LatoPe\u0142neAtrakcji<\/a><\/span>&#8211;<\/div>\n<\/div>\n<\/div>\n<\/div>\n<\/div>\n<\/div>","protected":false},"excerpt":{"rendered":"<p>Wakacje z Gminnym O\u015brodkiem Kultury w Bo\u0107kach! Serdecznie zapraszamy dzieci i m\u0142odzie\u017c na letnie turnusy pe\u0142ne atrakcji i niezapomnianych prze\u017cy\u0107! I turnus: 15-19 lipca 10:00-15:00 II turnus: 22-26 lipca 10:00-15:00 Koszt: 200 z\u0142 za turnus W programie m.in.: Kreatywne warsztaty Zaj\u0119cia sportowe Wycieczki Gry i zabawy integracyjne I wiele innych niespodzianek! Zapisy i szczeg\u00f3\u0142owe informacje [&hellip;]<\/p>\n","protected":false},"author":1,"featured_media":4633,"comment_status":"open","ping_status":"open","sticky":false,"template":"","format":"standard","meta":[],"categories":[24],"tags":[131,132,104,130,119,72],"yoast_head":"<!-- This site is optimized with the Yoast SEO plugin v20.2.1 - https:\/\/yoast.com\/wordpress\/plugins\/seo\/ -->\n<title>Wakacje z Gminnym O\u015brodkiem Kultury w Bo\u0107kach - Gminny O\u015brodek Kultury w Bo\u0107kach<\/title>\n<meta name=\"robots\" content=\"index, follow, max-snippet:-1, max-image-preview:large, max-video-preview:-1\" \/>\n<link rel=\"canonical\" href=\"https:\/\/gokbocki.pl\/index.php\/2024\/06\/19\/wakacje-z-gminnym-osrodkiem-kultury-w-bockach\/\" \/>\n<meta property=\"og:locale\" content=\"pl_PL\" \/>\n<meta property=\"og:type\" content=\"article\" \/>\n<meta property=\"og:title\" content=\"Wakacje z Gminnym O\u015brodkiem Kultury w Bo\u0107kach - Gminny O\u015brodek Kultury w Bo\u0107kach\" \/>\n<meta property=\"og:description\" content=\"Wakacje z Gminnym O\u015brodkiem Kultury w Bo\u0107kach! Serdecznie zapraszamy dzieci i m\u0142odzie\u017c na letnie turnusy pe\u0142ne atrakcji i niezapomnianych prze\u017cy\u0107! I turnus: 15-19 lipca 10:00-15:00 II turnus: 22-26 lipca 10:00-15:00 Koszt: 200 z\u0142 za turnus W programie m.in.: Kreatywne warsztaty Zaj\u0119cia sportowe Wycieczki Gry i zabawy integracyjne I wiele innych niespodzianek! Zapisy i szczeg\u00f3\u0142owe informacje [&hellip;]\" \/>\n<meta property=\"og:url\" content=\"https:\/\/gokbocki.pl\/index.php\/2024\/06\/19\/wakacje-z-gminnym-osrodkiem-kultury-w-bockach\/\" \/>\n<meta property=\"og:site_name\" content=\"Gminny O\u015brodek Kultury w Bo\u0107kach\" \/>\n<meta property=\"article:published_time\" content=\"2024-06-19T10:09:47+00:00\" \/>\n<meta property=\"article:modified_time\" content=\"2024-06-19T10:09:49+00:00\" \/>\n<meta property=\"og:image\" content=\"https:\/\/gokbocki.pl\/wp-content\/uploads\/2024\/06\/447620080_1821104071690224_8378028171392013107_n.png\" \/>\n\t<meta property=\"og:image:width\" content=\"1448\" \/>\n\t<meta property=\"og:image:height\" content=\"2048\" \/>\n\t<meta property=\"og:image:type\" content=\"image\/png\" \/>\n<meta name=\"author\" content=\"admin\" \/>\n<meta name=\"twitter:card\" content=\"summary_large_image\" \/>\n<meta name=\"twitter:label1\" content=\"Napisane przez\" \/>\n\t<meta name=\"twitter:data1\" content=\"admin\" \/>\n\t<meta name=\"twitter:label2\" content=\"Szacowany czas czytania\" \/>\n\t<meta name=\"twitter:data2\" content=\"3 minuty\" \/>\n<script type=\"application\/ld+json\" class=\"yoast-schema-graph\">{\"@context\":\"https:\/\/schema.org\",\"@graph\":[{\"@type\":\"WebPage\",\"@id\":\"https:\/\/gokbocki.pl\/index.php\/2024\/06\/19\/wakacje-z-gminnym-osrodkiem-kultury-w-bockach\/\",\"url\":\"https:\/\/gokbocki.pl\/index.php\/2024\/06\/19\/wakacje-z-gminnym-osrodkiem-kultury-w-bockach\/\",\"name\":\"Wakacje z Gminnym O\u015brodkiem Kultury w Bo\u0107kach - Gminny O\u015brodek Kultury w Bo\u0107kach\",\"isPartOf\":{\"@id\":\"https:\/\/gokbocki.pl\/#website\"},\"datePublished\":\"2024-06-19T10:09:47+00:00\",\"dateModified\":\"2024-06-19T10:09:49+00:00\",\"author\":{\"@id\":\"https:\/\/gokbocki.pl\/#\/schema\/person\/32a0381e1f259128348b84ce4d001412\"},\"breadcrumb\":{\"@id\":\"https:\/\/gokbocki.pl\/index.php\/2024\/06\/19\/wakacje-z-gminnym-osrodkiem-kultury-w-bockach\/#breadcrumb\"},\"inLanguage\":\"pl-PL\",\"potentialAction\":[{\"@type\":\"ReadAction\",\"target\":[\"https:\/\/gokbocki.pl\/index.php\/2024\/06\/19\/wakacje-z-gminnym-osrodkiem-kultury-w-bockach\/\"]}]},{\"@type\":\"BreadcrumbList\",\"@id\":\"https:\/\/gokbocki.pl\/index.php\/2024\/06\/19\/wakacje-z-gminnym-osrodkiem-kultury-w-bockach\/#breadcrumb\",\"itemListElement\":[{\"@type\":\"ListItem\",\"position\":1,\"name\":\"Strona g\u0142\u00f3wna\",\"item\":\"https:\/\/gokbocki.pl\/\"},{\"@type\":\"ListItem\",\"position\":2,\"name\":\"Wakacje z Gminnym O\u015brodkiem Kultury w Bo\u0107kach\"}]},{\"@type\":\"WebSite\",\"@id\":\"https:\/\/gokbocki.pl\/#website\",\"url\":\"https:\/\/gokbocki.pl\/\",\"name\":\"Gminny O\u015brodek Kultury w Bo\u0107kach\",\"description\":\"GOK BO\u0106KI\",\"potentialAction\":[{\"@type\":\"SearchAction\",\"target\":{\"@type\":\"EntryPoint\",\"urlTemplate\":\"https:\/\/gokbocki.pl\/?s={search_term_string}\"},\"query-input\":\"required name=search_term_string\"}],\"inLanguage\":\"pl-PL\"},{\"@type\":\"Person\",\"@id\":\"https:\/\/gokbocki.pl\/#\/schema\/person\/32a0381e1f259128348b84ce4d001412\",\"name\":\"admin\",\"image\":{\"@type\":\"ImageObject\",\"inLanguage\":\"pl-PL\",\"@id\":\"https:\/\/gokbocki.pl\/#\/schema\/person\/image\/\",\"url\":\"https:\/\/secure.gravatar.com\/avatar\/ee27fe75b11e058e31443c0a5a21fc25?s=96&d=mm&r=g\",\"contentUrl\":\"https:\/\/secure.gravatar.com\/avatar\/ee27fe75b11e058e31443c0a5a21fc25?s=96&d=mm&r=g\",\"caption\":\"admin\"},\"url\":\"https:\/\/gokbocki.pl\/index.php\/author\/admin\/\"}]}<\/script>\n<!-- \/ Yoast SEO plugin. -->","yoast_head_json":{"title":"Wakacje z Gminnym O\u015brodkiem Kultury w Bo\u0107kach - Gminny O\u015brodek Kultury w Bo\u0107kach","robots":{"index":"index","follow":"follow","max-snippet":"max-snippet:-1","max-image-preview":"max-image-preview:large","max-video-preview":"max-video-preview:-1"},"canonical":"https:\/\/gokbocki.pl\/index.php\/2024\/06\/19\/wakacje-z-gminnym-osrodkiem-kultury-w-bockach\/","og_locale":"pl_PL","og_type":"article","og_title":"Wakacje z Gminnym O\u015brodkiem Kultury w Bo\u0107kach - Gminny O\u015brodek Kultury w Bo\u0107kach","og_description":"Wakacje z Gminnym O\u015brodkiem Kultury w Bo\u0107kach! Serdecznie zapraszamy dzieci i m\u0142odzie\u017c na letnie turnusy pe\u0142ne atrakcji i niezapomnianych prze\u017cy\u0107! I turnus: 15-19 lipca 10:00-15:00 II turnus: 22-26 lipca 10:00-15:00 Koszt: 200 z\u0142 za turnus W programie m.in.: Kreatywne warsztaty Zaj\u0119cia sportowe Wycieczki Gry i zabawy integracyjne I wiele innych niespodzianek! Zapisy i szczeg\u00f3\u0142owe informacje [&hellip;]","og_url":"https:\/\/gokbocki.pl\/index.php\/2024\/06\/19\/wakacje-z-gminnym-osrodkiem-kultury-w-bockach\/","og_site_name":"Gminny O\u015brodek Kultury w Bo\u0107kach","article_published_time":"2024-06-19T10:09:47+00:00","article_modified_time":"2024-06-19T10:09:49+00:00","og_image":[{"width":1448,"height":2048,"url":"https:\/\/gokbocki.pl\/wp-content\/uploads\/2024\/06\/447620080_1821104071690224_8378028171392013107_n.png","type":"image\/png"}],"author":"admin","twitter_card":"summary_large_image","twitter_misc":{"Napisane przez":"admin","Szacowany czas czytania":"3 minuty"},"schema":{"@context":"https:\/\/schema.org","@graph":[{"@type":"WebPage","@id":"https:\/\/gokbocki.pl\/index.php\/2024\/06\/19\/wakacje-z-gminnym-osrodkiem-kultury-w-bockach\/","url":"https:\/\/gokbocki.pl\/index.php\/2024\/06\/19\/wakacje-z-gminnym-osrodkiem-kultury-w-bockach\/","name":"Wakacje z Gminnym O\u015brodkiem Kultury w Bo\u0107kach - Gminny O\u015brodek Kultury w Bo\u0107kach","isPartOf":{"@id":"https:\/\/gokbocki.pl\/#website"},"datePublished":"2024-06-19T10:09:47+00:00","dateModified":"2024-06-19T10:09:49+00:00","author":{"@id":"https:\/\/gokbocki.pl\/#\/schema\/person\/32a0381e1f259128348b84ce4d001412"},"breadcrumb":{"@id":"https:\/\/gokbocki.pl\/index.php\/2024\/06\/19\/wakacje-z-gminnym-osrodkiem-kultury-w-bockach\/#breadcrumb"},"inLanguage":"pl-PL","potentialAction":[{"@type":"ReadAction","target":["https:\/\/gokbocki.pl\/index.php\/2024\/06\/19\/wakacje-z-gminnym-osrodkiem-kultury-w-bockach\/"]}]},{"@type":"BreadcrumbList","@id":"https:\/\/gokbocki.pl\/index.php\/2024\/06\/19\/wakacje-z-gminnym-osrodkiem-kultury-w-bockach\/#breadcrumb","itemListElement":[{"@type":"ListItem","position":1,"name":"Strona g\u0142\u00f3wna","item":"https:\/\/gokbocki.pl\/"},{"@type":"ListItem","position":2,"name":"Wakacje z Gminnym O\u015brodkiem Kultury w Bo\u0107kach"}]},{"@type":"WebSite","@id":"https:\/\/gokbocki.pl\/#website","url":"https:\/\/gokbocki.pl\/","name":"Gminny O\u015brodek Kultury w Bo\u0107kach","description":"GOK BO\u0106KI","potentialAction":[{"@type":"SearchAction","target":{"@type":"EntryPoint","urlTemplate":"https:\/\/gokbocki.pl\/?s={search_term_string}"},"query-input":"required name=search_term_string"}],"inLanguage":"pl-PL"},{"@type":"Person","@id":"https:\/\/gokbocki.pl\/#\/schema\/person\/32a0381e1f259128348b84ce4d001412","name":"admin","image":{"@type":"ImageObject","inLanguage":"pl-PL","@id":"https:\/\/gokbocki.pl\/#\/schema\/person\/image\/","url":"https:\/\/secure.gravatar.com\/avatar\/ee27fe75b11e058e31443c0a5a21fc25?s=96&d=mm&r=g","contentUrl":"https:\/\/secure.gravatar.com\/avatar\/ee27fe75b11e058e31443c0a5a21fc25?s=96&d=mm&r=g","caption":"admin"},"url":"https:\/\/gokbocki.pl\/index.php\/author\/admin\/"}]}},"_links":{"self":[{"href":"https:\/\/gokbocki.pl\/index.php\/wp-json\/wp\/v2\/posts\/4632"}],"collection":[{"href":"https:\/\/gokbocki.pl\/index.php\/wp-json\/wp\/v2\/posts"}],"about":[{"href":"https:\/\/gokbocki.pl\/index.php\/wp-json\/wp\/v2\/types\/post"}],"author":[{"embeddable":true,"href":"https:\/\/gokbocki.pl\/index.php\/wp-json\/wp\/v2\/users\/1"}],"replies":[{"embeddable":true,"href":"https:\/\/gokbocki.pl\/index.php\/wp-json\/wp\/v2\/comments?post=4632"}],"version-history":[{"count":1,"href":"https:\/\/gokbocki.pl\/index.php\/wp-json\/wp\/v2\/posts\/4632\/revisions"}],"predecessor-version":[{"id":4634,"href":"https:\/\/gokbocki.pl\/index.php\/wp-json\/wp\/v2\/posts\/4632\/revisions\/4634"}],"wp:featuredmedia":[{"embeddable":true,"href":"https:\/\/gokbocki.pl\/index.php\/wp-json\/wp\/v2\/media\/4633"}],"wp:attachment":[{"href":"https:\/\/gokbocki.pl\/index.php\/wp-json\/wp\/v2\/media?parent=4632"}],"wp:term":[{"taxonomy":"category","embeddable":true,"href":"https:\/\/gokbocki.pl\/index.php\/wp-json\/wp\/v2\/categories?post=4632"},{"taxonomy":"post_tag","embeddable":true,"href":"https:\/\/gokbocki.pl\/index.php\/wp-json\/wp\/v2\/tags?post=4632"}],"curies":[{"name":"wp","href":"https:\/\/api.w.org\/{rel}","templated":true}]}}