{"id":4852,"date":"2025-01-20T10:11:34","date_gmt":"2025-01-20T09:11:34","guid":{"rendered":"https:\/\/gokbocki.pl\/?p=4852"},"modified":"2025-01-20T10:11:35","modified_gmt":"2025-01-20T09:11:35","slug":"ekumeniczny-wieczor-koled-w-bockach-2","status":"publish","type":"post","link":"https:\/\/gokbocki.pl\/index.php\/2025\/01\/20\/ekumeniczny-wieczor-koled-w-bockach-2\/","title":{"rendered":"<strong>Ekumeniczny Wiecz\u00f3r Kol\u0119d w Bo\u0107kach<\/strong>"},"content":{"rendered":"\n<p><strong>Ekumeniczny Wiecz\u00f3r Kol\u0119d w Bo\u0107kach<\/strong><\/p>\n\n\n\n<p>Zapraszamy serdecznie na <strong>Ekumeniczny Wiecz\u00f3r Kol\u0119d<\/strong>, kt\u00f3ry odb\u0119dzie si\u0119 w sobot\u0119, <strong>25 stycznia 2025 roku<\/strong> o godzinie <strong>18:00<\/strong> w <strong>Sali Gimnastycznej Szko\u0142y Podstawowej im. Jana Paw\u0142a II w Bo\u0107kach<\/strong>.<\/p>\n\n\n\n<p>Wsp\u00f3lne \u015bpiewanie kol\u0119d to nie tylko pi\u0119kna tradycja, ale tak\u017ce okazja do integracji lokalnej spo\u0142eczno\u015bci w atmosferze rado\u015bci i jedno\u015bci.<\/p>\n\n\n\n<p>Niech ten wyj\u0105tkowy wiecz\u00f3r stanie si\u0119 czasem dzielenia si\u0119 muzyk\u0105, \u015bwi\u0105tecznym nastrojem i wsp\u00f3lnot\u0105. &#x1f384;&#x1f3b6;<\/p>\n\n\n\n<p>Zapraszamy wszystkich mieszka\u0144c\u00f3w oraz go\u015bci do udzia\u0142u w tym niezwyk\u0142ym wydarzeniu!<\/p>\n\n\n\n<figure class=\"wp-block-image size-large\"><img decoding=\"async\" loading=\"lazy\" width=\"724\" height=\"1024\" src=\"https:\/\/gokbocki.pl\/wp-content\/uploads\/2025\/01\/11-724x1024.png\" alt=\"\" class=\"wp-image-4853\" srcset=\"https:\/\/gokbocki.pl\/wp-content\/uploads\/2025\/01\/11-724x1024.png 724w, https:\/\/gokbocki.pl\/wp-content\/uploads\/2025\/01\/11-212x300.png 212w, https:\/\/gokbocki.pl\/wp-content\/uploads\/2025\/01\/11-768x1086.png 768w, https:\/\/gokbocki.pl\/wp-content\/uploads\/2025\/01\/11-1086x1536.png 1086w, https:\/\/gokbocki.pl\/wp-content\/uploads\/2025\/01\/11-820x1160.png 820w, https:\/\/gokbocki.pl\/wp-content\/uploads\/2025\/01\/11.png 1414w\" sizes=\"(max-width: 724px) 100vw, 724px\" \/><\/figure>\n","protected":false},"excerpt":{"rendered":"<p>Ekumeniczny Wiecz\u00f3r Kol\u0119d w Bo\u0107kach Zapraszamy serdecznie na Ekumeniczny Wiecz\u00f3r Kol\u0119d, kt\u00f3ry odb\u0119dzie si\u0119 w sobot\u0119, 25 stycznia 2025 roku o godzinie 18:00 w Sali Gimnastycznej Szko\u0142y Podstawowej im. Jana Paw\u0142a II w Bo\u0107kach. Wsp\u00f3lne \u015bpiewanie kol\u0119d to nie tylko pi\u0119kna tradycja, ale tak\u017ce okazja do integracji lokalnej spo\u0142eczno\u015bci w atmosferze rado\u015bci i jedno\u015bci. Niech [&hellip;]<\/p>\n","protected":false},"author":1,"featured_media":4853,"comment_status":"open","ping_status":"open","sticky":false,"template":"","format":"standard","meta":[],"categories":[24],"tags":[203,100,205,202,204,137],"yoast_head":"<!-- This site is optimized with the Yoast SEO plugin v20.2.1 - https:\/\/yoast.com\/wordpress\/plugins\/seo\/ -->\n<title>Ekumeniczny Wiecz\u00f3r Kol\u0119d w Bo\u0107kach - Gminny O\u015brodek Kultury w Bo\u0107kach<\/title>\n<meta name=\"robots\" content=\"index, follow, max-snippet:-1, max-image-preview:large, max-video-preview:-1\" \/>\n<link rel=\"canonical\" href=\"https:\/\/gokbocki.pl\/index.php\/2025\/01\/20\/ekumeniczny-wieczor-koled-w-bockach-2\/\" \/>\n<meta property=\"og:locale\" content=\"pl_PL\" \/>\n<meta property=\"og:type\" content=\"article\" \/>\n<meta property=\"og:title\" content=\"Ekumeniczny Wiecz\u00f3r Kol\u0119d w Bo\u0107kach - Gminny O\u015brodek Kultury w Bo\u0107kach\" \/>\n<meta property=\"og:description\" content=\"Ekumeniczny Wiecz\u00f3r Kol\u0119d w Bo\u0107kach Zapraszamy serdecznie na Ekumeniczny Wiecz\u00f3r Kol\u0119d, kt\u00f3ry odb\u0119dzie si\u0119 w sobot\u0119, 25 stycznia 2025 roku o godzinie 18:00 w Sali Gimnastycznej Szko\u0142y Podstawowej im. Jana Paw\u0142a II w Bo\u0107kach. Wsp\u00f3lne \u015bpiewanie kol\u0119d to nie tylko pi\u0119kna tradycja, ale tak\u017ce okazja do integracji lokalnej spo\u0142eczno\u015bci w atmosferze rado\u015bci i jedno\u015bci. Niech [&hellip;]\" \/>\n<meta property=\"og:url\" content=\"https:\/\/gokbocki.pl\/index.php\/2025\/01\/20\/ekumeniczny-wieczor-koled-w-bockach-2\/\" \/>\n<meta property=\"og:site_name\" content=\"Gminny O\u015brodek Kultury w Bo\u0107kach\" \/>\n<meta property=\"article:published_time\" content=\"2025-01-20T09:11:34+00:00\" \/>\n<meta property=\"article:modified_time\" content=\"2025-01-20T09:11:35+00:00\" \/>\n<meta property=\"og:image\" content=\"https:\/\/gokbocki.pl\/wp-content\/uploads\/2025\/01\/11-724x1024.png\" \/>\n\t<meta property=\"og:image:width\" content=\"724\" \/>\n\t<meta property=\"og:image:height\" content=\"1024\" \/>\n\t<meta property=\"og:image:type\" content=\"image\/png\" \/>\n<meta name=\"author\" content=\"admin\" \/>\n<meta name=\"twitter:card\" content=\"summary_large_image\" \/>\n<meta name=\"twitter:label1\" content=\"Napisane przez\" \/>\n\t<meta name=\"twitter:data1\" content=\"admin\" \/>\n\t<meta name=\"twitter:label2\" content=\"Szacowany czas czytania\" \/>\n\t<meta name=\"twitter:data2\" content=\"1 minuta\" \/>\n<script type=\"application\/ld+json\" class=\"yoast-schema-graph\">{\"@context\":\"https:\/\/schema.org\",\"@graph\":[{\"@type\":\"WebPage\",\"@id\":\"https:\/\/gokbocki.pl\/index.php\/2025\/01\/20\/ekumeniczny-wieczor-koled-w-bockach-2\/\",\"url\":\"https:\/\/gokbocki.pl\/index.php\/2025\/01\/20\/ekumeniczny-wieczor-koled-w-bockach-2\/\",\"name\":\"Ekumeniczny Wiecz\u00f3r Kol\u0119d w Bo\u0107kach - Gminny O\u015brodek Kultury w Bo\u0107kach\",\"isPartOf\":{\"@id\":\"https:\/\/gokbocki.pl\/#website\"},\"datePublished\":\"2025-01-20T09:11:34+00:00\",\"dateModified\":\"2025-01-20T09:11:35+00:00\",\"author\":{\"@id\":\"https:\/\/gokbocki.pl\/#\/schema\/person\/32a0381e1f259128348b84ce4d001412\"},\"breadcrumb\":{\"@id\":\"https:\/\/gokbocki.pl\/index.php\/2025\/01\/20\/ekumeniczny-wieczor-koled-w-bockach-2\/#breadcrumb\"},\"inLanguage\":\"pl-PL\",\"potentialAction\":[{\"@type\":\"ReadAction\",\"target\":[\"https:\/\/gokbocki.pl\/index.php\/2025\/01\/20\/ekumeniczny-wieczor-koled-w-bockach-2\/\"]}]},{\"@type\":\"BreadcrumbList\",\"@id\":\"https:\/\/gokbocki.pl\/index.php\/2025\/01\/20\/ekumeniczny-wieczor-koled-w-bockach-2\/#breadcrumb\",\"itemListElement\":[{\"@type\":\"ListItem\",\"position\":1,\"name\":\"Strona g\u0142\u00f3wna\",\"item\":\"https:\/\/gokbocki.pl\/\"},{\"@type\":\"ListItem\",\"position\":2,\"name\":\"Ekumeniczny Wiecz\u00f3r Kol\u0119d w Bo\u0107kach\"}]},{\"@type\":\"WebSite\",\"@id\":\"https:\/\/gokbocki.pl\/#website\",\"url\":\"https:\/\/gokbocki.pl\/\",\"name\":\"Gminny O\u015brodek Kultury w Bo\u0107kach\",\"description\":\"GOK BO\u0106KI\",\"potentialAction\":[{\"@type\":\"SearchAction\",\"target\":{\"@type\":\"EntryPoint\",\"urlTemplate\":\"https:\/\/gokbocki.pl\/?s={search_term_string}\"},\"query-input\":\"required name=search_term_string\"}],\"inLanguage\":\"pl-PL\"},{\"@type\":\"Person\",\"@id\":\"https:\/\/gokbocki.pl\/#\/schema\/person\/32a0381e1f259128348b84ce4d001412\",\"name\":\"admin\",\"image\":{\"@type\":\"ImageObject\",\"inLanguage\":\"pl-PL\",\"@id\":\"https:\/\/gokbocki.pl\/#\/schema\/person\/image\/\",\"url\":\"https:\/\/secure.gravatar.com\/avatar\/ee27fe75b11e058e31443c0a5a21fc25?s=96&d=mm&r=g\",\"contentUrl\":\"https:\/\/secure.gravatar.com\/avatar\/ee27fe75b11e058e31443c0a5a21fc25?s=96&d=mm&r=g\",\"caption\":\"admin\"},\"url\":\"https:\/\/gokbocki.pl\/index.php\/author\/admin\/\"}]}<\/script>\n<!-- \/ Yoast SEO plugin. -->","yoast_head_json":{"title":"Ekumeniczny Wiecz\u00f3r Kol\u0119d w Bo\u0107kach - Gminny O\u015brodek Kultury w Bo\u0107kach","robots":{"index":"index","follow":"follow","max-snippet":"max-snippet:-1","max-image-preview":"max-image-preview:large","max-video-preview":"max-video-preview:-1"},"canonical":"https:\/\/gokbocki.pl\/index.php\/2025\/01\/20\/ekumeniczny-wieczor-koled-w-bockach-2\/","og_locale":"pl_PL","og_type":"article","og_title":"Ekumeniczny Wiecz\u00f3r Kol\u0119d w Bo\u0107kach - Gminny O\u015brodek Kultury w Bo\u0107kach","og_description":"Ekumeniczny Wiecz\u00f3r Kol\u0119d w Bo\u0107kach Zapraszamy serdecznie na Ekumeniczny Wiecz\u00f3r Kol\u0119d, kt\u00f3ry odb\u0119dzie si\u0119 w sobot\u0119, 25 stycznia 2025 roku o godzinie 18:00 w Sali Gimnastycznej Szko\u0142y Podstawowej im. Jana Paw\u0142a II w Bo\u0107kach. Wsp\u00f3lne \u015bpiewanie kol\u0119d to nie tylko pi\u0119kna tradycja, ale tak\u017ce okazja do integracji lokalnej spo\u0142eczno\u015bci w atmosferze rado\u015bci i jedno\u015bci. Niech [&hellip;]","og_url":"https:\/\/gokbocki.pl\/index.php\/2025\/01\/20\/ekumeniczny-wieczor-koled-w-bockach-2\/","og_site_name":"Gminny O\u015brodek Kultury w Bo\u0107kach","article_published_time":"2025-01-20T09:11:34+00:00","article_modified_time":"2025-01-20T09:11:35+00:00","og_image":[{"width":724,"height":1024,"url":"https:\/\/gokbocki.pl\/wp-content\/uploads\/2025\/01\/11-724x1024.png","type":"image\/png"}],"author":"admin","twitter_card":"summary_large_image","twitter_misc":{"Napisane przez":"admin","Szacowany czas czytania":"1 minuta"},"schema":{"@context":"https:\/\/schema.org","@graph":[{"@type":"WebPage","@id":"https:\/\/gokbocki.pl\/index.php\/2025\/01\/20\/ekumeniczny-wieczor-koled-w-bockach-2\/","url":"https:\/\/gokbocki.pl\/index.php\/2025\/01\/20\/ekumeniczny-wieczor-koled-w-bockach-2\/","name":"Ekumeniczny Wiecz\u00f3r Kol\u0119d w Bo\u0107kach - Gminny O\u015brodek Kultury w Bo\u0107kach","isPartOf":{"@id":"https:\/\/gokbocki.pl\/#website"},"datePublished":"2025-01-20T09:11:34+00:00","dateModified":"2025-01-20T09:11:35+00:00","author":{"@id":"https:\/\/gokbocki.pl\/#\/schema\/person\/32a0381e1f259128348b84ce4d001412"},"breadcrumb":{"@id":"https:\/\/gokbocki.pl\/index.php\/2025\/01\/20\/ekumeniczny-wieczor-koled-w-bockach-2\/#breadcrumb"},"inLanguage":"pl-PL","potentialAction":[{"@type":"ReadAction","target":["https:\/\/gokbocki.pl\/index.php\/2025\/01\/20\/ekumeniczny-wieczor-koled-w-bockach-2\/"]}]},{"@type":"BreadcrumbList","@id":"https:\/\/gokbocki.pl\/index.php\/2025\/01\/20\/ekumeniczny-wieczor-koled-w-bockach-2\/#breadcrumb","itemListElement":[{"@type":"ListItem","position":1,"name":"Strona g\u0142\u00f3wna","item":"https:\/\/gokbocki.pl\/"},{"@type":"ListItem","position":2,"name":"Ekumeniczny Wiecz\u00f3r Kol\u0119d w Bo\u0107kach"}]},{"@type":"WebSite","@id":"https:\/\/gokbocki.pl\/#website","url":"https:\/\/gokbocki.pl\/","name":"Gminny O\u015brodek Kultury w Bo\u0107kach","description":"GOK BO\u0106KI","potentialAction":[{"@type":"SearchAction","target":{"@type":"EntryPoint","urlTemplate":"https:\/\/gokbocki.pl\/?s={search_term_string}"},"query-input":"required name=search_term_string"}],"inLanguage":"pl-PL"},{"@type":"Person","@id":"https:\/\/gokbocki.pl\/#\/schema\/person\/32a0381e1f259128348b84ce4d001412","name":"admin","image":{"@type":"ImageObject","inLanguage":"pl-PL","@id":"https:\/\/gokbocki.pl\/#\/schema\/person\/image\/","url":"https:\/\/secure.gravatar.com\/avatar\/ee27fe75b11e058e31443c0a5a21fc25?s=96&d=mm&r=g","contentUrl":"https:\/\/secure.gravatar.com\/avatar\/ee27fe75b11e058e31443c0a5a21fc25?s=96&d=mm&r=g","caption":"admin"},"url":"https:\/\/gokbocki.pl\/index.php\/author\/admin\/"}]}},"_links":{"self":[{"href":"https:\/\/gokbocki.pl\/index.php\/wp-json\/wp\/v2\/posts\/4852"}],"collection":[{"href":"https:\/\/gokbocki.pl\/index.php\/wp-json\/wp\/v2\/posts"}],"about":[{"href":"https:\/\/gokbocki.pl\/index.php\/wp-json\/wp\/v2\/types\/post"}],"author":[{"embeddable":true,"href":"https:\/\/gokbocki.pl\/index.php\/wp-json\/wp\/v2\/users\/1"}],"replies":[{"embeddable":true,"href":"https:\/\/gokbocki.pl\/index.php\/wp-json\/wp\/v2\/comments?post=4852"}],"version-history":[{"count":1,"href":"https:\/\/gokbocki.pl\/index.php\/wp-json\/wp\/v2\/posts\/4852\/revisions"}],"predecessor-version":[{"id":4854,"href":"https:\/\/gokbocki.pl\/index.php\/wp-json\/wp\/v2\/posts\/4852\/revisions\/4854"}],"wp:featuredmedia":[{"embeddable":true,"href":"https:\/\/gokbocki.pl\/index.php\/wp-json\/wp\/v2\/media\/4853"}],"wp:attachment":[{"href":"https:\/\/gokbocki.pl\/index.php\/wp-json\/wp\/v2\/media?parent=4852"}],"wp:term":[{"taxonomy":"category","embeddable":true,"href":"https:\/\/gokbocki.pl\/index.php\/wp-json\/wp\/v2\/categories?post=4852"},{"taxonomy":"post_tag","embeddable":true,"href":"https:\/\/gokbocki.pl\/index.php\/wp-json\/wp\/v2\/tags?post=4852"}],"curies":[{"name":"wp","href":"https:\/\/api.w.org\/{rel}","templated":true}]}}