{"id":4995,"date":"2025-04-29T08:27:25","date_gmt":"2025-04-29T06:27:25","guid":{"rendered":"https:\/\/gokbocki.pl\/?p=4995"},"modified":"2025-04-29T08:27:25","modified_gmt":"2025-04-29T06:27:25","slug":"obchody-swieta-konstytucji-3-maja-w-bockach","status":"publish","type":"post","link":"https:\/\/gokbocki.pl\/index.php\/2025\/04\/29\/obchody-swieta-konstytucji-3-maja-w-bockach\/","title":{"rendered":"Obchody \u015awi\u0119ta Konstytucji 3 Maja w Bo\u0107kach"},"content":{"rendered":"<p class=\"\" data-start=\"170\" data-end=\"333\">Gminny O\u015brodek Kultury w Bo\u0107kach serdecznie zaprasza mieszka\u0144c\u00f3w gminy na uroczyste obchody \u015awi\u0119ta Konstytucji 3 Maja, kt\u00f3re odb\u0119d\u0105 si\u0119 w sobot\u0119, 3 maja 2025 roku.<\/p>\n<p class=\"\" data-start=\"335\" data-end=\"360\"><strong data-start=\"335\" data-end=\"360\">Program uroczysto\u015bci:<\/strong><\/p>\n<p class=\"\" data-start=\"362\" data-end=\"455\">&#x1f559; <strong data-start=\"365\" data-end=\"380\">Godz. 10:00<\/strong> \u2013 Msza \u015awi\u0119ta za Ojczyzn\u0119<br data-start=\"406\" data-end=\"409\" \/><em data-start=\"409\" data-end=\"455\">Parafia \u015aw. J\u00f3zefa i \u015aw. Antoniego w Bo\u0107kach<\/em><\/p>\n<p class=\"\" data-start=\"457\" data-end=\"603\">&#x1f566; <strong data-start=\"460\" data-end=\"475\">Godz. 11:15<\/strong> \u2013 Program s\u0142owno-muzyczny oraz z\u0142o\u017cenie kwiat\u00f3w pod krzy\u017cem<br data-start=\"535\" data-end=\"538\" \/><em data-start=\"538\" data-end=\"603\">Plac przed budynkiem CKT (dawny budynek Urz\u0119du Gminy) w Bo\u0107kach<\/em><\/p>\n<p class=\"\" data-start=\"605\" data-end=\"771\">W wydarzeniu wezm\u0105 udzia\u0142:<br data-start=\"631\" data-end=\"634\" \/>\u2013 Uczniowie Szko\u0142y Podstawowej im. Jana Paw\u0142a II w Bo\u0107kach oraz Szko\u0142y Podstawowej w Andryjankach<br data-start=\"731\" data-end=\"734\" \/>\u2013 Zesp\u00f3\u0142 folklorystyczny \u201eKlekociaki\u201d<\/p>\n<p class=\"\" data-start=\"773\" data-end=\"867\">Zach\u0119camy wszystkich mieszka\u0144c\u00f3w do wsp\u00f3lnego uczczenia tego wa\u017cnego dla naszej historii dnia.<\/p>\n<p data-start=\"773\" data-end=\"867\">\u00a0<\/p>\n\n\n<figure class=\"wp-block-image size-large\"><img decoding=\"async\" loading=\"lazy\" width=\"724\" height=\"1024\" src=\"https:\/\/gokbocki.pl\/wp-content\/uploads\/2025\/04\/3-maja-plakat-1-724x1024.png\" alt=\"\" class=\"wp-image-4996\" srcset=\"https:\/\/gokbocki.pl\/wp-content\/uploads\/2025\/04\/3-maja-plakat-1-724x1024.png 724w, https:\/\/gokbocki.pl\/wp-content\/uploads\/2025\/04\/3-maja-plakat-1-212x300.png 212w, https:\/\/gokbocki.pl\/wp-content\/uploads\/2025\/04\/3-maja-plakat-1-768x1086.png 768w, https:\/\/gokbocki.pl\/wp-content\/uploads\/2025\/04\/3-maja-plakat-1-1086x1536.png 1086w, https:\/\/gokbocki.pl\/wp-content\/uploads\/2025\/04\/3-maja-plakat-1-1448x2048.png 1448w, https:\/\/gokbocki.pl\/wp-content\/uploads\/2025\/04\/3-maja-plakat-1-820x1160.png 820w, https:\/\/gokbocki.pl\/wp-content\/uploads\/2025\/04\/3-maja-plakat-1.png 1587w\" sizes=\"(max-width: 724px) 100vw, 724px\" \/><\/figure>\n","protected":false},"excerpt":{"rendered":"<p>Gminny O\u015brodek Kultury w Bo\u0107kach serdecznie zaprasza mieszka\u0144c\u00f3w gminy na uroczyste obchody \u015awi\u0119ta Konstytucji 3 Maja, kt\u00f3re odb\u0119d\u0105 si\u0119 w sobot\u0119, 3 maja 2025 roku. Program uroczysto\u015bci: &#x1f559; Godz. 10:00 \u2013 Msza \u015awi\u0119ta za Ojczyzn\u0119Parafia \u015aw. J\u00f3zefa i \u015aw. Antoniego w Bo\u0107kach &#x1f566; Godz. 11:15 \u2013 Program s\u0142owno-muzyczny oraz z\u0142o\u017cenie kwiat\u00f3w pod krzy\u017cemPlac przed budynkiem [&hellip;]<\/p>\n","protected":false},"author":1,"featured_media":0,"comment_status":"open","ping_status":"open","sticky":false,"template":"","format":"standard","meta":[],"categories":[24],"tags":[271,272,274,273,275],"yoast_head":"<!-- This site is optimized with the Yoast SEO plugin v20.2.1 - https:\/\/yoast.com\/wordpress\/plugins\/seo\/ -->\n<title>Obchody \u015awi\u0119ta Konstytucji 3 Maja w Bo\u0107kach - Gminny O\u015brodek Kultury w Bo\u0107kach<\/title>\n<meta name=\"robots\" content=\"index, follow, max-snippet:-1, max-image-preview:large, max-video-preview:-1\" \/>\n<link rel=\"canonical\" href=\"https:\/\/gokbocki.pl\/index.php\/2025\/04\/29\/obchody-swieta-konstytucji-3-maja-w-bockach\/\" \/>\n<meta property=\"og:locale\" content=\"pl_PL\" \/>\n<meta property=\"og:type\" content=\"article\" \/>\n<meta property=\"og:title\" content=\"Obchody \u015awi\u0119ta Konstytucji 3 Maja w Bo\u0107kach - Gminny O\u015brodek Kultury w Bo\u0107kach\" \/>\n<meta property=\"og:description\" content=\"Gminny O\u015brodek Kultury w Bo\u0107kach serdecznie zaprasza mieszka\u0144c\u00f3w gminy na uroczyste obchody \u015awi\u0119ta Konstytucji 3 Maja, kt\u00f3re odb\u0119d\u0105 si\u0119 w sobot\u0119, 3 maja 2025 roku. Program uroczysto\u015bci: &#x1f559; Godz. 10:00 \u2013 Msza \u015awi\u0119ta za Ojczyzn\u0119Parafia \u015aw. J\u00f3zefa i \u015aw. Antoniego w Bo\u0107kach &#x1f566; Godz. 11:15 \u2013 Program s\u0142owno-muzyczny oraz z\u0142o\u017cenie kwiat\u00f3w pod krzy\u017cemPlac przed budynkiem [&hellip;]\" \/>\n<meta property=\"og:url\" content=\"https:\/\/gokbocki.pl\/index.php\/2025\/04\/29\/obchody-swieta-konstytucji-3-maja-w-bockach\/\" \/>\n<meta property=\"og:site_name\" content=\"Gminny O\u015brodek Kultury w Bo\u0107kach\" \/>\n<meta property=\"article:published_time\" content=\"2025-04-29T06:27:25+00:00\" \/>\n<meta property=\"og:image\" content=\"https:\/\/gokbocki.pl\/wp-content\/uploads\/2025\/04\/3-maja-plakat-1-724x1024.png\" \/>\n<meta name=\"author\" content=\"admin\" \/>\n<meta name=\"twitter:card\" content=\"summary_large_image\" \/>\n<meta name=\"twitter:label1\" content=\"Napisane przez\" \/>\n\t<meta name=\"twitter:data1\" content=\"admin\" \/>\n\t<meta name=\"twitter:label2\" content=\"Szacowany czas czytania\" \/>\n\t<meta name=\"twitter:data2\" content=\"1 minuta\" \/>\n<script type=\"application\/ld+json\" class=\"yoast-schema-graph\">{\"@context\":\"https:\/\/schema.org\",\"@graph\":[{\"@type\":\"WebPage\",\"@id\":\"https:\/\/gokbocki.pl\/index.php\/2025\/04\/29\/obchody-swieta-konstytucji-3-maja-w-bockach\/\",\"url\":\"https:\/\/gokbocki.pl\/index.php\/2025\/04\/29\/obchody-swieta-konstytucji-3-maja-w-bockach\/\",\"name\":\"Obchody \u015awi\u0119ta Konstytucji 3 Maja w Bo\u0107kach - Gminny O\u015brodek Kultury w Bo\u0107kach\",\"isPartOf\":{\"@id\":\"https:\/\/gokbocki.pl\/#website\"},\"datePublished\":\"2025-04-29T06:27:25+00:00\",\"dateModified\":\"2025-04-29T06:27:25+00:00\",\"author\":{\"@id\":\"https:\/\/gokbocki.pl\/#\/schema\/person\/32a0381e1f259128348b84ce4d001412\"},\"breadcrumb\":{\"@id\":\"https:\/\/gokbocki.pl\/index.php\/2025\/04\/29\/obchody-swieta-konstytucji-3-maja-w-bockach\/#breadcrumb\"},\"inLanguage\":\"pl-PL\",\"potentialAction\":[{\"@type\":\"ReadAction\",\"target\":[\"https:\/\/gokbocki.pl\/index.php\/2025\/04\/29\/obchody-swieta-konstytucji-3-maja-w-bockach\/\"]}]},{\"@type\":\"BreadcrumbList\",\"@id\":\"https:\/\/gokbocki.pl\/index.php\/2025\/04\/29\/obchody-swieta-konstytucji-3-maja-w-bockach\/#breadcrumb\",\"itemListElement\":[{\"@type\":\"ListItem\",\"position\":1,\"name\":\"Strona g\u0142\u00f3wna\",\"item\":\"https:\/\/gokbocki.pl\/\"},{\"@type\":\"ListItem\",\"position\":2,\"name\":\"Obchody \u015awi\u0119ta Konstytucji 3 Maja w Bo\u0107kach\"}]},{\"@type\":\"WebSite\",\"@id\":\"https:\/\/gokbocki.pl\/#website\",\"url\":\"https:\/\/gokbocki.pl\/\",\"name\":\"Gminny O\u015brodek Kultury w Bo\u0107kach\",\"description\":\"GOK BO\u0106KI\",\"potentialAction\":[{\"@type\":\"SearchAction\",\"target\":{\"@type\":\"EntryPoint\",\"urlTemplate\":\"https:\/\/gokbocki.pl\/?s={search_term_string}\"},\"query-input\":\"required name=search_term_string\"}],\"inLanguage\":\"pl-PL\"},{\"@type\":\"Person\",\"@id\":\"https:\/\/gokbocki.pl\/#\/schema\/person\/32a0381e1f259128348b84ce4d001412\",\"name\":\"admin\",\"image\":{\"@type\":\"ImageObject\",\"inLanguage\":\"pl-PL\",\"@id\":\"https:\/\/gokbocki.pl\/#\/schema\/person\/image\/\",\"url\":\"https:\/\/secure.gravatar.com\/avatar\/ee27fe75b11e058e31443c0a5a21fc25?s=96&d=mm&r=g\",\"contentUrl\":\"https:\/\/secure.gravatar.com\/avatar\/ee27fe75b11e058e31443c0a5a21fc25?s=96&d=mm&r=g\",\"caption\":\"admin\"},\"url\":\"https:\/\/gokbocki.pl\/index.php\/author\/admin\/\"}]}<\/script>\n<!-- \/ Yoast SEO plugin. -->","yoast_head_json":{"title":"Obchody \u015awi\u0119ta Konstytucji 3 Maja w Bo\u0107kach - Gminny O\u015brodek Kultury w Bo\u0107kach","robots":{"index":"index","follow":"follow","max-snippet":"max-snippet:-1","max-image-preview":"max-image-preview:large","max-video-preview":"max-video-preview:-1"},"canonical":"https:\/\/gokbocki.pl\/index.php\/2025\/04\/29\/obchody-swieta-konstytucji-3-maja-w-bockach\/","og_locale":"pl_PL","og_type":"article","og_title":"Obchody \u015awi\u0119ta Konstytucji 3 Maja w Bo\u0107kach - Gminny O\u015brodek Kultury w Bo\u0107kach","og_description":"Gminny O\u015brodek Kultury w Bo\u0107kach serdecznie zaprasza mieszka\u0144c\u00f3w gminy na uroczyste obchody \u015awi\u0119ta Konstytucji 3 Maja, kt\u00f3re odb\u0119d\u0105 si\u0119 w sobot\u0119, 3 maja 2025 roku. Program uroczysto\u015bci: &#x1f559; Godz. 10:00 \u2013 Msza \u015awi\u0119ta za Ojczyzn\u0119Parafia \u015aw. J\u00f3zefa i \u015aw. Antoniego w Bo\u0107kach &#x1f566; Godz. 11:15 \u2013 Program s\u0142owno-muzyczny oraz z\u0142o\u017cenie kwiat\u00f3w pod krzy\u017cemPlac przed budynkiem [&hellip;]","og_url":"https:\/\/gokbocki.pl\/index.php\/2025\/04\/29\/obchody-swieta-konstytucji-3-maja-w-bockach\/","og_site_name":"Gminny O\u015brodek Kultury w Bo\u0107kach","article_published_time":"2025-04-29T06:27:25+00:00","og_image":[{"url":"https:\/\/gokbocki.pl\/wp-content\/uploads\/2025\/04\/3-maja-plakat-1-724x1024.png"}],"author":"admin","twitter_card":"summary_large_image","twitter_misc":{"Napisane przez":"admin","Szacowany czas czytania":"1 minuta"},"schema":{"@context":"https:\/\/schema.org","@graph":[{"@type":"WebPage","@id":"https:\/\/gokbocki.pl\/index.php\/2025\/04\/29\/obchody-swieta-konstytucji-3-maja-w-bockach\/","url":"https:\/\/gokbocki.pl\/index.php\/2025\/04\/29\/obchody-swieta-konstytucji-3-maja-w-bockach\/","name":"Obchody \u015awi\u0119ta Konstytucji 3 Maja w Bo\u0107kach - Gminny O\u015brodek Kultury w Bo\u0107kach","isPartOf":{"@id":"https:\/\/gokbocki.pl\/#website"},"datePublished":"2025-04-29T06:27:25+00:00","dateModified":"2025-04-29T06:27:25+00:00","author":{"@id":"https:\/\/gokbocki.pl\/#\/schema\/person\/32a0381e1f259128348b84ce4d001412"},"breadcrumb":{"@id":"https:\/\/gokbocki.pl\/index.php\/2025\/04\/29\/obchody-swieta-konstytucji-3-maja-w-bockach\/#breadcrumb"},"inLanguage":"pl-PL","potentialAction":[{"@type":"ReadAction","target":["https:\/\/gokbocki.pl\/index.php\/2025\/04\/29\/obchody-swieta-konstytucji-3-maja-w-bockach\/"]}]},{"@type":"BreadcrumbList","@id":"https:\/\/gokbocki.pl\/index.php\/2025\/04\/29\/obchody-swieta-konstytucji-3-maja-w-bockach\/#breadcrumb","itemListElement":[{"@type":"ListItem","position":1,"name":"Strona g\u0142\u00f3wna","item":"https:\/\/gokbocki.pl\/"},{"@type":"ListItem","position":2,"name":"Obchody \u015awi\u0119ta Konstytucji 3 Maja w Bo\u0107kach"}]},{"@type":"WebSite","@id":"https:\/\/gokbocki.pl\/#website","url":"https:\/\/gokbocki.pl\/","name":"Gminny O\u015brodek Kultury w Bo\u0107kach","description":"GOK BO\u0106KI","potentialAction":[{"@type":"SearchAction","target":{"@type":"EntryPoint","urlTemplate":"https:\/\/gokbocki.pl\/?s={search_term_string}"},"query-input":"required name=search_term_string"}],"inLanguage":"pl-PL"},{"@type":"Person","@id":"https:\/\/gokbocki.pl\/#\/schema\/person\/32a0381e1f259128348b84ce4d001412","name":"admin","image":{"@type":"ImageObject","inLanguage":"pl-PL","@id":"https:\/\/gokbocki.pl\/#\/schema\/person\/image\/","url":"https:\/\/secure.gravatar.com\/avatar\/ee27fe75b11e058e31443c0a5a21fc25?s=96&d=mm&r=g","contentUrl":"https:\/\/secure.gravatar.com\/avatar\/ee27fe75b11e058e31443c0a5a21fc25?s=96&d=mm&r=g","caption":"admin"},"url":"https:\/\/gokbocki.pl\/index.php\/author\/admin\/"}]}},"_links":{"self":[{"href":"https:\/\/gokbocki.pl\/index.php\/wp-json\/wp\/v2\/posts\/4995"}],"collection":[{"href":"https:\/\/gokbocki.pl\/index.php\/wp-json\/wp\/v2\/posts"}],"about":[{"href":"https:\/\/gokbocki.pl\/index.php\/wp-json\/wp\/v2\/types\/post"}],"author":[{"embeddable":true,"href":"https:\/\/gokbocki.pl\/index.php\/wp-json\/wp\/v2\/users\/1"}],"replies":[{"embeddable":true,"href":"https:\/\/gokbocki.pl\/index.php\/wp-json\/wp\/v2\/comments?post=4995"}],"version-history":[{"count":1,"href":"https:\/\/gokbocki.pl\/index.php\/wp-json\/wp\/v2\/posts\/4995\/revisions"}],"predecessor-version":[{"id":4997,"href":"https:\/\/gokbocki.pl\/index.php\/wp-json\/wp\/v2\/posts\/4995\/revisions\/4997"}],"wp:attachment":[{"href":"https:\/\/gokbocki.pl\/index.php\/wp-json\/wp\/v2\/media?parent=4995"}],"wp:term":[{"taxonomy":"category","embeddable":true,"href":"https:\/\/gokbocki.pl\/index.php\/wp-json\/wp\/v2\/categories?post=4995"},{"taxonomy":"post_tag","embeddable":true,"href":"https:\/\/gokbocki.pl\/index.php\/wp-json\/wp\/v2\/tags?post=4995"}],"curies":[{"name":"wp","href":"https:\/\/api.w.org\/{rel}","templated":true}]}}