{"id":5034,"date":"2025-05-26T13:25:16","date_gmt":"2025-05-26T11:25:16","guid":{"rendered":"https:\/\/gokbocki.pl\/?p=5034"},"modified":"2025-05-26T13:25:17","modified_gmt":"2025-05-26T11:25:17","slug":"dzien-dziecka-z-gokiem-zapraszamy-1-czerwca","status":"publish","type":"post","link":"https:\/\/gokbocki.pl\/index.php\/2025\/05\/26\/dzien-dziecka-z-gokiem-zapraszamy-1-czerwca\/","title":{"rendered":"Dzie\u0144 Dziecka z GOKiem \u2013 zapraszamy 1 czerwca!"},"content":{"rendered":"\n<h3><\/h3>\n\n\n\n<p>Gminny O\u015brodek Kultury w Bo\u0107kach serdecznie zaprasza wszystkie dzieci oraz ich rodziny na wyj\u0105tkowe \u015bwi\u0119to \u2013 <strong>Dzie\u0144 Dziecka z Gminnym O\u015brodkiem Kultury w Bo\u0107kach<\/strong>, kt\u00f3re odb\u0119dzie si\u0119 w <strong>niedziel\u0119 1 czerwca w godzinach 13:00\u201316:00<\/strong> na placu przed Gminnym O\u015brodkiem Kultury w Bo\u0107kach.<\/p>\n\n\n\n<p>W tym roku przygotowali\u015bmy dla Was wiele atrakcji, kt\u00f3re sprawi\u0105, \u017ce ten dzie\u0144 b\u0119dzie pe\u0142en u\u015bmiechu, zabawy i kolor\u00f3w! W programie m.in.:<\/p>\n\n\n\n<ul>\n<li>&#x1f388; Dmuchana zje\u017cd\u017calnia<\/li>\n\n\n\n<li>&#x1f4f8; Fotobudka<\/li>\n\n\n\n<li>&#x1f308; Festiwal kolorowych proszk\u00f3w Holi<\/li>\n\n\n\n<li>&#x1f525; Grill<\/li>\n\n\n\n<li>&#x1f9f8; Parada du\u017cych maskotek<\/li>\n\n\n\n<li>&#x1f3b2; Gry i zabawy, konkursy oraz wata cukrowa<\/li>\n\n\n\n<li><img decoding=\"async\" src=\"https:\/\/static.xx.fbcdn.net\/images\/emoji.php\/v9\/t67\/1\/16\/1f692.png\" alt=\"&#x1f692;\" style=\"width: 24px;\">   Piana Party<\/li>\n<\/ul>\n\n\n\n<p><strong>Zach\u0119camy, aby dzieci przysz\u0142y w jasnych koszulkach<\/strong> \u2013 b\u0119d\u0105 kolorowe niespodzianki! &#x1f31f;<\/p>\n\n\n\n<p>Do zobaczenia na wsp\u00f3lnym \u015bwi\u0119towaniu!<\/p>\n\n\n\n<figure class=\"wp-block-image size-large\"><img decoding=\"async\" loading=\"lazy\" width=\"724\" height=\"1024\" src=\"https:\/\/gokbocki.pl\/wp-content\/uploads\/2025\/05\/Dzien-Dziecka-plakat-724x1024.png\" alt=\"\" class=\"wp-image-5035\" srcset=\"https:\/\/gokbocki.pl\/wp-content\/uploads\/2025\/05\/Dzien-Dziecka-plakat-724x1024.png 724w, https:\/\/gokbocki.pl\/wp-content\/uploads\/2025\/05\/Dzien-Dziecka-plakat-212x300.png 212w, https:\/\/gokbocki.pl\/wp-content\/uploads\/2025\/05\/Dzien-Dziecka-plakat-768x1086.png 768w, https:\/\/gokbocki.pl\/wp-content\/uploads\/2025\/05\/Dzien-Dziecka-plakat-1086x1536.png 1086w, https:\/\/gokbocki.pl\/wp-content\/uploads\/2025\/05\/Dzien-Dziecka-plakat-820x1160.png 820w, https:\/\/gokbocki.pl\/wp-content\/uploads\/2025\/05\/Dzien-Dziecka-plakat.png 1414w\" sizes=\"(max-width: 724px) 100vw, 724px\" \/><\/figure>\n","protected":false},"excerpt":{"rendered":"<p>Gminny O\u015brodek Kultury w Bo\u0107kach serdecznie zaprasza wszystkie dzieci oraz ich rodziny na wyj\u0105tkowe \u015bwi\u0119to \u2013 Dzie\u0144 Dziecka z Gminnym O\u015brodkiem Kultury w Bo\u0107kach, kt\u00f3re odb\u0119dzie si\u0119 w niedziel\u0119 1 czerwca w godzinach 13:00\u201316:00 na placu przed Gminnym O\u015brodkiem Kultury w Bo\u0107kach. W tym roku przygotowali\u015bmy dla Was wiele atrakcji, kt\u00f3re sprawi\u0105, \u017ce ten dzie\u0144 [&hellip;]<\/p>\n","protected":false},"author":1,"featured_media":5035,"comment_status":"open","ping_status":"open","sticky":true,"template":"","format":"standard","meta":[],"categories":[24],"tags":[246,132,288,290,289,72],"yoast_head":"<!-- This site is optimized with the Yoast SEO plugin v20.2.1 - https:\/\/yoast.com\/wordpress\/plugins\/seo\/ -->\n<title>Dzie\u0144 Dziecka z GOKiem \u2013 zapraszamy 1 czerwca! - Gminny O\u015brodek Kultury w Bo\u0107kach<\/title>\n<meta name=\"robots\" content=\"index, follow, max-snippet:-1, max-image-preview:large, max-video-preview:-1\" \/>\n<link rel=\"canonical\" href=\"https:\/\/gokbocki.pl\/index.php\/2025\/05\/26\/dzien-dziecka-z-gokiem-zapraszamy-1-czerwca\/\" \/>\n<meta property=\"og:locale\" content=\"pl_PL\" \/>\n<meta property=\"og:type\" content=\"article\" \/>\n<meta property=\"og:title\" content=\"Dzie\u0144 Dziecka z GOKiem \u2013 zapraszamy 1 czerwca! - Gminny O\u015brodek Kultury w Bo\u0107kach\" \/>\n<meta property=\"og:description\" content=\"Gminny O\u015brodek Kultury w Bo\u0107kach serdecznie zaprasza wszystkie dzieci oraz ich rodziny na wyj\u0105tkowe \u015bwi\u0119to \u2013 Dzie\u0144 Dziecka z Gminnym O\u015brodkiem Kultury w Bo\u0107kach, kt\u00f3re odb\u0119dzie si\u0119 w niedziel\u0119 1 czerwca w godzinach 13:00\u201316:00 na placu przed Gminnym O\u015brodkiem Kultury w Bo\u0107kach. W tym roku przygotowali\u015bmy dla Was wiele atrakcji, kt\u00f3re sprawi\u0105, \u017ce ten dzie\u0144 [&hellip;]\" \/>\n<meta property=\"og:url\" content=\"https:\/\/gokbocki.pl\/index.php\/2025\/05\/26\/dzien-dziecka-z-gokiem-zapraszamy-1-czerwca\/\" \/>\n<meta property=\"og:site_name\" content=\"Gminny O\u015brodek Kultury w Bo\u0107kach\" \/>\n<meta property=\"article:published_time\" content=\"2025-05-26T11:25:16+00:00\" \/>\n<meta property=\"article:modified_time\" content=\"2025-05-26T11:25:17+00:00\" \/>\n<meta property=\"og:image\" content=\"https:\/\/gokbocki.pl\/wp-content\/uploads\/2025\/05\/Dzien-Dziecka-plakat.png\" \/>\n\t<meta property=\"og:image:width\" content=\"1414\" \/>\n\t<meta property=\"og:image:height\" content=\"2000\" \/>\n\t<meta property=\"og:image:type\" content=\"image\/png\" \/>\n<meta name=\"author\" content=\"admin\" \/>\n<meta name=\"twitter:card\" content=\"summary_large_image\" \/>\n<meta name=\"twitter:label1\" content=\"Napisane przez\" \/>\n\t<meta name=\"twitter:data1\" content=\"admin\" \/>\n\t<meta name=\"twitter:label2\" content=\"Szacowany czas czytania\" \/>\n\t<meta name=\"twitter:data2\" content=\"2 minuty\" \/>\n<script type=\"application\/ld+json\" class=\"yoast-schema-graph\">{\"@context\":\"https:\/\/schema.org\",\"@graph\":[{\"@type\":\"WebPage\",\"@id\":\"https:\/\/gokbocki.pl\/index.php\/2025\/05\/26\/dzien-dziecka-z-gokiem-zapraszamy-1-czerwca\/\",\"url\":\"https:\/\/gokbocki.pl\/index.php\/2025\/05\/26\/dzien-dziecka-z-gokiem-zapraszamy-1-czerwca\/\",\"name\":\"Dzie\u0144 Dziecka z GOKiem \u2013 zapraszamy 1 czerwca! - Gminny O\u015brodek Kultury w Bo\u0107kach\",\"isPartOf\":{\"@id\":\"https:\/\/gokbocki.pl\/#website\"},\"datePublished\":\"2025-05-26T11:25:16+00:00\",\"dateModified\":\"2025-05-26T11:25:17+00:00\",\"author\":{\"@id\":\"https:\/\/gokbocki.pl\/#\/schema\/person\/32a0381e1f259128348b84ce4d001412\"},\"breadcrumb\":{\"@id\":\"https:\/\/gokbocki.pl\/index.php\/2025\/05\/26\/dzien-dziecka-z-gokiem-zapraszamy-1-czerwca\/#breadcrumb\"},\"inLanguage\":\"pl-PL\",\"potentialAction\":[{\"@type\":\"ReadAction\",\"target\":[\"https:\/\/gokbocki.pl\/index.php\/2025\/05\/26\/dzien-dziecka-z-gokiem-zapraszamy-1-czerwca\/\"]}]},{\"@type\":\"BreadcrumbList\",\"@id\":\"https:\/\/gokbocki.pl\/index.php\/2025\/05\/26\/dzien-dziecka-z-gokiem-zapraszamy-1-czerwca\/#breadcrumb\",\"itemListElement\":[{\"@type\":\"ListItem\",\"position\":1,\"name\":\"Strona g\u0142\u00f3wna\",\"item\":\"https:\/\/gokbocki.pl\/\"},{\"@type\":\"ListItem\",\"position\":2,\"name\":\"Dzie\u0144 Dziecka z GOKiem \u2013 zapraszamy 1 czerwca!\"}]},{\"@type\":\"WebSite\",\"@id\":\"https:\/\/gokbocki.pl\/#website\",\"url\":\"https:\/\/gokbocki.pl\/\",\"name\":\"Gminny O\u015brodek Kultury w Bo\u0107kach\",\"description\":\"GOK BO\u0106KI\",\"potentialAction\":[{\"@type\":\"SearchAction\",\"target\":{\"@type\":\"EntryPoint\",\"urlTemplate\":\"https:\/\/gokbocki.pl\/?s={search_term_string}\"},\"query-input\":\"required name=search_term_string\"}],\"inLanguage\":\"pl-PL\"},{\"@type\":\"Person\",\"@id\":\"https:\/\/gokbocki.pl\/#\/schema\/person\/32a0381e1f259128348b84ce4d001412\",\"name\":\"admin\",\"image\":{\"@type\":\"ImageObject\",\"inLanguage\":\"pl-PL\",\"@id\":\"https:\/\/gokbocki.pl\/#\/schema\/person\/image\/\",\"url\":\"https:\/\/secure.gravatar.com\/avatar\/ee27fe75b11e058e31443c0a5a21fc25?s=96&d=mm&r=g\",\"contentUrl\":\"https:\/\/secure.gravatar.com\/avatar\/ee27fe75b11e058e31443c0a5a21fc25?s=96&d=mm&r=g\",\"caption\":\"admin\"},\"url\":\"https:\/\/gokbocki.pl\/index.php\/author\/admin\/\"}]}<\/script>\n<!-- \/ Yoast SEO plugin. -->","yoast_head_json":{"title":"Dzie\u0144 Dziecka z GOKiem \u2013 zapraszamy 1 czerwca! - Gminny O\u015brodek Kultury w Bo\u0107kach","robots":{"index":"index","follow":"follow","max-snippet":"max-snippet:-1","max-image-preview":"max-image-preview:large","max-video-preview":"max-video-preview:-1"},"canonical":"https:\/\/gokbocki.pl\/index.php\/2025\/05\/26\/dzien-dziecka-z-gokiem-zapraszamy-1-czerwca\/","og_locale":"pl_PL","og_type":"article","og_title":"Dzie\u0144 Dziecka z GOKiem \u2013 zapraszamy 1 czerwca! - Gminny O\u015brodek Kultury w Bo\u0107kach","og_description":"Gminny O\u015brodek Kultury w Bo\u0107kach serdecznie zaprasza wszystkie dzieci oraz ich rodziny na wyj\u0105tkowe \u015bwi\u0119to \u2013 Dzie\u0144 Dziecka z Gminnym O\u015brodkiem Kultury w Bo\u0107kach, kt\u00f3re odb\u0119dzie si\u0119 w niedziel\u0119 1 czerwca w godzinach 13:00\u201316:00 na placu przed Gminnym O\u015brodkiem Kultury w Bo\u0107kach. W tym roku przygotowali\u015bmy dla Was wiele atrakcji, kt\u00f3re sprawi\u0105, \u017ce ten dzie\u0144 [&hellip;]","og_url":"https:\/\/gokbocki.pl\/index.php\/2025\/05\/26\/dzien-dziecka-z-gokiem-zapraszamy-1-czerwca\/","og_site_name":"Gminny O\u015brodek Kultury w Bo\u0107kach","article_published_time":"2025-05-26T11:25:16+00:00","article_modified_time":"2025-05-26T11:25:17+00:00","og_image":[{"width":1414,"height":2000,"url":"https:\/\/gokbocki.pl\/wp-content\/uploads\/2025\/05\/Dzien-Dziecka-plakat.png","type":"image\/png"}],"author":"admin","twitter_card":"summary_large_image","twitter_misc":{"Napisane przez":"admin","Szacowany czas czytania":"2 minuty"},"schema":{"@context":"https:\/\/schema.org","@graph":[{"@type":"WebPage","@id":"https:\/\/gokbocki.pl\/index.php\/2025\/05\/26\/dzien-dziecka-z-gokiem-zapraszamy-1-czerwca\/","url":"https:\/\/gokbocki.pl\/index.php\/2025\/05\/26\/dzien-dziecka-z-gokiem-zapraszamy-1-czerwca\/","name":"Dzie\u0144 Dziecka z GOKiem \u2013 zapraszamy 1 czerwca! - Gminny O\u015brodek Kultury w Bo\u0107kach","isPartOf":{"@id":"https:\/\/gokbocki.pl\/#website"},"datePublished":"2025-05-26T11:25:16+00:00","dateModified":"2025-05-26T11:25:17+00:00","author":{"@id":"https:\/\/gokbocki.pl\/#\/schema\/person\/32a0381e1f259128348b84ce4d001412"},"breadcrumb":{"@id":"https:\/\/gokbocki.pl\/index.php\/2025\/05\/26\/dzien-dziecka-z-gokiem-zapraszamy-1-czerwca\/#breadcrumb"},"inLanguage":"pl-PL","potentialAction":[{"@type":"ReadAction","target":["https:\/\/gokbocki.pl\/index.php\/2025\/05\/26\/dzien-dziecka-z-gokiem-zapraszamy-1-czerwca\/"]}]},{"@type":"BreadcrumbList","@id":"https:\/\/gokbocki.pl\/index.php\/2025\/05\/26\/dzien-dziecka-z-gokiem-zapraszamy-1-czerwca\/#breadcrumb","itemListElement":[{"@type":"ListItem","position":1,"name":"Strona g\u0142\u00f3wna","item":"https:\/\/gokbocki.pl\/"},{"@type":"ListItem","position":2,"name":"Dzie\u0144 Dziecka z GOKiem \u2013 zapraszamy 1 czerwca!"}]},{"@type":"WebSite","@id":"https:\/\/gokbocki.pl\/#website","url":"https:\/\/gokbocki.pl\/","name":"Gminny O\u015brodek Kultury w Bo\u0107kach","description":"GOK BO\u0106KI","potentialAction":[{"@type":"SearchAction","target":{"@type":"EntryPoint","urlTemplate":"https:\/\/gokbocki.pl\/?s={search_term_string}"},"query-input":"required name=search_term_string"}],"inLanguage":"pl-PL"},{"@type":"Person","@id":"https:\/\/gokbocki.pl\/#\/schema\/person\/32a0381e1f259128348b84ce4d001412","name":"admin","image":{"@type":"ImageObject","inLanguage":"pl-PL","@id":"https:\/\/gokbocki.pl\/#\/schema\/person\/image\/","url":"https:\/\/secure.gravatar.com\/avatar\/ee27fe75b11e058e31443c0a5a21fc25?s=96&d=mm&r=g","contentUrl":"https:\/\/secure.gravatar.com\/avatar\/ee27fe75b11e058e31443c0a5a21fc25?s=96&d=mm&r=g","caption":"admin"},"url":"https:\/\/gokbocki.pl\/index.php\/author\/admin\/"}]}},"_links":{"self":[{"href":"https:\/\/gokbocki.pl\/index.php\/wp-json\/wp\/v2\/posts\/5034"}],"collection":[{"href":"https:\/\/gokbocki.pl\/index.php\/wp-json\/wp\/v2\/posts"}],"about":[{"href":"https:\/\/gokbocki.pl\/index.php\/wp-json\/wp\/v2\/types\/post"}],"author":[{"embeddable":true,"href":"https:\/\/gokbocki.pl\/index.php\/wp-json\/wp\/v2\/users\/1"}],"replies":[{"embeddable":true,"href":"https:\/\/gokbocki.pl\/index.php\/wp-json\/wp\/v2\/comments?post=5034"}],"version-history":[{"count":1,"href":"https:\/\/gokbocki.pl\/index.php\/wp-json\/wp\/v2\/posts\/5034\/revisions"}],"predecessor-version":[{"id":5036,"href":"https:\/\/gokbocki.pl\/index.php\/wp-json\/wp\/v2\/posts\/5034\/revisions\/5036"}],"wp:featuredmedia":[{"embeddable":true,"href":"https:\/\/gokbocki.pl\/index.php\/wp-json\/wp\/v2\/media\/5035"}],"wp:attachment":[{"href":"https:\/\/gokbocki.pl\/index.php\/wp-json\/wp\/v2\/media?parent=5034"}],"wp:term":[{"taxonomy":"category","embeddable":true,"href":"https:\/\/gokbocki.pl\/index.php\/wp-json\/wp\/v2\/categories?post=5034"},{"taxonomy":"post_tag","embeddable":true,"href":"https:\/\/gokbocki.pl\/index.php\/wp-json\/wp\/v2\/tags?post=5034"}],"curies":[{"name":"wp","href":"https:\/\/api.w.org\/{rel}","templated":true}]}}