{"id":5093,"date":"2025-06-24T14:23:02","date_gmt":"2025-06-24T12:23:02","guid":{"rendered":"https:\/\/gokbocki.pl\/?p=5093"},"modified":"2025-06-24T14:23:03","modified_gmt":"2025-06-24T12:23:03","slug":"wakacje-z-gminnym-osrodkiem-kultury-w-bockach-2","status":"publish","type":"post","link":"https:\/\/gokbocki.pl\/index.php\/2025\/06\/24\/wakacje-z-gminnym-osrodkiem-kultury-w-bockach-2\/","title":{"rendered":"Wakacje z Gminnym O\u015brodkiem Kultury w Bo\u0107kach"},"content":{"rendered":"\n<p>Zapraszamy dzieci na tygodniowe wakacyjne spotkania pe\u0142ne tw\u00f3rczej zabawy, rozwijaj\u0105cych warsztat\u00f3w i niezapomnianych przyg\u00f3d!<\/p>\n\n\n\n<p><strong>Terminy:<\/strong><\/p>\n\n\n\n<ul>\n<li><strong>I turnus:<\/strong> 14\u201318 lipca 2025<\/li>\n\n\n\n<li><strong>II turnus:<\/strong> 18\u201322 sierpnia 2025<\/li>\n\n\n\n<li><strong>Godziny:<\/strong> 9:00\u201314:30<\/li>\n<\/ul>\n\n\n\n<p><strong>W programie:<\/strong><\/p>\n\n\n\n<ul>\n<li>warsztaty kulinarne, plastyczne i krawieckie<\/li>\n\n\n\n<li>zabawy sportowo-rekreacyjne i gry planszowe<\/li>\n\n\n\n<li>spotkania z policj\u0105, stra\u017c\u0105 po\u017carn\u0105, nadle\u015bnictwem i stra\u017c\u0105 graniczn\u0105<\/li>\n\n\n\n<li>gry, konkursy i ognisko<\/li>\n\n\n\n<li>wycieczka do Bielska Podlaskiego<\/li>\n<\/ul>\n\n\n\n<p><strong>Koszt udzia\u0142u:<\/strong> 300 z\u0142\/osoba\/tydzie\u0144 (w cenie posi\u0142ki)<\/p>\n\n\n\n<p><strong>Zapisy i informacje:<\/strong><br>&#x1f4de; tel. 85 731 30 431<br>&#x1f4cd; osobi\u015bcie w Gminnym O\u015brodku Kultury w Bo\u0107kach<\/p>\n\n\n\n<p><strong>Liczba miejsc ograniczona!<\/strong><br>Zach\u0119camy do szybkiej rezerwacji \u2013 czekaj\u0105 fantastyczne atrakcje i wakacyjne emocje!<\/p>\n\n\n\n<figure class=\"wp-block-image size-large\"><img decoding=\"async\" loading=\"lazy\" width=\"724\" height=\"1024\" src=\"https:\/\/gokbocki.pl\/wp-content\/uploads\/2025\/06\/wAKACJE-2025-1-724x1024.png\" alt=\"\" class=\"wp-image-5095\" srcset=\"https:\/\/gokbocki.pl\/wp-content\/uploads\/2025\/06\/wAKACJE-2025-1-724x1024.png 724w, https:\/\/gokbocki.pl\/wp-content\/uploads\/2025\/06\/wAKACJE-2025-1-212x300.png 212w, https:\/\/gokbocki.pl\/wp-content\/uploads\/2025\/06\/wAKACJE-2025-1-768x1086.png 768w, https:\/\/gokbocki.pl\/wp-content\/uploads\/2025\/06\/wAKACJE-2025-1-1086x1536.png 1086w, https:\/\/gokbocki.pl\/wp-content\/uploads\/2025\/06\/wAKACJE-2025-1-1448x2048.png 1448w, https:\/\/gokbocki.pl\/wp-content\/uploads\/2025\/06\/wAKACJE-2025-1-820x1160.png 820w, https:\/\/gokbocki.pl\/wp-content\/uploads\/2025\/06\/wAKACJE-2025-1.png 1587w\" sizes=\"(max-width: 724px) 100vw, 724px\" \/><\/figure>\n","protected":false},"excerpt":{"rendered":"<p>Zapraszamy dzieci na tygodniowe wakacyjne spotkania pe\u0142ne tw\u00f3rczej zabawy, rozwijaj\u0105cych warsztat\u00f3w i niezapomnianych przyg\u00f3d! Terminy: W programie: Koszt udzia\u0142u: 300 z\u0142\/osoba\/tydzie\u0144 (w cenie posi\u0142ki) Zapisy i informacje:&#x1f4de; tel. 85 731 30 431&#x1f4cd; osobi\u015bcie w Gminnym O\u015brodku Kultury w Bo\u0107kach Liczba miejsc ograniczona!Zach\u0119camy do szybkiej rezerwacji \u2013 czekaj\u0105 fantastyczne atrakcje i wakacyjne emocje!<\/p>\n","protected":false},"author":1,"featured_media":5094,"comment_status":"open","ping_status":"open","sticky":true,"template":"","format":"standard","meta":[],"categories":[24],"tags":[286,185,315,317,318,316,119,314,72,319],"yoast_head":"<!-- This site is optimized with the Yoast SEO plugin v20.2.1 - https:\/\/yoast.com\/wordpress\/plugins\/seo\/ -->\n<title>Wakacje z Gminnym O\u015brodkiem Kultury w Bo\u0107kach - Gminny O\u015brodek Kultury w Bo\u0107kach<\/title>\n<meta name=\"robots\" content=\"index, follow, max-snippet:-1, max-image-preview:large, max-video-preview:-1\" \/>\n<link rel=\"canonical\" href=\"https:\/\/gokbocki.pl\/index.php\/2025\/06\/24\/wakacje-z-gminnym-osrodkiem-kultury-w-bockach-2\/\" \/>\n<meta property=\"og:locale\" content=\"pl_PL\" \/>\n<meta property=\"og:type\" content=\"article\" \/>\n<meta property=\"og:title\" content=\"Wakacje z Gminnym O\u015brodkiem Kultury w Bo\u0107kach - Gminny O\u015brodek Kultury w Bo\u0107kach\" \/>\n<meta property=\"og:description\" content=\"Zapraszamy dzieci na tygodniowe wakacyjne spotkania pe\u0142ne tw\u00f3rczej zabawy, rozwijaj\u0105cych warsztat\u00f3w i niezapomnianych przyg\u00f3d! Terminy: W programie: Koszt udzia\u0142u: 300 z\u0142\/osoba\/tydzie\u0144 (w cenie posi\u0142ki) Zapisy i informacje:&#x1f4de; tel. 85 731 30 431&#x1f4cd; osobi\u015bcie w Gminnym O\u015brodku Kultury w Bo\u0107kach Liczba miejsc ograniczona!Zach\u0119camy do szybkiej rezerwacji \u2013 czekaj\u0105 fantastyczne atrakcje i wakacyjne emocje!\" \/>\n<meta property=\"og:url\" content=\"https:\/\/gokbocki.pl\/index.php\/2025\/06\/24\/wakacje-z-gminnym-osrodkiem-kultury-w-bockach-2\/\" \/>\n<meta property=\"og:site_name\" content=\"Gminny O\u015brodek Kultury w Bo\u0107kach\" \/>\n<meta property=\"article:published_time\" content=\"2025-06-24T12:23:02+00:00\" \/>\n<meta property=\"article:modified_time\" content=\"2025-06-24T12:23:03+00:00\" \/>\n<meta property=\"og:image\" content=\"https:\/\/gokbocki.pl\/wp-content\/uploads\/2025\/06\/wAKACJE-2025.png\" \/>\n\t<meta property=\"og:image:width\" content=\"1587\" \/>\n\t<meta property=\"og:image:height\" content=\"2245\" \/>\n\t<meta property=\"og:image:type\" content=\"image\/png\" \/>\n<meta name=\"author\" content=\"admin\" \/>\n<meta name=\"twitter:card\" content=\"summary_large_image\" \/>\n<meta name=\"twitter:label1\" content=\"Napisane przez\" \/>\n\t<meta name=\"twitter:data1\" content=\"admin\" \/>\n\t<meta name=\"twitter:label2\" content=\"Szacowany czas czytania\" \/>\n\t<meta name=\"twitter:data2\" content=\"1 minuta\" \/>\n<script type=\"application\/ld+json\" class=\"yoast-schema-graph\">{\"@context\":\"https:\/\/schema.org\",\"@graph\":[{\"@type\":\"WebPage\",\"@id\":\"https:\/\/gokbocki.pl\/index.php\/2025\/06\/24\/wakacje-z-gminnym-osrodkiem-kultury-w-bockach-2\/\",\"url\":\"https:\/\/gokbocki.pl\/index.php\/2025\/06\/24\/wakacje-z-gminnym-osrodkiem-kultury-w-bockach-2\/\",\"name\":\"Wakacje z Gminnym O\u015brodkiem Kultury w Bo\u0107kach - Gminny O\u015brodek Kultury w Bo\u0107kach\",\"isPartOf\":{\"@id\":\"https:\/\/gokbocki.pl\/#website\"},\"datePublished\":\"2025-06-24T12:23:02+00:00\",\"dateModified\":\"2025-06-24T12:23:03+00:00\",\"author\":{\"@id\":\"https:\/\/gokbocki.pl\/#\/schema\/person\/32a0381e1f259128348b84ce4d001412\"},\"breadcrumb\":{\"@id\":\"https:\/\/gokbocki.pl\/index.php\/2025\/06\/24\/wakacje-z-gminnym-osrodkiem-kultury-w-bockach-2\/#breadcrumb\"},\"inLanguage\":\"pl-PL\",\"potentialAction\":[{\"@type\":\"ReadAction\",\"target\":[\"https:\/\/gokbocki.pl\/index.php\/2025\/06\/24\/wakacje-z-gminnym-osrodkiem-kultury-w-bockach-2\/\"]}]},{\"@type\":\"BreadcrumbList\",\"@id\":\"https:\/\/gokbocki.pl\/index.php\/2025\/06\/24\/wakacje-z-gminnym-osrodkiem-kultury-w-bockach-2\/#breadcrumb\",\"itemListElement\":[{\"@type\":\"ListItem\",\"position\":1,\"name\":\"Strona g\u0142\u00f3wna\",\"item\":\"https:\/\/gokbocki.pl\/\"},{\"@type\":\"ListItem\",\"position\":2,\"name\":\"Wakacje z Gminnym O\u015brodkiem Kultury w Bo\u0107kach\"}]},{\"@type\":\"WebSite\",\"@id\":\"https:\/\/gokbocki.pl\/#website\",\"url\":\"https:\/\/gokbocki.pl\/\",\"name\":\"Gminny O\u015brodek Kultury w Bo\u0107kach\",\"description\":\"GOK BO\u0106KI\",\"potentialAction\":[{\"@type\":\"SearchAction\",\"target\":{\"@type\":\"EntryPoint\",\"urlTemplate\":\"https:\/\/gokbocki.pl\/?s={search_term_string}\"},\"query-input\":\"required name=search_term_string\"}],\"inLanguage\":\"pl-PL\"},{\"@type\":\"Person\",\"@id\":\"https:\/\/gokbocki.pl\/#\/schema\/person\/32a0381e1f259128348b84ce4d001412\",\"name\":\"admin\",\"image\":{\"@type\":\"ImageObject\",\"inLanguage\":\"pl-PL\",\"@id\":\"https:\/\/gokbocki.pl\/#\/schema\/person\/image\/\",\"url\":\"https:\/\/secure.gravatar.com\/avatar\/ee27fe75b11e058e31443c0a5a21fc25?s=96&d=mm&r=g\",\"contentUrl\":\"https:\/\/secure.gravatar.com\/avatar\/ee27fe75b11e058e31443c0a5a21fc25?s=96&d=mm&r=g\",\"caption\":\"admin\"},\"url\":\"https:\/\/gokbocki.pl\/index.php\/author\/admin\/\"}]}<\/script>\n<!-- \/ Yoast SEO plugin. -->","yoast_head_json":{"title":"Wakacje z Gminnym O\u015brodkiem Kultury w Bo\u0107kach - Gminny O\u015brodek Kultury w Bo\u0107kach","robots":{"index":"index","follow":"follow","max-snippet":"max-snippet:-1","max-image-preview":"max-image-preview:large","max-video-preview":"max-video-preview:-1"},"canonical":"https:\/\/gokbocki.pl\/index.php\/2025\/06\/24\/wakacje-z-gminnym-osrodkiem-kultury-w-bockach-2\/","og_locale":"pl_PL","og_type":"article","og_title":"Wakacje z Gminnym O\u015brodkiem Kultury w Bo\u0107kach - Gminny O\u015brodek Kultury w Bo\u0107kach","og_description":"Zapraszamy dzieci na tygodniowe wakacyjne spotkania pe\u0142ne tw\u00f3rczej zabawy, rozwijaj\u0105cych warsztat\u00f3w i niezapomnianych przyg\u00f3d! Terminy: W programie: Koszt udzia\u0142u: 300 z\u0142\/osoba\/tydzie\u0144 (w cenie posi\u0142ki) Zapisy i informacje:&#x1f4de; tel. 85 731 30 431&#x1f4cd; osobi\u015bcie w Gminnym O\u015brodku Kultury w Bo\u0107kach Liczba miejsc ograniczona!Zach\u0119camy do szybkiej rezerwacji \u2013 czekaj\u0105 fantastyczne atrakcje i wakacyjne emocje!","og_url":"https:\/\/gokbocki.pl\/index.php\/2025\/06\/24\/wakacje-z-gminnym-osrodkiem-kultury-w-bockach-2\/","og_site_name":"Gminny O\u015brodek Kultury w Bo\u0107kach","article_published_time":"2025-06-24T12:23:02+00:00","article_modified_time":"2025-06-24T12:23:03+00:00","og_image":[{"width":1587,"height":2245,"url":"https:\/\/gokbocki.pl\/wp-content\/uploads\/2025\/06\/wAKACJE-2025.png","type":"image\/png"}],"author":"admin","twitter_card":"summary_large_image","twitter_misc":{"Napisane przez":"admin","Szacowany czas czytania":"1 minuta"},"schema":{"@context":"https:\/\/schema.org","@graph":[{"@type":"WebPage","@id":"https:\/\/gokbocki.pl\/index.php\/2025\/06\/24\/wakacje-z-gminnym-osrodkiem-kultury-w-bockach-2\/","url":"https:\/\/gokbocki.pl\/index.php\/2025\/06\/24\/wakacje-z-gminnym-osrodkiem-kultury-w-bockach-2\/","name":"Wakacje z Gminnym O\u015brodkiem Kultury w Bo\u0107kach - Gminny O\u015brodek Kultury w Bo\u0107kach","isPartOf":{"@id":"https:\/\/gokbocki.pl\/#website"},"datePublished":"2025-06-24T12:23:02+00:00","dateModified":"2025-06-24T12:23:03+00:00","author":{"@id":"https:\/\/gokbocki.pl\/#\/schema\/person\/32a0381e1f259128348b84ce4d001412"},"breadcrumb":{"@id":"https:\/\/gokbocki.pl\/index.php\/2025\/06\/24\/wakacje-z-gminnym-osrodkiem-kultury-w-bockach-2\/#breadcrumb"},"inLanguage":"pl-PL","potentialAction":[{"@type":"ReadAction","target":["https:\/\/gokbocki.pl\/index.php\/2025\/06\/24\/wakacje-z-gminnym-osrodkiem-kultury-w-bockach-2\/"]}]},{"@type":"BreadcrumbList","@id":"https:\/\/gokbocki.pl\/index.php\/2025\/06\/24\/wakacje-z-gminnym-osrodkiem-kultury-w-bockach-2\/#breadcrumb","itemListElement":[{"@type":"ListItem","position":1,"name":"Strona g\u0142\u00f3wna","item":"https:\/\/gokbocki.pl\/"},{"@type":"ListItem","position":2,"name":"Wakacje z Gminnym O\u015brodkiem Kultury w Bo\u0107kach"}]},{"@type":"WebSite","@id":"https:\/\/gokbocki.pl\/#website","url":"https:\/\/gokbocki.pl\/","name":"Gminny O\u015brodek Kultury w Bo\u0107kach","description":"GOK BO\u0106KI","potentialAction":[{"@type":"SearchAction","target":{"@type":"EntryPoint","urlTemplate":"https:\/\/gokbocki.pl\/?s={search_term_string}"},"query-input":"required name=search_term_string"}],"inLanguage":"pl-PL"},{"@type":"Person","@id":"https:\/\/gokbocki.pl\/#\/schema\/person\/32a0381e1f259128348b84ce4d001412","name":"admin","image":{"@type":"ImageObject","inLanguage":"pl-PL","@id":"https:\/\/gokbocki.pl\/#\/schema\/person\/image\/","url":"https:\/\/secure.gravatar.com\/avatar\/ee27fe75b11e058e31443c0a5a21fc25?s=96&d=mm&r=g","contentUrl":"https:\/\/secure.gravatar.com\/avatar\/ee27fe75b11e058e31443c0a5a21fc25?s=96&d=mm&r=g","caption":"admin"},"url":"https:\/\/gokbocki.pl\/index.php\/author\/admin\/"}]}},"_links":{"self":[{"href":"https:\/\/gokbocki.pl\/index.php\/wp-json\/wp\/v2\/posts\/5093"}],"collection":[{"href":"https:\/\/gokbocki.pl\/index.php\/wp-json\/wp\/v2\/posts"}],"about":[{"href":"https:\/\/gokbocki.pl\/index.php\/wp-json\/wp\/v2\/types\/post"}],"author":[{"embeddable":true,"href":"https:\/\/gokbocki.pl\/index.php\/wp-json\/wp\/v2\/users\/1"}],"replies":[{"embeddable":true,"href":"https:\/\/gokbocki.pl\/index.php\/wp-json\/wp\/v2\/comments?post=5093"}],"version-history":[{"count":1,"href":"https:\/\/gokbocki.pl\/index.php\/wp-json\/wp\/v2\/posts\/5093\/revisions"}],"predecessor-version":[{"id":5096,"href":"https:\/\/gokbocki.pl\/index.php\/wp-json\/wp\/v2\/posts\/5093\/revisions\/5096"}],"wp:featuredmedia":[{"embeddable":true,"href":"https:\/\/gokbocki.pl\/index.php\/wp-json\/wp\/v2\/media\/5094"}],"wp:attachment":[{"href":"https:\/\/gokbocki.pl\/index.php\/wp-json\/wp\/v2\/media?parent=5093"}],"wp:term":[{"taxonomy":"category","embeddable":true,"href":"https:\/\/gokbocki.pl\/index.php\/wp-json\/wp\/v2\/categories?post=5093"},{"taxonomy":"post_tag","embeddable":true,"href":"https:\/\/gokbocki.pl\/index.php\/wp-json\/wp\/v2\/tags?post=5093"}],"curies":[{"name":"wp","href":"https:\/\/api.w.org\/{rel}","templated":true}]}}