{"id":5300,"date":"2025-11-18T10:34:43","date_gmt":"2025-11-18T09:34:43","guid":{"rendered":"https:\/\/gokbocki.pl\/?p=5300"},"modified":"2025-11-18T10:34:44","modified_gmt":"2025-11-18T09:34:44","slug":"koncert-w-w-klimacie-patriotycznym-dla-przedszkolakow","status":"publish","type":"post","link":"https:\/\/gokbocki.pl\/index.php\/2025\/11\/18\/koncert-w-w-klimacie-patriotycznym-dla-przedszkolakow\/","title":{"rendered":"Koncert w w klimacie patriotycznym dla przedszkolak\u00f3w"},"content":{"rendered":"\n<p>Po raz kolejny mieli\u015bmy przyjemno\u015b\u0107 go\u015bci\u0107 Pani\u0105 Katarzyn\u0119 G\u00f3rsk\u0105, kt\u00f3ra przygotowa\u0142a koncert patriotyczny dla najm\u0142odszych! <\/p>\n\n\n\n<p>Odwiedzi\u0142y nas przedszkolaki ze Szko\u0142y Podstawowej im. Jana Paw\u0142a II w Bo\u0107kach, koncert odby\u0142 si\u0119 r\u00f3wnie\u017c w Szkole Podstawowej w Andryjankach.<\/p>\n\n\n\n<p>Dzieci wys\u0142ucha\u0142y pie\u015bni o Polsce, wolno\u015bci i ojczy\u017anie \u2014 w wersji dostosowanej do ich wieku <img decoding=\"async\" loading=\"lazy\" height=\"16\" width=\"16\" alt=\"&#x1f1f5;&#x1f1f1;\" src=\"https:\/\/static.xx.fbcdn.net\/images\/emoji.php\/v9\/te0\/1\/16\/1f1f5_1f1f1.png\"><img decoding=\"async\" loading=\"lazy\" height=\"16\" width=\"16\" alt=\"&#x2728;\" src=\"https:\/\/static.xx.fbcdn.net\/images\/emoji.php\/v9\/tf4\/1\/16\/2728.png\"><\/p>\n\n\n\n<p>Dzi\u0119kujemy za to spotkanie i mamy nadziej\u0119, \u017ce do zobaczenia na wiosn\u0119!<\/p>\n\n\n\n<figure class=\"is-layout-flex wp-block-gallery-1 wp-block-gallery has-nested-images columns-default is-cropped\">\n<figure class=\"wp-block-image size-large\"><img decoding=\"async\" loading=\"lazy\" width=\"1024\" height=\"683\" data-id=\"5306\"  src=\"https:\/\/gokbocki.pl\/wp-content\/uploads\/2025\/11\/IMG_3298-1024x683.jpg\" alt=\"\" class=\"wp-image-5306\" srcset=\"https:\/\/gokbocki.pl\/wp-content\/uploads\/2025\/11\/IMG_3298-1024x683.jpg 1024w, https:\/\/gokbocki.pl\/wp-content\/uploads\/2025\/11\/IMG_3298-300x200.jpg 300w, https:\/\/gokbocki.pl\/wp-content\/uploads\/2025\/11\/IMG_3298-768x512.jpg 768w, https:\/\/gokbocki.pl\/wp-content\/uploads\/2025\/11\/IMG_3298-1536x1024.jpg 1536w, https:\/\/gokbocki.pl\/wp-content\/uploads\/2025\/11\/IMG_3298-2048x1365.jpg 2048w, https:\/\/gokbocki.pl\/wp-content\/uploads\/2025\/11\/IMG_3298-600x400.jpg 600w, https:\/\/gokbocki.pl\/wp-content\/uploads\/2025\/11\/IMG_3298-820x547.jpg 820w\" sizes=\"(max-width: 1024px) 100vw, 1024px\" \/><\/figure>\n\n\n\n<figure class=\"wp-block-image size-large\"><img decoding=\"async\" loading=\"lazy\" width=\"1024\" height=\"683\" data-id=\"5302\"  src=\"https:\/\/gokbocki.pl\/wp-content\/uploads\/2025\/11\/IMG_3316-1024x683.jpg\" alt=\"\" class=\"wp-image-5302\" srcset=\"https:\/\/gokbocki.pl\/wp-content\/uploads\/2025\/11\/IMG_3316-1024x683.jpg 1024w, https:\/\/gokbocki.pl\/wp-content\/uploads\/2025\/11\/IMG_3316-300x200.jpg 300w, https:\/\/gokbocki.pl\/wp-content\/uploads\/2025\/11\/IMG_3316-768x512.jpg 768w, https:\/\/gokbocki.pl\/wp-content\/uploads\/2025\/11\/IMG_3316-1536x1024.jpg 1536w, https:\/\/gokbocki.pl\/wp-content\/uploads\/2025\/11\/IMG_3316-2048x1365.jpg 2048w, https:\/\/gokbocki.pl\/wp-content\/uploads\/2025\/11\/IMG_3316-600x400.jpg 600w, https:\/\/gokbocki.pl\/wp-content\/uploads\/2025\/11\/IMG_3316-820x547.jpg 820w\" sizes=\"(max-width: 1024px) 100vw, 1024px\" \/><\/figure>\n\n\n\n<figure class=\"wp-block-image size-large\"><img decoding=\"async\" loading=\"lazy\" width=\"1024\" height=\"683\" data-id=\"5304\"  src=\"https:\/\/gokbocki.pl\/wp-content\/uploads\/2025\/11\/IMG_3322-1024x683.jpg\" alt=\"\" class=\"wp-image-5304\" srcset=\"https:\/\/gokbocki.pl\/wp-content\/uploads\/2025\/11\/IMG_3322-1024x683.jpg 1024w, https:\/\/gokbocki.pl\/wp-content\/uploads\/2025\/11\/IMG_3322-300x200.jpg 300w, https:\/\/gokbocki.pl\/wp-content\/uploads\/2025\/11\/IMG_3322-768x512.jpg 768w, https:\/\/gokbocki.pl\/wp-content\/uploads\/2025\/11\/IMG_3322-1536x1024.jpg 1536w, https:\/\/gokbocki.pl\/wp-content\/uploads\/2025\/11\/IMG_3322-2048x1365.jpg 2048w, https:\/\/gokbocki.pl\/wp-content\/uploads\/2025\/11\/IMG_3322-600x400.jpg 600w, https:\/\/gokbocki.pl\/wp-content\/uploads\/2025\/11\/IMG_3322-820x547.jpg 820w\" sizes=\"(max-width: 1024px) 100vw, 1024px\" \/><\/figure>\n\n\n\n<figure class=\"wp-block-image size-large\"><img decoding=\"async\" loading=\"lazy\" width=\"683\" height=\"1024\" data-id=\"5301\"  src=\"https:\/\/gokbocki.pl\/wp-content\/uploads\/2025\/11\/IMG_3336-683x1024.jpg\" alt=\"\" class=\"wp-image-5301\" srcset=\"https:\/\/gokbocki.pl\/wp-content\/uploads\/2025\/11\/IMG_3336-683x1024.jpg 683w, https:\/\/gokbocki.pl\/wp-content\/uploads\/2025\/11\/IMG_3336-200x300.jpg 200w, https:\/\/gokbocki.pl\/wp-content\/uploads\/2025\/11\/IMG_3336-768x1152.jpg 768w, https:\/\/gokbocki.pl\/wp-content\/uploads\/2025\/11\/IMG_3336-1024x1536.jpg 1024w, https:\/\/gokbocki.pl\/wp-content\/uploads\/2025\/11\/IMG_3336-1365x2048.jpg 1365w, https:\/\/gokbocki.pl\/wp-content\/uploads\/2025\/11\/IMG_3336-820x1230.jpg 820w, https:\/\/gokbocki.pl\/wp-content\/uploads\/2025\/11\/IMG_3336-scaled.jpg 1707w\" sizes=\"(max-width: 683px) 100vw, 683px\" \/><\/figure>\n\n\n\n<figure class=\"wp-block-image size-large\"><img decoding=\"async\" loading=\"lazy\" width=\"1024\" height=\"683\" data-id=\"5305\"  src=\"https:\/\/gokbocki.pl\/wp-content\/uploads\/2025\/11\/IMG_3370-1024x683.jpg\" alt=\"\" class=\"wp-image-5305\" srcset=\"https:\/\/gokbocki.pl\/wp-content\/uploads\/2025\/11\/IMG_3370-1024x683.jpg 1024w, https:\/\/gokbocki.pl\/wp-content\/uploads\/2025\/11\/IMG_3370-300x200.jpg 300w, https:\/\/gokbocki.pl\/wp-content\/uploads\/2025\/11\/IMG_3370-768x512.jpg 768w, https:\/\/gokbocki.pl\/wp-content\/uploads\/2025\/11\/IMG_3370-1536x1024.jpg 1536w, https:\/\/gokbocki.pl\/wp-content\/uploads\/2025\/11\/IMG_3370-2048x1365.jpg 2048w, https:\/\/gokbocki.pl\/wp-content\/uploads\/2025\/11\/IMG_3370-600x400.jpg 600w, https:\/\/gokbocki.pl\/wp-content\/uploads\/2025\/11\/IMG_3370-820x547.jpg 820w\" sizes=\"(max-width: 1024px) 100vw, 1024px\" \/><\/figure>\n\n\n\n<figure class=\"wp-block-image size-large\"><img decoding=\"async\" loading=\"lazy\" width=\"1024\" height=\"683\" data-id=\"5303\"  src=\"https:\/\/gokbocki.pl\/wp-content\/uploads\/2025\/11\/IMG_3386-1024x683.jpg\" alt=\"\" class=\"wp-image-5303\" srcset=\"https:\/\/gokbocki.pl\/wp-content\/uploads\/2025\/11\/IMG_3386-1024x683.jpg 1024w, https:\/\/gokbocki.pl\/wp-content\/uploads\/2025\/11\/IMG_3386-300x200.jpg 300w, https:\/\/gokbocki.pl\/wp-content\/uploads\/2025\/11\/IMG_3386-768x512.jpg 768w, https:\/\/gokbocki.pl\/wp-content\/uploads\/2025\/11\/IMG_3386-1536x1024.jpg 1536w, https:\/\/gokbocki.pl\/wp-content\/uploads\/2025\/11\/IMG_3386-2048x1365.jpg 2048w, https:\/\/gokbocki.pl\/wp-content\/uploads\/2025\/11\/IMG_3386-600x400.jpg 600w, https:\/\/gokbocki.pl\/wp-content\/uploads\/2025\/11\/IMG_3386-820x547.jpg 820w\" sizes=\"(max-width: 1024px) 100vw, 1024px\" \/><\/figure>\n<\/figure>\n","protected":false},"excerpt":{"rendered":"<p>Po raz kolejny mieli\u015bmy przyjemno\u015b\u0107 go\u015bci\u0107 Pani\u0105 Katarzyn\u0119 G\u00f3rsk\u0105, kt\u00f3ra przygotowa\u0142a koncert patriotyczny dla najm\u0142odszych! Odwiedzi\u0142y nas przedszkolaki ze Szko\u0142y Podstawowej im. Jana Paw\u0142a II w Bo\u0107kach, koncert odby\u0142 si\u0119 r\u00f3wnie\u017c w Szkole Podstawowej w Andryjankach. Dzieci wys\u0142ucha\u0142y pie\u015bni o Polsce, wolno\u015bci i ojczy\u017anie \u2014 w wersji dostosowanej do ich wieku Dzi\u0119kujemy za to spotkanie [&hellip;]<\/p>\n","protected":false},"author":1,"featured_media":0,"comment_status":"open","ping_status":"open","sticky":true,"template":"","format":"standard","meta":[],"categories":[24],"tags":[418,450,448,447,451,437,449],"yoast_head":"<!-- This site is optimized with the Yoast SEO plugin v20.2.1 - https:\/\/yoast.com\/wordpress\/plugins\/seo\/ -->\n<title>Koncert w w klimacie patriotycznym dla przedszkolak\u00f3w - Gminny O\u015brodek Kultury w Bo\u0107kach<\/title>\n<meta name=\"robots\" content=\"index, follow, max-snippet:-1, max-image-preview:large, max-video-preview:-1\" \/>\n<link rel=\"canonical\" href=\"https:\/\/gokbocki.pl\/index.php\/2025\/11\/18\/koncert-w-w-klimacie-patriotycznym-dla-przedszkolakow\/\" \/>\n<meta property=\"og:locale\" content=\"pl_PL\" \/>\n<meta property=\"og:type\" content=\"article\" \/>\n<meta property=\"og:title\" content=\"Koncert w w klimacie patriotycznym dla przedszkolak\u00f3w - Gminny O\u015brodek Kultury w Bo\u0107kach\" \/>\n<meta property=\"og:description\" content=\"Po raz kolejny mieli\u015bmy przyjemno\u015b\u0107 go\u015bci\u0107 Pani\u0105 Katarzyn\u0119 G\u00f3rsk\u0105, kt\u00f3ra przygotowa\u0142a koncert patriotyczny dla najm\u0142odszych! Odwiedzi\u0142y nas przedszkolaki ze Szko\u0142y Podstawowej im. Jana Paw\u0142a II w Bo\u0107kach, koncert odby\u0142 si\u0119 r\u00f3wnie\u017c w Szkole Podstawowej w Andryjankach. Dzieci wys\u0142ucha\u0142y pie\u015bni o Polsce, wolno\u015bci i ojczy\u017anie \u2014 w wersji dostosowanej do ich wieku Dzi\u0119kujemy za to spotkanie [&hellip;]\" \/>\n<meta property=\"og:url\" content=\"https:\/\/gokbocki.pl\/index.php\/2025\/11\/18\/koncert-w-w-klimacie-patriotycznym-dla-przedszkolakow\/\" \/>\n<meta property=\"og:site_name\" content=\"Gminny O\u015brodek Kultury w Bo\u0107kach\" \/>\n<meta property=\"article:published_time\" content=\"2025-11-18T09:34:43+00:00\" \/>\n<meta property=\"article:modified_time\" content=\"2025-11-18T09:34:44+00:00\" \/>\n<meta property=\"og:image\" content=\"https:\/\/static.xx.fbcdn.net\/images\/emoji.php\/v9\/te0\/1\/16\/1f1f5_1f1f1.png\" \/>\n<meta name=\"author\" content=\"admin\" \/>\n<meta name=\"twitter:card\" content=\"summary_large_image\" \/>\n<meta name=\"twitter:label1\" content=\"Napisane przez\" \/>\n\t<meta name=\"twitter:data1\" content=\"admin\" \/>\n\t<meta name=\"twitter:label2\" content=\"Szacowany czas czytania\" \/>\n\t<meta name=\"twitter:data2\" content=\"2 minuty\" \/>\n<script type=\"application\/ld+json\" class=\"yoast-schema-graph\">{\"@context\":\"https:\/\/schema.org\",\"@graph\":[{\"@type\":\"WebPage\",\"@id\":\"https:\/\/gokbocki.pl\/index.php\/2025\/11\/18\/koncert-w-w-klimacie-patriotycznym-dla-przedszkolakow\/\",\"url\":\"https:\/\/gokbocki.pl\/index.php\/2025\/11\/18\/koncert-w-w-klimacie-patriotycznym-dla-przedszkolakow\/\",\"name\":\"Koncert w w klimacie patriotycznym dla przedszkolak\u00f3w - Gminny O\u015brodek Kultury w Bo\u0107kach\",\"isPartOf\":{\"@id\":\"https:\/\/gokbocki.pl\/#website\"},\"datePublished\":\"2025-11-18T09:34:43+00:00\",\"dateModified\":\"2025-11-18T09:34:44+00:00\",\"author\":{\"@id\":\"https:\/\/gokbocki.pl\/#\/schema\/person\/32a0381e1f259128348b84ce4d001412\"},\"breadcrumb\":{\"@id\":\"https:\/\/gokbocki.pl\/index.php\/2025\/11\/18\/koncert-w-w-klimacie-patriotycznym-dla-przedszkolakow\/#breadcrumb\"},\"inLanguage\":\"pl-PL\",\"potentialAction\":[{\"@type\":\"ReadAction\",\"target\":[\"https:\/\/gokbocki.pl\/index.php\/2025\/11\/18\/koncert-w-w-klimacie-patriotycznym-dla-przedszkolakow\/\"]}]},{\"@type\":\"BreadcrumbList\",\"@id\":\"https:\/\/gokbocki.pl\/index.php\/2025\/11\/18\/koncert-w-w-klimacie-patriotycznym-dla-przedszkolakow\/#breadcrumb\",\"itemListElement\":[{\"@type\":\"ListItem\",\"position\":1,\"name\":\"Strona g\u0142\u00f3wna\",\"item\":\"https:\/\/gokbocki.pl\/\"},{\"@type\":\"ListItem\",\"position\":2,\"name\":\"Koncert w w klimacie patriotycznym dla przedszkolak\u00f3w\"}]},{\"@type\":\"WebSite\",\"@id\":\"https:\/\/gokbocki.pl\/#website\",\"url\":\"https:\/\/gokbocki.pl\/\",\"name\":\"Gminny O\u015brodek Kultury w Bo\u0107kach\",\"description\":\"GOK BO\u0106KI\",\"potentialAction\":[{\"@type\":\"SearchAction\",\"target\":{\"@type\":\"EntryPoint\",\"urlTemplate\":\"https:\/\/gokbocki.pl\/?s={search_term_string}\"},\"query-input\":\"required name=search_term_string\"}],\"inLanguage\":\"pl-PL\"},{\"@type\":\"Person\",\"@id\":\"https:\/\/gokbocki.pl\/#\/schema\/person\/32a0381e1f259128348b84ce4d001412\",\"name\":\"admin\",\"image\":{\"@type\":\"ImageObject\",\"inLanguage\":\"pl-PL\",\"@id\":\"https:\/\/gokbocki.pl\/#\/schema\/person\/image\/\",\"url\":\"https:\/\/secure.gravatar.com\/avatar\/ee27fe75b11e058e31443c0a5a21fc25?s=96&d=mm&r=g\",\"contentUrl\":\"https:\/\/secure.gravatar.com\/avatar\/ee27fe75b11e058e31443c0a5a21fc25?s=96&d=mm&r=g\",\"caption\":\"admin\"},\"url\":\"https:\/\/gokbocki.pl\/index.php\/author\/admin\/\"}]}<\/script>\n<!-- \/ Yoast SEO plugin. -->","yoast_head_json":{"title":"Koncert w w klimacie patriotycznym dla przedszkolak\u00f3w - Gminny O\u015brodek Kultury w Bo\u0107kach","robots":{"index":"index","follow":"follow","max-snippet":"max-snippet:-1","max-image-preview":"max-image-preview:large","max-video-preview":"max-video-preview:-1"},"canonical":"https:\/\/gokbocki.pl\/index.php\/2025\/11\/18\/koncert-w-w-klimacie-patriotycznym-dla-przedszkolakow\/","og_locale":"pl_PL","og_type":"article","og_title":"Koncert w w klimacie patriotycznym dla przedszkolak\u00f3w - Gminny O\u015brodek Kultury w Bo\u0107kach","og_description":"Po raz kolejny mieli\u015bmy przyjemno\u015b\u0107 go\u015bci\u0107 Pani\u0105 Katarzyn\u0119 G\u00f3rsk\u0105, kt\u00f3ra przygotowa\u0142a koncert patriotyczny dla najm\u0142odszych! Odwiedzi\u0142y nas przedszkolaki ze Szko\u0142y Podstawowej im. Jana Paw\u0142a II w Bo\u0107kach, koncert odby\u0142 si\u0119 r\u00f3wnie\u017c w Szkole Podstawowej w Andryjankach. Dzieci wys\u0142ucha\u0142y pie\u015bni o Polsce, wolno\u015bci i ojczy\u017anie \u2014 w wersji dostosowanej do ich wieku Dzi\u0119kujemy za to spotkanie [&hellip;]","og_url":"https:\/\/gokbocki.pl\/index.php\/2025\/11\/18\/koncert-w-w-klimacie-patriotycznym-dla-przedszkolakow\/","og_site_name":"Gminny O\u015brodek Kultury w Bo\u0107kach","article_published_time":"2025-11-18T09:34:43+00:00","article_modified_time":"2025-11-18T09:34:44+00:00","og_image":[{"url":"https:\/\/static.xx.fbcdn.net\/images\/emoji.php\/v9\/te0\/1\/16\/1f1f5_1f1f1.png"}],"author":"admin","twitter_card":"summary_large_image","twitter_misc":{"Napisane przez":"admin","Szacowany czas czytania":"2 minuty"},"schema":{"@context":"https:\/\/schema.org","@graph":[{"@type":"WebPage","@id":"https:\/\/gokbocki.pl\/index.php\/2025\/11\/18\/koncert-w-w-klimacie-patriotycznym-dla-przedszkolakow\/","url":"https:\/\/gokbocki.pl\/index.php\/2025\/11\/18\/koncert-w-w-klimacie-patriotycznym-dla-przedszkolakow\/","name":"Koncert w w klimacie patriotycznym dla przedszkolak\u00f3w - Gminny O\u015brodek Kultury w Bo\u0107kach","isPartOf":{"@id":"https:\/\/gokbocki.pl\/#website"},"datePublished":"2025-11-18T09:34:43+00:00","dateModified":"2025-11-18T09:34:44+00:00","author":{"@id":"https:\/\/gokbocki.pl\/#\/schema\/person\/32a0381e1f259128348b84ce4d001412"},"breadcrumb":{"@id":"https:\/\/gokbocki.pl\/index.php\/2025\/11\/18\/koncert-w-w-klimacie-patriotycznym-dla-przedszkolakow\/#breadcrumb"},"inLanguage":"pl-PL","potentialAction":[{"@type":"ReadAction","target":["https:\/\/gokbocki.pl\/index.php\/2025\/11\/18\/koncert-w-w-klimacie-patriotycznym-dla-przedszkolakow\/"]}]},{"@type":"BreadcrumbList","@id":"https:\/\/gokbocki.pl\/index.php\/2025\/11\/18\/koncert-w-w-klimacie-patriotycznym-dla-przedszkolakow\/#breadcrumb","itemListElement":[{"@type":"ListItem","position":1,"name":"Strona g\u0142\u00f3wna","item":"https:\/\/gokbocki.pl\/"},{"@type":"ListItem","position":2,"name":"Koncert w w klimacie patriotycznym dla przedszkolak\u00f3w"}]},{"@type":"WebSite","@id":"https:\/\/gokbocki.pl\/#website","url":"https:\/\/gokbocki.pl\/","name":"Gminny O\u015brodek Kultury w Bo\u0107kach","description":"GOK BO\u0106KI","potentialAction":[{"@type":"SearchAction","target":{"@type":"EntryPoint","urlTemplate":"https:\/\/gokbocki.pl\/?s={search_term_string}"},"query-input":"required name=search_term_string"}],"inLanguage":"pl-PL"},{"@type":"Person","@id":"https:\/\/gokbocki.pl\/#\/schema\/person\/32a0381e1f259128348b84ce4d001412","name":"admin","image":{"@type":"ImageObject","inLanguage":"pl-PL","@id":"https:\/\/gokbocki.pl\/#\/schema\/person\/image\/","url":"https:\/\/secure.gravatar.com\/avatar\/ee27fe75b11e058e31443c0a5a21fc25?s=96&d=mm&r=g","contentUrl":"https:\/\/secure.gravatar.com\/avatar\/ee27fe75b11e058e31443c0a5a21fc25?s=96&d=mm&r=g","caption":"admin"},"url":"https:\/\/gokbocki.pl\/index.php\/author\/admin\/"}]}},"_links":{"self":[{"href":"https:\/\/gokbocki.pl\/index.php\/wp-json\/wp\/v2\/posts\/5300"}],"collection":[{"href":"https:\/\/gokbocki.pl\/index.php\/wp-json\/wp\/v2\/posts"}],"about":[{"href":"https:\/\/gokbocki.pl\/index.php\/wp-json\/wp\/v2\/types\/post"}],"author":[{"embeddable":true,"href":"https:\/\/gokbocki.pl\/index.php\/wp-json\/wp\/v2\/users\/1"}],"replies":[{"embeddable":true,"href":"https:\/\/gokbocki.pl\/index.php\/wp-json\/wp\/v2\/comments?post=5300"}],"version-history":[{"count":1,"href":"https:\/\/gokbocki.pl\/index.php\/wp-json\/wp\/v2\/posts\/5300\/revisions"}],"predecessor-version":[{"id":5307,"href":"https:\/\/gokbocki.pl\/index.php\/wp-json\/wp\/v2\/posts\/5300\/revisions\/5307"}],"wp:attachment":[{"href":"https:\/\/gokbocki.pl\/index.php\/wp-json\/wp\/v2\/media?parent=5300"}],"wp:term":[{"taxonomy":"category","embeddable":true,"href":"https:\/\/gokbocki.pl\/index.php\/wp-json\/wp\/v2\/categories?post=5300"},{"taxonomy":"post_tag","embeddable":true,"href":"https:\/\/gokbocki.pl\/index.php\/wp-json\/wp\/v2\/tags?post=5300"}],"curies":[{"name":"wp","href":"https:\/\/api.w.org\/{rel}","templated":true}]}}