{"id":5490,"date":"2026-03-05T09:20:33","date_gmt":"2026-03-05T08:20:33","guid":{"rendered":"https:\/\/gokbocki.pl\/?p=5490"},"modified":"2026-03-05T09:20:34","modified_gmt":"2026-03-05T08:20:34","slug":"spotkanie-z-okazji-ogolnopolskiego-dnia-walki-z-depresja-gminny-osrodek-kultury-w-bockach-2026","status":"publish","type":"post","link":"https:\/\/gokbocki.pl\/index.php\/2026\/03\/05\/spotkanie-z-okazji-ogolnopolskiego-dnia-walki-z-depresja-gminny-osrodek-kultury-w-bockach-2026\/","title":{"rendered":"Spotkanie z okazji Og\u00f3lnopolskiego Dnia Walki z Depresj\u0105 Gminny O\u015brodek Kultury w Bo\u0107kach 2026"},"content":{"rendered":"<p data-start=\"78\" data-end=\"377\">23 lutego 2026 roku w Gminnym O\u015brodku Kultury w Bo\u0107kach odby\u0142o si\u0119 spotkanie z okazji Og\u00f3lnopolskiego Dnia Walki z Depresj\u0105 pod has\u0142em \u201eEnergia dzieci wraca przez relacj\u0119\u201d. Wydarzenie by\u0142o skierowane do rodzic\u00f3w oraz wszystkich os\u00f3b zainteresowanych tematyk\u0105 zdrowia psychicznego dzieci i m\u0142odzie\u017cy.<\/p>\n<p data-start=\"379\" data-end=\"659\">Podczas spotkania uczestnicy mieli okazj\u0119 wys\u0142ucha\u0107 rozmowy z psychologiem oraz pedagogiem, kt\u00f3rzy poruszyli wa\u017cne kwestie dotycz\u0105ce budowania relacji z dzie\u0107mi, wspierania ich w codziennych trudno\u015bciach oraz zwracania uwagi na sygna\u0142y mog\u0105ce \u015bwiadczy\u0107 o problemach emocjonalnych.<\/p>\n<p data-start=\"661\" data-end=\"815\">Po cz\u0119\u015bci spotkaniowej odby\u0142 si\u0119 \u201eKoncert z u\u015bmiechem\u201d, kt\u00f3ry wprowadzi\u0142 uczestnik\u00f3w w pogodny nastr\u00f3j i by\u0142 mi\u0142ym zako\u0144czeniem wsp\u00f3lnie sp\u0119dzonego czasu.<\/p>\n<p data-start=\"817\" data-end=\"1101\">Dzi\u0119kujemy wszystkim uczestnikom za obecno\u015b\u0107 i udzia\u0142 w wydarzeniu. Szczeg\u00f3lne podzi\u0119kowania kierujemy do partner\u00f3w wydarzenia:<br data-start=\"944\" data-end=\"947\" \/>Szko\u0142y Podstawowej im. Jana Paw\u0142a II w Bo\u0107kach oraz Gminnej Komisji Rozwi\u0105zywania Problem\u00f3w Alkoholowych za wsp\u00f3\u0142prac\u0119 i wsparcie w organizacji spotkania.<\/p>\n<p data-start=\"817\" data-end=\"1101\">\u00a0<\/p>\n\n\n<figure class=\"is-layout-flex wp-block-gallery-1 wp-block-gallery has-nested-images columns-default is-cropped\">\n<figure class=\"wp-block-image size-large\"><img decoding=\"async\" loading=\"lazy\" width=\"1024\" height=\"769\" data-id=\"5491\"  src=\"https:\/\/gokbocki.pl\/wp-content\/uploads\/2026\/03\/IMG-20260224-WA0005-1024x769.jpg\" alt=\"\" class=\"wp-image-5491\" srcset=\"https:\/\/gokbocki.pl\/wp-content\/uploads\/2026\/03\/IMG-20260224-WA0005-1024x769.jpg 1024w, https:\/\/gokbocki.pl\/wp-content\/uploads\/2026\/03\/IMG-20260224-WA0005-300x225.jpg 300w, https:\/\/gokbocki.pl\/wp-content\/uploads\/2026\/03\/IMG-20260224-WA0005-768x577.jpg 768w, https:\/\/gokbocki.pl\/wp-content\/uploads\/2026\/03\/IMG-20260224-WA0005-1536x1153.jpg 1536w, https:\/\/gokbocki.pl\/wp-content\/uploads\/2026\/03\/IMG-20260224-WA0005-2048x1538.jpg 2048w, https:\/\/gokbocki.pl\/wp-content\/uploads\/2026\/03\/IMG-20260224-WA0005-820x616.jpg 820w\" sizes=\"(max-width: 1024px) 100vw, 1024px\" \/><\/figure>\n\n\n\n<figure class=\"wp-block-image size-large\"><img decoding=\"async\" loading=\"lazy\" width=\"1024\" height=\"769\" data-id=\"5493\"  src=\"https:\/\/gokbocki.pl\/wp-content\/uploads\/2026\/03\/IMG-20260224-WA0008-1024x769.jpg\" alt=\"\" class=\"wp-image-5493\" srcset=\"https:\/\/gokbocki.pl\/wp-content\/uploads\/2026\/03\/IMG-20260224-WA0008-1024x769.jpg 1024w, https:\/\/gokbocki.pl\/wp-content\/uploads\/2026\/03\/IMG-20260224-WA0008-300x225.jpg 300w, https:\/\/gokbocki.pl\/wp-content\/uploads\/2026\/03\/IMG-20260224-WA0008-768x577.jpg 768w, https:\/\/gokbocki.pl\/wp-content\/uploads\/2026\/03\/IMG-20260224-WA0008-1536x1153.jpg 1536w, https:\/\/gokbocki.pl\/wp-content\/uploads\/2026\/03\/IMG-20260224-WA0008-2048x1538.jpg 2048w, https:\/\/gokbocki.pl\/wp-content\/uploads\/2026\/03\/IMG-20260224-WA0008-820x616.jpg 820w\" sizes=\"(max-width: 1024px) 100vw, 1024px\" \/><\/figure>\n\n\n\n<figure class=\"wp-block-image size-large\"><img decoding=\"async\" loading=\"lazy\" width=\"1024\" height=\"769\" data-id=\"5492\"  src=\"https:\/\/gokbocki.pl\/wp-content\/uploads\/2026\/03\/IMG-20260224-WA0011-1024x769.jpg\" alt=\"\" class=\"wp-image-5492\" srcset=\"https:\/\/gokbocki.pl\/wp-content\/uploads\/2026\/03\/IMG-20260224-WA0011-1024x769.jpg 1024w, https:\/\/gokbocki.pl\/wp-content\/uploads\/2026\/03\/IMG-20260224-WA0011-300x225.jpg 300w, https:\/\/gokbocki.pl\/wp-content\/uploads\/2026\/03\/IMG-20260224-WA0011-768x577.jpg 768w, https:\/\/gokbocki.pl\/wp-content\/uploads\/2026\/03\/IMG-20260224-WA0011-1536x1153.jpg 1536w, https:\/\/gokbocki.pl\/wp-content\/uploads\/2026\/03\/IMG-20260224-WA0011-2048x1538.jpg 2048w, https:\/\/gokbocki.pl\/wp-content\/uploads\/2026\/03\/IMG-20260224-WA0011-820x616.jpg 820w\" sizes=\"(max-width: 1024px) 100vw, 1024px\" \/><\/figure>\n\n\n\n<figure class=\"wp-block-image size-large\"><img decoding=\"async\" loading=\"lazy\" width=\"769\" height=\"1024\" data-id=\"5494\"  src=\"https:\/\/gokbocki.pl\/wp-content\/uploads\/2026\/03\/IMG-20260224-WA0014-769x1024.jpg\" alt=\"\" class=\"wp-image-5494\" srcset=\"https:\/\/gokbocki.pl\/wp-content\/uploads\/2026\/03\/IMG-20260224-WA0014-769x1024.jpg 769w, https:\/\/gokbocki.pl\/wp-content\/uploads\/2026\/03\/IMG-20260224-WA0014-225x300.jpg 225w, https:\/\/gokbocki.pl\/wp-content\/uploads\/2026\/03\/IMG-20260224-WA0014-768x1023.jpg 768w, https:\/\/gokbocki.pl\/wp-content\/uploads\/2026\/03\/IMG-20260224-WA0014-1153x1536.jpg 1153w, https:\/\/gokbocki.pl\/wp-content\/uploads\/2026\/03\/IMG-20260224-WA0014-1538x2048.jpg 1538w, https:\/\/gokbocki.pl\/wp-content\/uploads\/2026\/03\/IMG-20260224-WA0014-820x1092.jpg 820w, https:\/\/gokbocki.pl\/wp-content\/uploads\/2026\/03\/IMG-20260224-WA0014-scaled.jpg 1922w\" sizes=\"(max-width: 769px) 100vw, 769px\" \/><\/figure>\n\n\n\n<figure class=\"wp-block-image size-large\"><img decoding=\"async\" loading=\"lazy\" width=\"1024\" height=\"769\" data-id=\"5495\"  src=\"https:\/\/gokbocki.pl\/wp-content\/uploads\/2026\/03\/IMG-20260224-WA0016-1024x769.jpg\" alt=\"\" class=\"wp-image-5495\" srcset=\"https:\/\/gokbocki.pl\/wp-content\/uploads\/2026\/03\/IMG-20260224-WA0016-1024x769.jpg 1024w, https:\/\/gokbocki.pl\/wp-content\/uploads\/2026\/03\/IMG-20260224-WA0016-300x225.jpg 300w, https:\/\/gokbocki.pl\/wp-content\/uploads\/2026\/03\/IMG-20260224-WA0016-768x577.jpg 768w, https:\/\/gokbocki.pl\/wp-content\/uploads\/2026\/03\/IMG-20260224-WA0016-1536x1153.jpg 1536w, https:\/\/gokbocki.pl\/wp-content\/uploads\/2026\/03\/IMG-20260224-WA0016-2048x1538.jpg 2048w, https:\/\/gokbocki.pl\/wp-content\/uploads\/2026\/03\/IMG-20260224-WA0016-820x616.jpg 820w\" sizes=\"(max-width: 1024px) 100vw, 1024px\" \/><\/figure>\n<\/figure>\n","protected":false},"excerpt":{"rendered":"<p>23 lutego 2026 roku w Gminnym O\u015brodku Kultury w Bo\u0107kach odby\u0142o si\u0119 spotkanie z okazji Og\u00f3lnopolskiego Dnia Walki z Depresj\u0105 pod has\u0142em \u201eEnergia dzieci wraca przez relacj\u0119\u201d. Wydarzenie by\u0142o skierowane do rodzic\u00f3w oraz wszystkich os\u00f3b zainteresowanych tematyk\u0105 zdrowia psychicznego dzieci i m\u0142odzie\u017cy. Podczas spotkania uczestnicy mieli okazj\u0119 wys\u0142ucha\u0107 rozmowy z psychologiem oraz pedagogiem, kt\u00f3rzy poruszyli [&hellip;]<\/p>\n","protected":false},"author":1,"featured_media":0,"comment_status":"open","ping_status":"open","sticky":true,"template":"","format":"standard","meta":[],"categories":[24],"tags":[525,576,581,579,148,582,578,577,580],"yoast_head":"<!-- This site is optimized with the Yoast SEO plugin v20.2.1 - https:\/\/yoast.com\/wordpress\/plugins\/seo\/ -->\n<title>Spotkanie z okazji Og\u00f3lnopolskiego Dnia Walki z Depresj\u0105 Gminny O\u015brodek Kultury w Bo\u0107kach 2026 - Gminny O\u015brodek Kultury w Bo\u0107kach<\/title>\n<meta name=\"robots\" content=\"index, follow, max-snippet:-1, max-image-preview:large, max-video-preview:-1\" \/>\n<link rel=\"canonical\" href=\"https:\/\/gokbocki.pl\/index.php\/2026\/03\/05\/spotkanie-z-okazji-ogolnopolskiego-dnia-walki-z-depresja-gminny-osrodek-kultury-w-bockach-2026\/\" \/>\n<meta property=\"og:locale\" content=\"pl_PL\" \/>\n<meta property=\"og:type\" content=\"article\" \/>\n<meta property=\"og:title\" content=\"Spotkanie z okazji Og\u00f3lnopolskiego Dnia Walki z Depresj\u0105 Gminny O\u015brodek Kultury w Bo\u0107kach 2026 - Gminny O\u015brodek Kultury w Bo\u0107kach\" \/>\n<meta property=\"og:description\" content=\"23 lutego 2026 roku w Gminnym O\u015brodku Kultury w Bo\u0107kach odby\u0142o si\u0119 spotkanie z okazji Og\u00f3lnopolskiego Dnia Walki z Depresj\u0105 pod has\u0142em \u201eEnergia dzieci wraca przez relacj\u0119\u201d. Wydarzenie by\u0142o skierowane do rodzic\u00f3w oraz wszystkich os\u00f3b zainteresowanych tematyk\u0105 zdrowia psychicznego dzieci i m\u0142odzie\u017cy. Podczas spotkania uczestnicy mieli okazj\u0119 wys\u0142ucha\u0107 rozmowy z psychologiem oraz pedagogiem, kt\u00f3rzy poruszyli [&hellip;]\" \/>\n<meta property=\"og:url\" content=\"https:\/\/gokbocki.pl\/index.php\/2026\/03\/05\/spotkanie-z-okazji-ogolnopolskiego-dnia-walki-z-depresja-gminny-osrodek-kultury-w-bockach-2026\/\" \/>\n<meta property=\"og:site_name\" content=\"Gminny O\u015brodek Kultury w Bo\u0107kach\" \/>\n<meta property=\"article:published_time\" content=\"2026-03-05T08:20:33+00:00\" \/>\n<meta property=\"article:modified_time\" content=\"2026-03-05T08:20:34+00:00\" \/>\n<meta property=\"og:image\" content=\"https:\/\/gokbocki.pl\/wp-content\/uploads\/2026\/03\/IMG-20260224-WA0005-1024x769.jpg\" \/>\n<meta name=\"author\" content=\"admin\" \/>\n<meta name=\"twitter:card\" content=\"summary_large_image\" \/>\n<meta name=\"twitter:label1\" content=\"Napisane przez\" \/>\n\t<meta name=\"twitter:data1\" content=\"admin\" \/>\n\t<meta name=\"twitter:label2\" content=\"Szacowany czas czytania\" \/>\n\t<meta name=\"twitter:data2\" content=\"2 minuty\" \/>\n<script type=\"application\/ld+json\" class=\"yoast-schema-graph\">{\"@context\":\"https:\/\/schema.org\",\"@graph\":[{\"@type\":\"WebPage\",\"@id\":\"https:\/\/gokbocki.pl\/index.php\/2026\/03\/05\/spotkanie-z-okazji-ogolnopolskiego-dnia-walki-z-depresja-gminny-osrodek-kultury-w-bockach-2026\/\",\"url\":\"https:\/\/gokbocki.pl\/index.php\/2026\/03\/05\/spotkanie-z-okazji-ogolnopolskiego-dnia-walki-z-depresja-gminny-osrodek-kultury-w-bockach-2026\/\",\"name\":\"Spotkanie z okazji Og\u00f3lnopolskiego Dnia Walki z Depresj\u0105 Gminny O\u015brodek Kultury w Bo\u0107kach 2026 - Gminny O\u015brodek Kultury w Bo\u0107kach\",\"isPartOf\":{\"@id\":\"https:\/\/gokbocki.pl\/#website\"},\"datePublished\":\"2026-03-05T08:20:33+00:00\",\"dateModified\":\"2026-03-05T08:20:34+00:00\",\"author\":{\"@id\":\"https:\/\/gokbocki.pl\/#\/schema\/person\/32a0381e1f259128348b84ce4d001412\"},\"breadcrumb\":{\"@id\":\"https:\/\/gokbocki.pl\/index.php\/2026\/03\/05\/spotkanie-z-okazji-ogolnopolskiego-dnia-walki-z-depresja-gminny-osrodek-kultury-w-bockach-2026\/#breadcrumb\"},\"inLanguage\":\"pl-PL\",\"potentialAction\":[{\"@type\":\"ReadAction\",\"target\":[\"https:\/\/gokbocki.pl\/index.php\/2026\/03\/05\/spotkanie-z-okazji-ogolnopolskiego-dnia-walki-z-depresja-gminny-osrodek-kultury-w-bockach-2026\/\"]}]},{\"@type\":\"BreadcrumbList\",\"@id\":\"https:\/\/gokbocki.pl\/index.php\/2026\/03\/05\/spotkanie-z-okazji-ogolnopolskiego-dnia-walki-z-depresja-gminny-osrodek-kultury-w-bockach-2026\/#breadcrumb\",\"itemListElement\":[{\"@type\":\"ListItem\",\"position\":1,\"name\":\"Strona g\u0142\u00f3wna\",\"item\":\"https:\/\/gokbocki.pl\/\"},{\"@type\":\"ListItem\",\"position\":2,\"name\":\"Spotkanie z okazji Og\u00f3lnopolskiego Dnia Walki z Depresj\u0105 Gminny O\u015brodek Kultury w Bo\u0107kach 2026\"}]},{\"@type\":\"WebSite\",\"@id\":\"https:\/\/gokbocki.pl\/#website\",\"url\":\"https:\/\/gokbocki.pl\/\",\"name\":\"Gminny O\u015brodek Kultury w Bo\u0107kach\",\"description\":\"GOK BO\u0106KI\",\"potentialAction\":[{\"@type\":\"SearchAction\",\"target\":{\"@type\":\"EntryPoint\",\"urlTemplate\":\"https:\/\/gokbocki.pl\/?s={search_term_string}\"},\"query-input\":\"required name=search_term_string\"}],\"inLanguage\":\"pl-PL\"},{\"@type\":\"Person\",\"@id\":\"https:\/\/gokbocki.pl\/#\/schema\/person\/32a0381e1f259128348b84ce4d001412\",\"name\":\"admin\",\"image\":{\"@type\":\"ImageObject\",\"inLanguage\":\"pl-PL\",\"@id\":\"https:\/\/gokbocki.pl\/#\/schema\/person\/image\/\",\"url\":\"https:\/\/secure.gravatar.com\/avatar\/ee27fe75b11e058e31443c0a5a21fc25?s=96&d=mm&r=g\",\"contentUrl\":\"https:\/\/secure.gravatar.com\/avatar\/ee27fe75b11e058e31443c0a5a21fc25?s=96&d=mm&r=g\",\"caption\":\"admin\"},\"url\":\"https:\/\/gokbocki.pl\/index.php\/author\/admin\/\"}]}<\/script>\n<!-- \/ Yoast SEO plugin. -->","yoast_head_json":{"title":"Spotkanie z okazji Og\u00f3lnopolskiego Dnia Walki z Depresj\u0105 Gminny O\u015brodek Kultury w Bo\u0107kach 2026 - Gminny O\u015brodek Kultury w Bo\u0107kach","robots":{"index":"index","follow":"follow","max-snippet":"max-snippet:-1","max-image-preview":"max-image-preview:large","max-video-preview":"max-video-preview:-1"},"canonical":"https:\/\/gokbocki.pl\/index.php\/2026\/03\/05\/spotkanie-z-okazji-ogolnopolskiego-dnia-walki-z-depresja-gminny-osrodek-kultury-w-bockach-2026\/","og_locale":"pl_PL","og_type":"article","og_title":"Spotkanie z okazji Og\u00f3lnopolskiego Dnia Walki z Depresj\u0105 Gminny O\u015brodek Kultury w Bo\u0107kach 2026 - Gminny O\u015brodek Kultury w Bo\u0107kach","og_description":"23 lutego 2026 roku w Gminnym O\u015brodku Kultury w Bo\u0107kach odby\u0142o si\u0119 spotkanie z okazji Og\u00f3lnopolskiego Dnia Walki z Depresj\u0105 pod has\u0142em \u201eEnergia dzieci wraca przez relacj\u0119\u201d. Wydarzenie by\u0142o skierowane do rodzic\u00f3w oraz wszystkich os\u00f3b zainteresowanych tematyk\u0105 zdrowia psychicznego dzieci i m\u0142odzie\u017cy. Podczas spotkania uczestnicy mieli okazj\u0119 wys\u0142ucha\u0107 rozmowy z psychologiem oraz pedagogiem, kt\u00f3rzy poruszyli [&hellip;]","og_url":"https:\/\/gokbocki.pl\/index.php\/2026\/03\/05\/spotkanie-z-okazji-ogolnopolskiego-dnia-walki-z-depresja-gminny-osrodek-kultury-w-bockach-2026\/","og_site_name":"Gminny O\u015brodek Kultury w Bo\u0107kach","article_published_time":"2026-03-05T08:20:33+00:00","article_modified_time":"2026-03-05T08:20:34+00:00","og_image":[{"url":"https:\/\/gokbocki.pl\/wp-content\/uploads\/2026\/03\/IMG-20260224-WA0005-1024x769.jpg"}],"author":"admin","twitter_card":"summary_large_image","twitter_misc":{"Napisane przez":"admin","Szacowany czas czytania":"2 minuty"},"schema":{"@context":"https:\/\/schema.org","@graph":[{"@type":"WebPage","@id":"https:\/\/gokbocki.pl\/index.php\/2026\/03\/05\/spotkanie-z-okazji-ogolnopolskiego-dnia-walki-z-depresja-gminny-osrodek-kultury-w-bockach-2026\/","url":"https:\/\/gokbocki.pl\/index.php\/2026\/03\/05\/spotkanie-z-okazji-ogolnopolskiego-dnia-walki-z-depresja-gminny-osrodek-kultury-w-bockach-2026\/","name":"Spotkanie z okazji Og\u00f3lnopolskiego Dnia Walki z Depresj\u0105 Gminny O\u015brodek Kultury w Bo\u0107kach 2026 - Gminny O\u015brodek Kultury w Bo\u0107kach","isPartOf":{"@id":"https:\/\/gokbocki.pl\/#website"},"datePublished":"2026-03-05T08:20:33+00:00","dateModified":"2026-03-05T08:20:34+00:00","author":{"@id":"https:\/\/gokbocki.pl\/#\/schema\/person\/32a0381e1f259128348b84ce4d001412"},"breadcrumb":{"@id":"https:\/\/gokbocki.pl\/index.php\/2026\/03\/05\/spotkanie-z-okazji-ogolnopolskiego-dnia-walki-z-depresja-gminny-osrodek-kultury-w-bockach-2026\/#breadcrumb"},"inLanguage":"pl-PL","potentialAction":[{"@type":"ReadAction","target":["https:\/\/gokbocki.pl\/index.php\/2026\/03\/05\/spotkanie-z-okazji-ogolnopolskiego-dnia-walki-z-depresja-gminny-osrodek-kultury-w-bockach-2026\/"]}]},{"@type":"BreadcrumbList","@id":"https:\/\/gokbocki.pl\/index.php\/2026\/03\/05\/spotkanie-z-okazji-ogolnopolskiego-dnia-walki-z-depresja-gminny-osrodek-kultury-w-bockach-2026\/#breadcrumb","itemListElement":[{"@type":"ListItem","position":1,"name":"Strona g\u0142\u00f3wna","item":"https:\/\/gokbocki.pl\/"},{"@type":"ListItem","position":2,"name":"Spotkanie z okazji Og\u00f3lnopolskiego Dnia Walki z Depresj\u0105 Gminny O\u015brodek Kultury w Bo\u0107kach 2026"}]},{"@type":"WebSite","@id":"https:\/\/gokbocki.pl\/#website","url":"https:\/\/gokbocki.pl\/","name":"Gminny O\u015brodek Kultury w Bo\u0107kach","description":"GOK BO\u0106KI","potentialAction":[{"@type":"SearchAction","target":{"@type":"EntryPoint","urlTemplate":"https:\/\/gokbocki.pl\/?s={search_term_string}"},"query-input":"required name=search_term_string"}],"inLanguage":"pl-PL"},{"@type":"Person","@id":"https:\/\/gokbocki.pl\/#\/schema\/person\/32a0381e1f259128348b84ce4d001412","name":"admin","image":{"@type":"ImageObject","inLanguage":"pl-PL","@id":"https:\/\/gokbocki.pl\/#\/schema\/person\/image\/","url":"https:\/\/secure.gravatar.com\/avatar\/ee27fe75b11e058e31443c0a5a21fc25?s=96&d=mm&r=g","contentUrl":"https:\/\/secure.gravatar.com\/avatar\/ee27fe75b11e058e31443c0a5a21fc25?s=96&d=mm&r=g","caption":"admin"},"url":"https:\/\/gokbocki.pl\/index.php\/author\/admin\/"}]}},"_links":{"self":[{"href":"https:\/\/gokbocki.pl\/index.php\/wp-json\/wp\/v2\/posts\/5490"}],"collection":[{"href":"https:\/\/gokbocki.pl\/index.php\/wp-json\/wp\/v2\/posts"}],"about":[{"href":"https:\/\/gokbocki.pl\/index.php\/wp-json\/wp\/v2\/types\/post"}],"author":[{"embeddable":true,"href":"https:\/\/gokbocki.pl\/index.php\/wp-json\/wp\/v2\/users\/1"}],"replies":[{"embeddable":true,"href":"https:\/\/gokbocki.pl\/index.php\/wp-json\/wp\/v2\/comments?post=5490"}],"version-history":[{"count":1,"href":"https:\/\/gokbocki.pl\/index.php\/wp-json\/wp\/v2\/posts\/5490\/revisions"}],"predecessor-version":[{"id":5496,"href":"https:\/\/gokbocki.pl\/index.php\/wp-json\/wp\/v2\/posts\/5490\/revisions\/5496"}],"wp:attachment":[{"href":"https:\/\/gokbocki.pl\/index.php\/wp-json\/wp\/v2\/media?parent=5490"}],"wp:term":[{"taxonomy":"category","embeddable":true,"href":"https:\/\/gokbocki.pl\/index.php\/wp-json\/wp\/v2\/categories?post=5490"},{"taxonomy":"post_tag","embeddable":true,"href":"https:\/\/gokbocki.pl\/index.php\/wp-json\/wp\/v2\/tags?post=5490"}],"curies":[{"name":"wp","href":"https:\/\/api.w.org\/{rel}","templated":true}]}}