{"id":5654,"date":"2026-04-28T15:36:28","date_gmt":"2026-04-28T13:36:28","guid":{"rendered":"https:\/\/gokbocki.pl\/?p=5654"},"modified":"2026-04-28T15:36:30","modified_gmt":"2026-04-28T13:36:30","slug":"obchody-swieta-konstytucji-3-maja-w-bockach-2","status":"publish","type":"post","link":"https:\/\/gokbocki.pl\/index.php\/2026\/04\/28\/obchody-swieta-konstytucji-3-maja-w-bockach-2\/","title":{"rendered":"Obchody \u015awi\u0119ta Konstytucji 3 Maja w Bo\u0107kach"},"content":{"rendered":"<p>Ju\u017c 3 maja 2026 (niedziela) wsp\u00f3lnie uczcijmy to wyj\u0105tkowe \u015bwi\u0119to.<br \/>W programie:<br \/><span class=\"x1xsqp64 xiy17q3 x1o6pynw x19co3pv xdj266r xjn30re xat24cr x1hb08if x2b8uid\" data-testid=\"emoji\" data-emoji-size=\"16\"><span class=\"xexx8yu xcaqkgz x18d9i69 xbwkkl7 x3jgonx x1bhl96m\">&#x25aa;&#xfe0f;<\/span><\/span> 10:00 \u2013 Msza za Ojczyzn\u0119<br \/><span class=\"x1xsqp64 xiy17q3 x1o6pynw x19co3pv xdj266r xjn30re xat24cr x1hb08if x2b8uid\" data-testid=\"emoji\" data-emoji-size=\"16\"><span class=\"xexx8yu xcaqkgz x18d9i69 xbwkkl7 x3jgonx x1bhl96m\">&#x25aa;&#xfe0f;<\/span><\/span> 11:00 \u2013 Z\u0142o\u017cenie kwiat\u00f3w pod krzy\u017cem<br \/><span class=\"x1xsqp64 xiy17q3 x1o6pynw x19co3pv xdj266r xjn30re xat24cr x1hb08if x2b8uid\" data-testid=\"emoji\" data-emoji-size=\"16\"><span class=\"xexx8yu xcaqkgz x18d9i69 xbwkkl7 x3jgonx x1bhl96m\">&#x25aa;&#xfe0f;<\/span><\/span> 11:15 \u2013 Koncert 3-majowy w <span class=\"xv78j7m\" spellcheck=\"false\">Gminnym O\u015brodku Kultury w Bo\u0107kach<\/span><br \/>Wyst\u0105pi\u0105:<br \/><span class=\"xv78j7m\" spellcheck=\"false\">-Klekociaki<\/span><br \/><span class=\"xv78j7m\" spellcheck=\"false\">-Ma\u0142e Klekociaki<\/span><br \/><span class=\"xv78j7m\" spellcheck=\"false\">-Szko\u0142a Podstawowa w Andryjankach<\/span><br \/><span class=\"xv78j7m\" spellcheck=\"false\">-Szko\u0142a Podstawowa im. Jana Paw\u0142a II w Bo\u0107kach<\/span><br \/>-Ma\u0142gorzata Kubaj<br \/>-Szymon W\u0105\u017c<br \/><br \/><br \/><\/p>\n\n\n<figure class=\"wp-block-image size-large\"><img decoding=\"async\" loading=\"lazy\" width=\"724\" height=\"1024\" src=\"https:\/\/gokbocki.pl\/wp-content\/uploads\/2026\/04\/3-maja-plakat-11-724x1024.png\" alt=\"\" class=\"wp-image-5655\" srcset=\"https:\/\/gokbocki.pl\/wp-content\/uploads\/2026\/04\/3-maja-plakat-11-724x1024.png 724w, https:\/\/gokbocki.pl\/wp-content\/uploads\/2026\/04\/3-maja-plakat-11-212x300.png 212w, https:\/\/gokbocki.pl\/wp-content\/uploads\/2026\/04\/3-maja-plakat-11-768x1086.png 768w, https:\/\/gokbocki.pl\/wp-content\/uploads\/2026\/04\/3-maja-plakat-11-1086x1536.png 1086w, https:\/\/gokbocki.pl\/wp-content\/uploads\/2026\/04\/3-maja-plakat-11-1448x2048.png 1448w, https:\/\/gokbocki.pl\/wp-content\/uploads\/2026\/04\/3-maja-plakat-11-820x1160.png 820w, https:\/\/gokbocki.pl\/wp-content\/uploads\/2026\/04\/3-maja-plakat-11.png 1587w\" sizes=\"(max-width: 724px) 100vw, 724px\" \/><\/figure>\n","protected":false},"excerpt":{"rendered":"<p>Ju\u017c 3 maja 2026 (niedziela) wsp\u00f3lnie uczcijmy to wyj\u0105tkowe \u015bwi\u0119to.W programie:&#x25aa;&#xfe0f; 10:00 \u2013 Msza za Ojczyzn\u0119&#x25aa;&#xfe0f; 11:00 \u2013 Z\u0142o\u017cenie kwiat\u00f3w pod krzy\u017cem&#x25aa;&#xfe0f; 11:15 \u2013 Koncert 3-majowy w Gminnym O\u015brodku Kultury w Bo\u0107kachWyst\u0105pi\u0105:-Klekociaki-Ma\u0142e Klekociaki-Szko\u0142a Podstawowa w Andryjankach-Szko\u0142a Podstawowa im. Jana Paw\u0142a II w Bo\u0107kach-Ma\u0142gorzata Kubaj-Szymon W\u0105\u017c<\/p>\n","protected":false},"author":1,"featured_media":0,"comment_status":"open","ping_status":"open","sticky":true,"template":"","format":"standard","meta":[],"categories":[24],"tags":[612,271,148,524,613,615,616,617,611,614],"yoast_head":"<!-- This site is optimized with the Yoast SEO plugin v20.2.1 - https:\/\/yoast.com\/wordpress\/plugins\/seo\/ -->\n<title>Obchody \u015awi\u0119ta Konstytucji 3 Maja w Bo\u0107kach - Gminny O\u015brodek Kultury w Bo\u0107kach<\/title>\n<meta name=\"robots\" content=\"index, follow, max-snippet:-1, max-image-preview:large, max-video-preview:-1\" \/>\n<link rel=\"canonical\" href=\"https:\/\/gokbocki.pl\/index.php\/2026\/04\/28\/obchody-swieta-konstytucji-3-maja-w-bockach-2\/\" \/>\n<meta property=\"og:locale\" content=\"pl_PL\" \/>\n<meta property=\"og:type\" content=\"article\" \/>\n<meta property=\"og:title\" content=\"Obchody \u015awi\u0119ta Konstytucji 3 Maja w Bo\u0107kach - Gminny O\u015brodek Kultury w Bo\u0107kach\" \/>\n<meta property=\"og:description\" content=\"Ju\u017c 3 maja 2026 (niedziela) wsp\u00f3lnie uczcijmy to wyj\u0105tkowe \u015bwi\u0119to.W programie:&#x25aa;&#xfe0f; 10:00 \u2013 Msza za Ojczyzn\u0119&#x25aa;&#xfe0f; 11:00 \u2013 Z\u0142o\u017cenie kwiat\u00f3w pod krzy\u017cem&#x25aa;&#xfe0f; 11:15 \u2013 Koncert 3-majowy w Gminnym O\u015brodku Kultury w Bo\u0107kachWyst\u0105pi\u0105:-Klekociaki-Ma\u0142e Klekociaki-Szko\u0142a Podstawowa w Andryjankach-Szko\u0142a Podstawowa im. Jana Paw\u0142a II w Bo\u0107kach-Ma\u0142gorzata Kubaj-Szymon W\u0105\u017c\" \/>\n<meta property=\"og:url\" content=\"https:\/\/gokbocki.pl\/index.php\/2026\/04\/28\/obchody-swieta-konstytucji-3-maja-w-bockach-2\/\" \/>\n<meta property=\"og:site_name\" content=\"Gminny O\u015brodek Kultury w Bo\u0107kach\" \/>\n<meta property=\"article:published_time\" content=\"2026-04-28T13:36:28+00:00\" \/>\n<meta property=\"article:modified_time\" content=\"2026-04-28T13:36:30+00:00\" \/>\n<meta property=\"og:image\" content=\"https:\/\/gokbocki.pl\/wp-content\/uploads\/2026\/04\/3-maja-plakat-11-724x1024.png\" \/>\n<meta name=\"author\" content=\"admin\" \/>\n<meta name=\"twitter:card\" content=\"summary_large_image\" \/>\n<meta name=\"twitter:label1\" content=\"Napisane przez\" \/>\n\t<meta name=\"twitter:data1\" content=\"admin\" \/>\n\t<meta name=\"twitter:label2\" content=\"Szacowany czas czytania\" \/>\n\t<meta name=\"twitter:data2\" content=\"1 minuta\" \/>\n<script type=\"application\/ld+json\" class=\"yoast-schema-graph\">{\"@context\":\"https:\/\/schema.org\",\"@graph\":[{\"@type\":\"WebPage\",\"@id\":\"https:\/\/gokbocki.pl\/index.php\/2026\/04\/28\/obchody-swieta-konstytucji-3-maja-w-bockach-2\/\",\"url\":\"https:\/\/gokbocki.pl\/index.php\/2026\/04\/28\/obchody-swieta-konstytucji-3-maja-w-bockach-2\/\",\"name\":\"Obchody \u015awi\u0119ta Konstytucji 3 Maja w Bo\u0107kach - Gminny O\u015brodek Kultury w Bo\u0107kach\",\"isPartOf\":{\"@id\":\"https:\/\/gokbocki.pl\/#website\"},\"datePublished\":\"2026-04-28T13:36:28+00:00\",\"dateModified\":\"2026-04-28T13:36:30+00:00\",\"author\":{\"@id\":\"https:\/\/gokbocki.pl\/#\/schema\/person\/32a0381e1f259128348b84ce4d001412\"},\"breadcrumb\":{\"@id\":\"https:\/\/gokbocki.pl\/index.php\/2026\/04\/28\/obchody-swieta-konstytucji-3-maja-w-bockach-2\/#breadcrumb\"},\"inLanguage\":\"pl-PL\",\"potentialAction\":[{\"@type\":\"ReadAction\",\"target\":[\"https:\/\/gokbocki.pl\/index.php\/2026\/04\/28\/obchody-swieta-konstytucji-3-maja-w-bockach-2\/\"]}]},{\"@type\":\"BreadcrumbList\",\"@id\":\"https:\/\/gokbocki.pl\/index.php\/2026\/04\/28\/obchody-swieta-konstytucji-3-maja-w-bockach-2\/#breadcrumb\",\"itemListElement\":[{\"@type\":\"ListItem\",\"position\":1,\"name\":\"Strona g\u0142\u00f3wna\",\"item\":\"https:\/\/gokbocki.pl\/\"},{\"@type\":\"ListItem\",\"position\":2,\"name\":\"Obchody \u015awi\u0119ta Konstytucji 3 Maja w Bo\u0107kach\"}]},{\"@type\":\"WebSite\",\"@id\":\"https:\/\/gokbocki.pl\/#website\",\"url\":\"https:\/\/gokbocki.pl\/\",\"name\":\"Gminny O\u015brodek Kultury w Bo\u0107kach\",\"description\":\"GOK BO\u0106KI\",\"potentialAction\":[{\"@type\":\"SearchAction\",\"target\":{\"@type\":\"EntryPoint\",\"urlTemplate\":\"https:\/\/gokbocki.pl\/?s={search_term_string}\"},\"query-input\":\"required name=search_term_string\"}],\"inLanguage\":\"pl-PL\"},{\"@type\":\"Person\",\"@id\":\"https:\/\/gokbocki.pl\/#\/schema\/person\/32a0381e1f259128348b84ce4d001412\",\"name\":\"admin\",\"image\":{\"@type\":\"ImageObject\",\"inLanguage\":\"pl-PL\",\"@id\":\"https:\/\/gokbocki.pl\/#\/schema\/person\/image\/\",\"url\":\"https:\/\/secure.gravatar.com\/avatar\/ee27fe75b11e058e31443c0a5a21fc25?s=96&d=mm&r=g\",\"contentUrl\":\"https:\/\/secure.gravatar.com\/avatar\/ee27fe75b11e058e31443c0a5a21fc25?s=96&d=mm&r=g\",\"caption\":\"admin\"},\"url\":\"https:\/\/gokbocki.pl\/index.php\/author\/admin\/\"}]}<\/script>\n<!-- \/ Yoast SEO plugin. -->","yoast_head_json":{"title":"Obchody \u015awi\u0119ta Konstytucji 3 Maja w Bo\u0107kach - Gminny O\u015brodek Kultury w Bo\u0107kach","robots":{"index":"index","follow":"follow","max-snippet":"max-snippet:-1","max-image-preview":"max-image-preview:large","max-video-preview":"max-video-preview:-1"},"canonical":"https:\/\/gokbocki.pl\/index.php\/2026\/04\/28\/obchody-swieta-konstytucji-3-maja-w-bockach-2\/","og_locale":"pl_PL","og_type":"article","og_title":"Obchody \u015awi\u0119ta Konstytucji 3 Maja w Bo\u0107kach - Gminny O\u015brodek Kultury w Bo\u0107kach","og_description":"Ju\u017c 3 maja 2026 (niedziela) wsp\u00f3lnie uczcijmy to wyj\u0105tkowe \u015bwi\u0119to.W programie:&#x25aa;&#xfe0f; 10:00 \u2013 Msza za Ojczyzn\u0119&#x25aa;&#xfe0f; 11:00 \u2013 Z\u0142o\u017cenie kwiat\u00f3w pod krzy\u017cem&#x25aa;&#xfe0f; 11:15 \u2013 Koncert 3-majowy w Gminnym O\u015brodku Kultury w Bo\u0107kachWyst\u0105pi\u0105:-Klekociaki-Ma\u0142e Klekociaki-Szko\u0142a Podstawowa w Andryjankach-Szko\u0142a Podstawowa im. Jana Paw\u0142a II w Bo\u0107kach-Ma\u0142gorzata Kubaj-Szymon W\u0105\u017c","og_url":"https:\/\/gokbocki.pl\/index.php\/2026\/04\/28\/obchody-swieta-konstytucji-3-maja-w-bockach-2\/","og_site_name":"Gminny O\u015brodek Kultury w Bo\u0107kach","article_published_time":"2026-04-28T13:36:28+00:00","article_modified_time":"2026-04-28T13:36:30+00:00","og_image":[{"url":"https:\/\/gokbocki.pl\/wp-content\/uploads\/2026\/04\/3-maja-plakat-11-724x1024.png"}],"author":"admin","twitter_card":"summary_large_image","twitter_misc":{"Napisane przez":"admin","Szacowany czas czytania":"1 minuta"},"schema":{"@context":"https:\/\/schema.org","@graph":[{"@type":"WebPage","@id":"https:\/\/gokbocki.pl\/index.php\/2026\/04\/28\/obchody-swieta-konstytucji-3-maja-w-bockach-2\/","url":"https:\/\/gokbocki.pl\/index.php\/2026\/04\/28\/obchody-swieta-konstytucji-3-maja-w-bockach-2\/","name":"Obchody \u015awi\u0119ta Konstytucji 3 Maja w Bo\u0107kach - Gminny O\u015brodek Kultury w Bo\u0107kach","isPartOf":{"@id":"https:\/\/gokbocki.pl\/#website"},"datePublished":"2026-04-28T13:36:28+00:00","dateModified":"2026-04-28T13:36:30+00:00","author":{"@id":"https:\/\/gokbocki.pl\/#\/schema\/person\/32a0381e1f259128348b84ce4d001412"},"breadcrumb":{"@id":"https:\/\/gokbocki.pl\/index.php\/2026\/04\/28\/obchody-swieta-konstytucji-3-maja-w-bockach-2\/#breadcrumb"},"inLanguage":"pl-PL","potentialAction":[{"@type":"ReadAction","target":["https:\/\/gokbocki.pl\/index.php\/2026\/04\/28\/obchody-swieta-konstytucji-3-maja-w-bockach-2\/"]}]},{"@type":"BreadcrumbList","@id":"https:\/\/gokbocki.pl\/index.php\/2026\/04\/28\/obchody-swieta-konstytucji-3-maja-w-bockach-2\/#breadcrumb","itemListElement":[{"@type":"ListItem","position":1,"name":"Strona g\u0142\u00f3wna","item":"https:\/\/gokbocki.pl\/"},{"@type":"ListItem","position":2,"name":"Obchody \u015awi\u0119ta Konstytucji 3 Maja w Bo\u0107kach"}]},{"@type":"WebSite","@id":"https:\/\/gokbocki.pl\/#website","url":"https:\/\/gokbocki.pl\/","name":"Gminny O\u015brodek Kultury w Bo\u0107kach","description":"GOK BO\u0106KI","potentialAction":[{"@type":"SearchAction","target":{"@type":"EntryPoint","urlTemplate":"https:\/\/gokbocki.pl\/?s={search_term_string}"},"query-input":"required name=search_term_string"}],"inLanguage":"pl-PL"},{"@type":"Person","@id":"https:\/\/gokbocki.pl\/#\/schema\/person\/32a0381e1f259128348b84ce4d001412","name":"admin","image":{"@type":"ImageObject","inLanguage":"pl-PL","@id":"https:\/\/gokbocki.pl\/#\/schema\/person\/image\/","url":"https:\/\/secure.gravatar.com\/avatar\/ee27fe75b11e058e31443c0a5a21fc25?s=96&d=mm&r=g","contentUrl":"https:\/\/secure.gravatar.com\/avatar\/ee27fe75b11e058e31443c0a5a21fc25?s=96&d=mm&r=g","caption":"admin"},"url":"https:\/\/gokbocki.pl\/index.php\/author\/admin\/"}]}},"_links":{"self":[{"href":"https:\/\/gokbocki.pl\/index.php\/wp-json\/wp\/v2\/posts\/5654"}],"collection":[{"href":"https:\/\/gokbocki.pl\/index.php\/wp-json\/wp\/v2\/posts"}],"about":[{"href":"https:\/\/gokbocki.pl\/index.php\/wp-json\/wp\/v2\/types\/post"}],"author":[{"embeddable":true,"href":"https:\/\/gokbocki.pl\/index.php\/wp-json\/wp\/v2\/users\/1"}],"replies":[{"embeddable":true,"href":"https:\/\/gokbocki.pl\/index.php\/wp-json\/wp\/v2\/comments?post=5654"}],"version-history":[{"count":1,"href":"https:\/\/gokbocki.pl\/index.php\/wp-json\/wp\/v2\/posts\/5654\/revisions"}],"predecessor-version":[{"id":5656,"href":"https:\/\/gokbocki.pl\/index.php\/wp-json\/wp\/v2\/posts\/5654\/revisions\/5656"}],"wp:attachment":[{"href":"https:\/\/gokbocki.pl\/index.php\/wp-json\/wp\/v2\/media?parent=5654"}],"wp:term":[{"taxonomy":"category","embeddable":true,"href":"https:\/\/gokbocki.pl\/index.php\/wp-json\/wp\/v2\/categories?post=5654"},{"taxonomy":"post_tag","embeddable":true,"href":"https:\/\/gokbocki.pl\/index.php\/wp-json\/wp\/v2\/tags?post=5654"}],"curies":[{"name":"wp","href":"https:\/\/api.w.org\/{rel}","templated":true}]}}