{"id":5668,"date":"2026-04-30T13:34:14","date_gmt":"2026-04-30T11:34:14","guid":{"rendered":"https:\/\/gokbocki.pl\/?p=5668"},"modified":"2026-04-30T13:34:15","modified_gmt":"2026-04-30T11:34:15","slug":"sniadanie-w-gminnym-osrodku-kultury-w-bockach-europejski-dzien-sniadania","status":"publish","type":"post","link":"https:\/\/gokbocki.pl\/index.php\/2026\/04\/30\/sniadanie-w-gminnym-osrodku-kultury-w-bockach-europejski-dzien-sniadania\/","title":{"rendered":"\u015aniadanie w Gminnym O\u015brodku Kultury w Bo\u0107kach- Europejski Dzie\u0144 \u015aniadania"},"content":{"rendered":"<p data-start=\"58\" data-end=\"189\">Serdecznie dzi\u0119kujemy wszystkim uczestnikom za obecno\u015b\u0107 podczas Europejskiego Dnia \u015aniadania w Gminnym O\u015brodku Kultury w Bo\u0107kach.<br \/>Cieszy nas tak du\u017ce zainteresowanie wydarzeniem oraz wsp\u00f3lnie sp\u0119dzony czas przy \u015bniadaniu w mi\u0142ej, spokojnej atmosferze. Pa\u0144stwa obecno\u015b\u0107 stworzy\u0142a wyj\u0105tkowy klimat spotkania i pokaza\u0142a, jak wa\u017cne s\u0105 lokalne inicjatywy integruj\u0105ce mieszka\u0144c\u00f3w.<br \/>Dzi\u0119kujemy za rozmowy i wsp\u00f3lne rozpocz\u0119cie dnia.<br \/>Zapraszamy do udzia\u0142u w kolejnych wydarzeniach organizowanych przez Gminny O\u015brodek Kultury w Bo\u0107kach.<\/p>\n\n\n<figure class=\"is-layout-flex wp-block-gallery-1 wp-block-gallery has-nested-images columns-default is-cropped\">\n<figure class=\"wp-block-image size-large\"><img decoding=\"async\" loading=\"lazy\" width=\"1024\" height=\"768\" data-id=\"5669\"  src=\"https:\/\/gokbocki.pl\/wp-content\/uploads\/2026\/04\/20260422_072957-1024x768.jpg\" alt=\"\" class=\"wp-image-5669\" srcset=\"https:\/\/gokbocki.pl\/wp-content\/uploads\/2026\/04\/20260422_072957-1024x768.jpg 1024w, https:\/\/gokbocki.pl\/wp-content\/uploads\/2026\/04\/20260422_072957-300x225.jpg 300w, https:\/\/gokbocki.pl\/wp-content\/uploads\/2026\/04\/20260422_072957-768x576.jpg 768w, https:\/\/gokbocki.pl\/wp-content\/uploads\/2026\/04\/20260422_072957-1536x1152.jpg 1536w, https:\/\/gokbocki.pl\/wp-content\/uploads\/2026\/04\/20260422_072957-2048x1536.jpg 2048w, https:\/\/gokbocki.pl\/wp-content\/uploads\/2026\/04\/20260422_072957-820x615.jpg 820w\" sizes=\"(max-width: 1024px) 100vw, 1024px\" \/><\/figure>\n\n\n\n<figure class=\"wp-block-image size-large\"><img decoding=\"async\" loading=\"lazy\" width=\"768\" height=\"1024\" data-id=\"5673\"  src=\"https:\/\/gokbocki.pl\/wp-content\/uploads\/2026\/04\/20260422_075257-768x1024.jpg\" alt=\"\" class=\"wp-image-5673\" srcset=\"https:\/\/gokbocki.pl\/wp-content\/uploads\/2026\/04\/20260422_075257-768x1024.jpg 768w, https:\/\/gokbocki.pl\/wp-content\/uploads\/2026\/04\/20260422_075257-225x300.jpg 225w, https:\/\/gokbocki.pl\/wp-content\/uploads\/2026\/04\/20260422_075257-1152x1536.jpg 1152w, https:\/\/gokbocki.pl\/wp-content\/uploads\/2026\/04\/20260422_075257-1536x2048.jpg 1536w, https:\/\/gokbocki.pl\/wp-content\/uploads\/2026\/04\/20260422_075257-820x1093.jpg 820w, https:\/\/gokbocki.pl\/wp-content\/uploads\/2026\/04\/20260422_075257-scaled.jpg 1920w\" sizes=\"(max-width: 768px) 100vw, 768px\" \/><\/figure>\n\n\n\n<figure class=\"wp-block-image size-large\"><img decoding=\"async\" loading=\"lazy\" width=\"768\" height=\"1024\" data-id=\"5671\"  src=\"https:\/\/gokbocki.pl\/wp-content\/uploads\/2026\/04\/20260422_075423-768x1024.jpg\" alt=\"\" class=\"wp-image-5671\" srcset=\"https:\/\/gokbocki.pl\/wp-content\/uploads\/2026\/04\/20260422_075423-768x1024.jpg 768w, https:\/\/gokbocki.pl\/wp-content\/uploads\/2026\/04\/20260422_075423-225x300.jpg 225w, https:\/\/gokbocki.pl\/wp-content\/uploads\/2026\/04\/20260422_075423-1152x1536.jpg 1152w, https:\/\/gokbocki.pl\/wp-content\/uploads\/2026\/04\/20260422_075423-1536x2048.jpg 1536w, https:\/\/gokbocki.pl\/wp-content\/uploads\/2026\/04\/20260422_075423-820x1093.jpg 820w, https:\/\/gokbocki.pl\/wp-content\/uploads\/2026\/04\/20260422_075423-scaled.jpg 1920w\" sizes=\"(max-width: 768px) 100vw, 768px\" \/><\/figure>\n\n\n\n<figure class=\"wp-block-image size-large\"><img decoding=\"async\" loading=\"lazy\" width=\"1024\" height=\"768\" data-id=\"5670\"  src=\"https:\/\/gokbocki.pl\/wp-content\/uploads\/2026\/04\/20260422_082508-1024x768.jpg\" alt=\"\" class=\"wp-image-5670\" srcset=\"https:\/\/gokbocki.pl\/wp-content\/uploads\/2026\/04\/20260422_082508-1024x768.jpg 1024w, https:\/\/gokbocki.pl\/wp-content\/uploads\/2026\/04\/20260422_082508-300x225.jpg 300w, https:\/\/gokbocki.pl\/wp-content\/uploads\/2026\/04\/20260422_082508-768x576.jpg 768w, https:\/\/gokbocki.pl\/wp-content\/uploads\/2026\/04\/20260422_082508-1536x1152.jpg 1536w, https:\/\/gokbocki.pl\/wp-content\/uploads\/2026\/04\/20260422_082508-2048x1536.jpg 2048w, https:\/\/gokbocki.pl\/wp-content\/uploads\/2026\/04\/20260422_082508-820x615.jpg 820w\" sizes=\"(max-width: 1024px) 100vw, 1024px\" \/><\/figure>\n\n\n\n<figure class=\"wp-block-image size-large\"><img decoding=\"async\" loading=\"lazy\" width=\"768\" height=\"1024\" data-id=\"5672\"  src=\"https:\/\/gokbocki.pl\/wp-content\/uploads\/2026\/04\/20260422_082526-768x1024.jpg\" alt=\"\" class=\"wp-image-5672\" srcset=\"https:\/\/gokbocki.pl\/wp-content\/uploads\/2026\/04\/20260422_082526-768x1024.jpg 768w, https:\/\/gokbocki.pl\/wp-content\/uploads\/2026\/04\/20260422_082526-225x300.jpg 225w, https:\/\/gokbocki.pl\/wp-content\/uploads\/2026\/04\/20260422_082526-1152x1536.jpg 1152w, https:\/\/gokbocki.pl\/wp-content\/uploads\/2026\/04\/20260422_082526-1536x2048.jpg 1536w, https:\/\/gokbocki.pl\/wp-content\/uploads\/2026\/04\/20260422_082526-820x1093.jpg 820w, https:\/\/gokbocki.pl\/wp-content\/uploads\/2026\/04\/20260422_082526-scaled.jpg 1920w\" sizes=\"(max-width: 768px) 100vw, 768px\" \/><\/figure>\n<\/figure>\n","protected":false},"excerpt":{"rendered":"<p>Serdecznie dzi\u0119kujemy wszystkim uczestnikom za obecno\u015b\u0107 podczas Europejskiego Dnia \u015aniadania w Gminnym O\u015brodku Kultury w Bo\u0107kach.Cieszy nas tak du\u017ce zainteresowanie wydarzeniem oraz wsp\u00f3lnie sp\u0119dzony czas przy \u015bniadaniu w mi\u0142ej, spokojnej atmosferze. Pa\u0144stwa obecno\u015b\u0107 stworzy\u0142a wyj\u0105tkowy klimat spotkania i pokaza\u0142a, jak wa\u017cne s\u0105 lokalne inicjatywy integruj\u0105ce mieszka\u0144c\u00f3w.Dzi\u0119kujemy za rozmowy i wsp\u00f3lne rozpocz\u0119cie dnia.Zapraszamy do udzia\u0142u w [&hellip;]<\/p>\n","protected":false},"author":1,"featured_media":0,"comment_status":"open","ping_status":"open","sticky":true,"template":"","format":"standard","meta":[],"categories":[24],"tags":[587,628,626,630,627,631,632,589,625,633,629],"yoast_head":"<!-- This site is optimized with the Yoast SEO plugin v20.2.1 - https:\/\/yoast.com\/wordpress\/plugins\/seo\/ -->\n<title>\u015aniadanie w Gminnym O\u015brodku Kultury w Bo\u0107kach- Europejski Dzie\u0144 \u015aniadania - Gminny O\u015brodek Kultury w Bo\u0107kach<\/title>\n<meta name=\"robots\" content=\"index, follow, max-snippet:-1, max-image-preview:large, max-video-preview:-1\" \/>\n<link rel=\"canonical\" href=\"https:\/\/gokbocki.pl\/index.php\/2026\/04\/30\/sniadanie-w-gminnym-osrodku-kultury-w-bockach-europejski-dzien-sniadania\/\" \/>\n<meta property=\"og:locale\" content=\"pl_PL\" \/>\n<meta property=\"og:type\" content=\"article\" \/>\n<meta property=\"og:title\" content=\"\u015aniadanie w Gminnym O\u015brodku Kultury w Bo\u0107kach- Europejski Dzie\u0144 \u015aniadania - Gminny O\u015brodek Kultury w Bo\u0107kach\" \/>\n<meta property=\"og:description\" content=\"Serdecznie dzi\u0119kujemy wszystkim uczestnikom za obecno\u015b\u0107 podczas Europejskiego Dnia \u015aniadania w Gminnym O\u015brodku Kultury w Bo\u0107kach.Cieszy nas tak du\u017ce zainteresowanie wydarzeniem oraz wsp\u00f3lnie sp\u0119dzony czas przy \u015bniadaniu w mi\u0142ej, spokojnej atmosferze. Pa\u0144stwa obecno\u015b\u0107 stworzy\u0142a wyj\u0105tkowy klimat spotkania i pokaza\u0142a, jak wa\u017cne s\u0105 lokalne inicjatywy integruj\u0105ce mieszka\u0144c\u00f3w.Dzi\u0119kujemy za rozmowy i wsp\u00f3lne rozpocz\u0119cie dnia.Zapraszamy do udzia\u0142u w [&hellip;]\" \/>\n<meta property=\"og:url\" content=\"https:\/\/gokbocki.pl\/index.php\/2026\/04\/30\/sniadanie-w-gminnym-osrodku-kultury-w-bockach-europejski-dzien-sniadania\/\" \/>\n<meta property=\"og:site_name\" content=\"Gminny O\u015brodek Kultury w Bo\u0107kach\" \/>\n<meta property=\"article:published_time\" content=\"2026-04-30T11:34:14+00:00\" \/>\n<meta property=\"article:modified_time\" content=\"2026-04-30T11:34:15+00:00\" \/>\n<meta property=\"og:image\" content=\"https:\/\/gokbocki.pl\/wp-content\/uploads\/2026\/04\/20260422_072957-1024x768.jpg\" \/>\n<meta name=\"author\" content=\"admin\" \/>\n<meta name=\"twitter:card\" content=\"summary_large_image\" \/>\n<meta name=\"twitter:label1\" content=\"Napisane przez\" \/>\n\t<meta name=\"twitter:data1\" content=\"admin\" \/>\n\t<meta name=\"twitter:label2\" content=\"Szacowany czas czytania\" \/>\n\t<meta name=\"twitter:data2\" content=\"2 minuty\" \/>\n<script type=\"application\/ld+json\" class=\"yoast-schema-graph\">{\"@context\":\"https:\/\/schema.org\",\"@graph\":[{\"@type\":\"WebPage\",\"@id\":\"https:\/\/gokbocki.pl\/index.php\/2026\/04\/30\/sniadanie-w-gminnym-osrodku-kultury-w-bockach-europejski-dzien-sniadania\/\",\"url\":\"https:\/\/gokbocki.pl\/index.php\/2026\/04\/30\/sniadanie-w-gminnym-osrodku-kultury-w-bockach-europejski-dzien-sniadania\/\",\"name\":\"\u015aniadanie w Gminnym O\u015brodku Kultury w Bo\u0107kach- Europejski Dzie\u0144 \u015aniadania - Gminny O\u015brodek Kultury w Bo\u0107kach\",\"isPartOf\":{\"@id\":\"https:\/\/gokbocki.pl\/#website\"},\"datePublished\":\"2026-04-30T11:34:14+00:00\",\"dateModified\":\"2026-04-30T11:34:15+00:00\",\"author\":{\"@id\":\"https:\/\/gokbocki.pl\/#\/schema\/person\/32a0381e1f259128348b84ce4d001412\"},\"breadcrumb\":{\"@id\":\"https:\/\/gokbocki.pl\/index.php\/2026\/04\/30\/sniadanie-w-gminnym-osrodku-kultury-w-bockach-europejski-dzien-sniadania\/#breadcrumb\"},\"inLanguage\":\"pl-PL\",\"potentialAction\":[{\"@type\":\"ReadAction\",\"target\":[\"https:\/\/gokbocki.pl\/index.php\/2026\/04\/30\/sniadanie-w-gminnym-osrodku-kultury-w-bockach-europejski-dzien-sniadania\/\"]}]},{\"@type\":\"BreadcrumbList\",\"@id\":\"https:\/\/gokbocki.pl\/index.php\/2026\/04\/30\/sniadanie-w-gminnym-osrodku-kultury-w-bockach-europejski-dzien-sniadania\/#breadcrumb\",\"itemListElement\":[{\"@type\":\"ListItem\",\"position\":1,\"name\":\"Strona g\u0142\u00f3wna\",\"item\":\"https:\/\/gokbocki.pl\/\"},{\"@type\":\"ListItem\",\"position\":2,\"name\":\"\u015aniadanie w Gminnym O\u015brodku Kultury w Bo\u0107kach- Europejski Dzie\u0144 \u015aniadania\"}]},{\"@type\":\"WebSite\",\"@id\":\"https:\/\/gokbocki.pl\/#website\",\"url\":\"https:\/\/gokbocki.pl\/\",\"name\":\"Gminny O\u015brodek Kultury w Bo\u0107kach\",\"description\":\"GOK BO\u0106KI\",\"potentialAction\":[{\"@type\":\"SearchAction\",\"target\":{\"@type\":\"EntryPoint\",\"urlTemplate\":\"https:\/\/gokbocki.pl\/?s={search_term_string}\"},\"query-input\":\"required name=search_term_string\"}],\"inLanguage\":\"pl-PL\"},{\"@type\":\"Person\",\"@id\":\"https:\/\/gokbocki.pl\/#\/schema\/person\/32a0381e1f259128348b84ce4d001412\",\"name\":\"admin\",\"image\":{\"@type\":\"ImageObject\",\"inLanguage\":\"pl-PL\",\"@id\":\"https:\/\/gokbocki.pl\/#\/schema\/person\/image\/\",\"url\":\"https:\/\/secure.gravatar.com\/avatar\/ee27fe75b11e058e31443c0a5a21fc25?s=96&d=mm&r=g\",\"contentUrl\":\"https:\/\/secure.gravatar.com\/avatar\/ee27fe75b11e058e31443c0a5a21fc25?s=96&d=mm&r=g\",\"caption\":\"admin\"},\"url\":\"https:\/\/gokbocki.pl\/index.php\/author\/admin\/\"}]}<\/script>\n<!-- \/ Yoast SEO plugin. -->","yoast_head_json":{"title":"\u015aniadanie w Gminnym O\u015brodku Kultury w Bo\u0107kach- Europejski Dzie\u0144 \u015aniadania - Gminny O\u015brodek Kultury w Bo\u0107kach","robots":{"index":"index","follow":"follow","max-snippet":"max-snippet:-1","max-image-preview":"max-image-preview:large","max-video-preview":"max-video-preview:-1"},"canonical":"https:\/\/gokbocki.pl\/index.php\/2026\/04\/30\/sniadanie-w-gminnym-osrodku-kultury-w-bockach-europejski-dzien-sniadania\/","og_locale":"pl_PL","og_type":"article","og_title":"\u015aniadanie w Gminnym O\u015brodku Kultury w Bo\u0107kach- Europejski Dzie\u0144 \u015aniadania - Gminny O\u015brodek Kultury w Bo\u0107kach","og_description":"Serdecznie dzi\u0119kujemy wszystkim uczestnikom za obecno\u015b\u0107 podczas Europejskiego Dnia \u015aniadania w Gminnym O\u015brodku Kultury w Bo\u0107kach.Cieszy nas tak du\u017ce zainteresowanie wydarzeniem oraz wsp\u00f3lnie sp\u0119dzony czas przy \u015bniadaniu w mi\u0142ej, spokojnej atmosferze. Pa\u0144stwa obecno\u015b\u0107 stworzy\u0142a wyj\u0105tkowy klimat spotkania i pokaza\u0142a, jak wa\u017cne s\u0105 lokalne inicjatywy integruj\u0105ce mieszka\u0144c\u00f3w.Dzi\u0119kujemy za rozmowy i wsp\u00f3lne rozpocz\u0119cie dnia.Zapraszamy do udzia\u0142u w [&hellip;]","og_url":"https:\/\/gokbocki.pl\/index.php\/2026\/04\/30\/sniadanie-w-gminnym-osrodku-kultury-w-bockach-europejski-dzien-sniadania\/","og_site_name":"Gminny O\u015brodek Kultury w Bo\u0107kach","article_published_time":"2026-04-30T11:34:14+00:00","article_modified_time":"2026-04-30T11:34:15+00:00","og_image":[{"url":"https:\/\/gokbocki.pl\/wp-content\/uploads\/2026\/04\/20260422_072957-1024x768.jpg"}],"author":"admin","twitter_card":"summary_large_image","twitter_misc":{"Napisane przez":"admin","Szacowany czas czytania":"2 minuty"},"schema":{"@context":"https:\/\/schema.org","@graph":[{"@type":"WebPage","@id":"https:\/\/gokbocki.pl\/index.php\/2026\/04\/30\/sniadanie-w-gminnym-osrodku-kultury-w-bockach-europejski-dzien-sniadania\/","url":"https:\/\/gokbocki.pl\/index.php\/2026\/04\/30\/sniadanie-w-gminnym-osrodku-kultury-w-bockach-europejski-dzien-sniadania\/","name":"\u015aniadanie w Gminnym O\u015brodku Kultury w Bo\u0107kach- Europejski Dzie\u0144 \u015aniadania - Gminny O\u015brodek Kultury w Bo\u0107kach","isPartOf":{"@id":"https:\/\/gokbocki.pl\/#website"},"datePublished":"2026-04-30T11:34:14+00:00","dateModified":"2026-04-30T11:34:15+00:00","author":{"@id":"https:\/\/gokbocki.pl\/#\/schema\/person\/32a0381e1f259128348b84ce4d001412"},"breadcrumb":{"@id":"https:\/\/gokbocki.pl\/index.php\/2026\/04\/30\/sniadanie-w-gminnym-osrodku-kultury-w-bockach-europejski-dzien-sniadania\/#breadcrumb"},"inLanguage":"pl-PL","potentialAction":[{"@type":"ReadAction","target":["https:\/\/gokbocki.pl\/index.php\/2026\/04\/30\/sniadanie-w-gminnym-osrodku-kultury-w-bockach-europejski-dzien-sniadania\/"]}]},{"@type":"BreadcrumbList","@id":"https:\/\/gokbocki.pl\/index.php\/2026\/04\/30\/sniadanie-w-gminnym-osrodku-kultury-w-bockach-europejski-dzien-sniadania\/#breadcrumb","itemListElement":[{"@type":"ListItem","position":1,"name":"Strona g\u0142\u00f3wna","item":"https:\/\/gokbocki.pl\/"},{"@type":"ListItem","position":2,"name":"\u015aniadanie w Gminnym O\u015brodku Kultury w Bo\u0107kach- Europejski Dzie\u0144 \u015aniadania"}]},{"@type":"WebSite","@id":"https:\/\/gokbocki.pl\/#website","url":"https:\/\/gokbocki.pl\/","name":"Gminny O\u015brodek Kultury w Bo\u0107kach","description":"GOK BO\u0106KI","potentialAction":[{"@type":"SearchAction","target":{"@type":"EntryPoint","urlTemplate":"https:\/\/gokbocki.pl\/?s={search_term_string}"},"query-input":"required name=search_term_string"}],"inLanguage":"pl-PL"},{"@type":"Person","@id":"https:\/\/gokbocki.pl\/#\/schema\/person\/32a0381e1f259128348b84ce4d001412","name":"admin","image":{"@type":"ImageObject","inLanguage":"pl-PL","@id":"https:\/\/gokbocki.pl\/#\/schema\/person\/image\/","url":"https:\/\/secure.gravatar.com\/avatar\/ee27fe75b11e058e31443c0a5a21fc25?s=96&d=mm&r=g","contentUrl":"https:\/\/secure.gravatar.com\/avatar\/ee27fe75b11e058e31443c0a5a21fc25?s=96&d=mm&r=g","caption":"admin"},"url":"https:\/\/gokbocki.pl\/index.php\/author\/admin\/"}]}},"_links":{"self":[{"href":"https:\/\/gokbocki.pl\/index.php\/wp-json\/wp\/v2\/posts\/5668"}],"collection":[{"href":"https:\/\/gokbocki.pl\/index.php\/wp-json\/wp\/v2\/posts"}],"about":[{"href":"https:\/\/gokbocki.pl\/index.php\/wp-json\/wp\/v2\/types\/post"}],"author":[{"embeddable":true,"href":"https:\/\/gokbocki.pl\/index.php\/wp-json\/wp\/v2\/users\/1"}],"replies":[{"embeddable":true,"href":"https:\/\/gokbocki.pl\/index.php\/wp-json\/wp\/v2\/comments?post=5668"}],"version-history":[{"count":1,"href":"https:\/\/gokbocki.pl\/index.php\/wp-json\/wp\/v2\/posts\/5668\/revisions"}],"predecessor-version":[{"id":5674,"href":"https:\/\/gokbocki.pl\/index.php\/wp-json\/wp\/v2\/posts\/5668\/revisions\/5674"}],"wp:attachment":[{"href":"https:\/\/gokbocki.pl\/index.php\/wp-json\/wp\/v2\/media?parent=5668"}],"wp:term":[{"taxonomy":"category","embeddable":true,"href":"https:\/\/gokbocki.pl\/index.php\/wp-json\/wp\/v2\/categories?post=5668"},{"taxonomy":"post_tag","embeddable":true,"href":"https:\/\/gokbocki.pl\/index.php\/wp-json\/wp\/v2\/tags?post=5668"}],"curies":[{"name":"wp","href":"https:\/\/api.w.org\/{rel}","templated":true}]}}