{"id":894,"date":"2019-08-14T14:31:28","date_gmt":"2019-08-14T12:31:28","guid":{"rendered":"http:\/\/gokbocki.pl\/?p=894"},"modified":"2019-08-14T14:39:15","modified_gmt":"2019-08-14T12:39:15","slug":"uprawy-tlenowcow-szansa-na-zrownowazony-rozwoj-wsi","status":"publish","type":"post","link":"https:\/\/gokbocki.pl\/index.php\/2019\/08\/14\/uprawy-tlenowcow-szansa-na-zrownowazony-rozwoj-wsi\/","title":{"rendered":"\u201eUprawy tlenowc\u00f3w szans\u0105 na zr\u00f3wnowa\u017cony rozw\u00f3j wsi\u201d"},"content":{"rendered":"\n<p class=\"has-text-color has-very-dark-gray-color\">Informujemy o rozpocz\u0119ciu szkole\u0144 w ramach projekt pt. <strong><em>\u201e<\/em>Uprawy tlenowc\u00f3w szans\u0105 na zr\u00f3wnowa\u017cony rozw\u00f3j wsi<em>\u201d<\/em><\/strong> sfinansowanego ze \u015brodk\u00f3w Krajowej Sieci Obszar\u00f3w Wiejskich Wojew\u00f3dztwa Podlaskiego realizowany we wsp\u00f3\u0142pracy Gminnego O\u015brodka Kultury w Bo\u0107kach, Stowarzyszenia Klekociaki, Centrum Kultury Gminy Kolno oraz Wy\u017csz\u0105 Szko\u0142\u0119 Agrobiznesu.<\/p>\n\n\n\n<p style=\"text-align:center\" class=\"has-text-color has-very-dark-gray-color\"><strong>Regulamin <a>rekrutacji<\/a> i uczestnictwa w projekcie<\/strong><br><strong>\u201eUprawy tlenowc\u00f3w szans\u0105 na zr\u00f3wnowa\u017cony rozw\u00f3j wsi\u201d<\/strong><br><strong>Realizowanym przez Gminny O\u015brodek Kultury w Bo\u0107kach<\/strong><\/p>\n\n\n\n<p class=\"has-text-color has-very-dark-gray-color\"><strong>\u00a7 1. Postanowienia og\u00f3lne<\/strong><\/p>\n\n\n\n<ol><li>Projekt realizowany jest przez Gminny O\u015brodek\nKultury w Bo\u0107kach z siedzib\u0105 ul. Dubie\u0144ska 11, 17-111 Bo\u0107ki, NIP: 543-17-46-876.\nProjekt sfinansowany zosta\u0142 ze \u015brodk\u00f3w Krajowej Sieci Obszar\u00f3w Wiejskich\nWojew\u00f3dztwa Podlaskiego realizowany we wsp\u00f3\u0142pracy, Gminnego O\u015brodka Kultury w\nBo\u0107kach, Stowarzyszenia KLEKOCIAKI, Centrum Kultury Gminy Kolno oraz Wy\u017csz\u0105\nSzko\u0142\u0119 Agrobiznesu.<\/li><li>Regulamin zawiera warunki udzia\u0142u w projekcie,\nokre\u015blaj\u0105ce prawa i obowi\u0105zki osoby przyst\u0119puj\u0105cej do Projektu, zwanej dalej\n\u201eUczestnikiem Projektu\u201d.<\/li><li>Projekt realizowany jest w okresie 01.06.2019 r.\n\u2013 30.09.2019 r.<\/li><li>Miejscem realizacji projektu jest wojew\u00f3dztwo podlaskie.<\/li><\/ol>\n\n\n\n<p class=\"has-text-color has-very-dark-gray-color\"><strong>\u00a7 2. S\u0142ownik poj\u0119\u0107<\/strong><\/p>\n\n\n\n<p>U\u017cyte w\nniniejszym Regulaminie poj\u0119cia i skr\u00f3ty oznaczaj\u0105:<\/p>\n\n\n\n<ol><li>Projekt \u2013 projekt pt. \u201eUprawytlenowc\u00f3w\nszans\u0105 na zr\u00f3wnowa\u017cony rozw\u00f3j wsi\u201d, sfinansowany ze \u015brodk\u00f3w Krajowej Sieci Obszar\u00f3w\nWiejskich Wojew\u00f3dztwa Podlaskiego realizowany we wsp\u00f3\u0142pracy, Gminnego O\u015brodka\nKultury w Bo\u0107kach, Stowarzyszenia KLEKOCIAKI, Centrum Kultury Gminy Kolno oraz\nWy\u017csz\u0105 Szko\u0142\u0119 Agrobiznesu.<\/li><li>Operator &#8211; Gminny O\u015brodek Kultury w Bo\u0107kach<\/li><li>Uczestnik\nprojektu \u2013 osoba zakwalifikowana zgodnie z zasadami okre\u015blonymi w niniejszym\nregulaminie, bezpo\u015brednio korzystaj\u0105ca z warsztat\u00f3w i konferencji projektu<\/li><\/ol>\n\n\n\n<p class=\"has-text-color has-very-dark-gray-color\"><a><strong>\u00a7 3<\/strong><\/a><strong>. <\/strong><strong>Warunki&nbsp;\nuczestnictwa <\/strong><strong>w Projekcie<\/strong><\/p>\n\n\n\n<ol><li>Uczestniczk\u0105\/Uczestnikiem Projektu mo\u017ce zosta\u0107\nosoba spe\u0142niaj\u0105ca nast\u0119puj\u0105ce kryteria:<ol><li>zamieszkuje na terenie obszar\u00f3w wiejskich &nbsp;<\/li><\/ol><ol><li>nie uko\u0144czy\u0142a\n35 rok \u017cycia<\/li><\/ol><ol><li>posiada status osoby bezrobotnej<\/li><\/ol><\/li><\/ol>\n\n\n\n<p class=\"has-text-color has-very-dark-gray-color\"><strong>\u00a7 4. <\/strong><strong>Zasady rekrutacji i kwalifikowalno\u015bci uczestnik\u00f3w<\/strong><\/p>\n\n\n\n<ol><li>Rekrutacja\nb\u0119dzie prowadzona z zachowaniem zasady r\u00f3wno\u015bci szans i niedyskryminacji.<\/li><li>Rekrutacja przeprowadzona zostanie wed\u0142ug\nsprawiedliwych i przejrzystych zasad<\/li><li>Dokumenty zostan\u0105 udost\u0119pnione u Operatora\nprojektu.<\/li><li>Dokumenty rekrutacyjne mo\u017cna sk\u0142ada\u0107 osobi\u015bcie w\nsiedzibie operatora lub online na adres poczty elektronicznej gokbocki@gminabocki.pl.<\/li><\/ol>\n\n\n\n<p class=\"has-text-color has-very-dark-gray-color\"><strong> \u00a7 5. Realizator Projektu zobowi\u0105zuje si\u0119 do zorganizowania nast\u0119puj\u0105cej formy dzia\u0142ania dla Uczestnik\u00f3w projektu<\/strong><\/p>\n\n\n\n<p>Warsztaty, kt\u00f3rych temat to: <em>\u201eTeoretyczne oraz praktyczne zak\u0142adanie upraw tlenowc\u00f3w oraz barci\u201d<\/em> <br>Grupy warsztatowe: 10 os\u00f3b x 5 warsztat\u00f3w. <br>Warsztaty 2-dniowe (10 h)  <br>Zagadnienia poruszane podczas warsztat\u00f3w: zagadnienia prawne zwi\u0105zane z ochron\u0105 \u015brodowiska oraz z zak\u0142adaniem w\u0142asnej dzia\u0142alno\u015bci 2 h, uprawy tlenowc\u00f3w w teorii 1 h, pszczelarstwo w teorii 1 h, uprawy tlenowc\u00f3w w praktyce 3 h, pszczelarstwo w praktyce 3 h.\u00a0\u00a0\u00a0 <br>Prowadzone przez eksperta w dziedzinie drzew tlenowych 4 h, eksperta w dziedzinie pszczelarstwa 4 h, eksperta w dziedzinie prawa 2 h.<br>Podczas warsztat\u00f3w zostan\u0105 wykorzystane: prezentacje multimedialne przygotowane przez ekspert\u00f3w, broszury szkoleniowe oraz informacyjne, film promocyjny (broszury oraz film przygotowane w ramach projektu), notatniki, teczki, d\u0142ugopisy, materia\u0142y dydaktyczne niezb\u0119dne do szkole\u0144 praktycznych tj. model ula do sk\u0142adania podczas warsztat\u00f3w, doniczki, ziemia, sadzonki drzew tlenowych, minimum 3 dla ka\u017cdego uczestnika warsztat\u00f3w oraz narz\u0119dzia ogrodnicze niezb\u0119dne podczas warsztat\u00f3w.<\/p>\n\n\n\n<p class=\"has-text-color has-very-dark-gray-color\"><strong>\u00a7 6. Zasady uczestnictwa w projekcie<\/strong><\/p>\n\n\n\n<ol><li>Uczestnicy Projektu\nzobowi\u0105zani s\u0105 do:<\/li><li>aktywnego uczestnictwa w warsztatach;<\/li><li>potwierdzania uczestnictwa ka\u017cdorazowo na li\u015bcie\nobecno\u015bci;<\/li><li>informowania o zmianie danych teleadresowych.<\/li><\/ol>\n\n\n\n<p class=\"has-text-color has-very-dark-gray-color\"><strong>\u00a7 7. Postanowienia ko\u0144cowe<\/strong><\/p>\n\n\n\n<ol><li>Ostateczna interpretacja niniejszego Regulaminu\nnale\u017cy do Operatora.<\/li><li>Operator zastrzega sobie prawo do wprowadzania zmian\nw niniejszym regulaminie.<\/li><\/ol>\n\n\n\n<p class=\"has-text-color has-very-dark-gray-color\"><strong>\u00a7 8. Administrowanie\ndanych osobowych<\/strong><\/p>\n\n\n\n<p>Niniejsza informacja s\u0142u\u017cy poinformowaniu Pa\u0144stwa o&nbsp;celu, zakresie\ni&nbsp;kategoriach przetwarzania Pa\u0144stwa danych osobowych, o&nbsp;czasie\nprzetwarzania danych oraz o&nbsp;przys\u0142uguj\u0105cych Pa\u0144stwu prawach, zgodnie\nz&nbsp;art. 13\u201314 obowi\u0105zuj\u0105cego od 25 maja 2018 r. Rozporz\u0105dzenia Parlamentu\nEuropejskiego i&nbsp;Rady (UE) 2016\/679 z&nbsp;dnia 27 kwietnia 2016 r.&nbsp;\nw&nbsp;sprawie ochrony os\u00f3b fizycznych w&nbsp;zwi\u0105zku z&nbsp;przetwarzaniem\ndanych osobowych&nbsp; i&nbsp;w&nbsp;sprawie swobodnego przep\u0142ywu takich danych\noraz uchylenia dyrektywy 95\/46\/WE (Dz. Urz. WE L 119 z&nbsp;04.05.2016 r.).<br>\n<br>\nAdministratorem zbieranych i przetwarzanych\ndanych osobowych jest Dyrektor Gminnego O\u015brodka Kultury w Bo\u0107kach , ul.\nDubie\u0144ska 11, 17-111 Bo\u0107ki. Mo\u017ce Pan\/Pani skontaktowa\u0107 si\u0119 z nami osobi\u015bcie,\npoprzez korespondencj\u0119 tradycyjn\u0105 lub telefonicznie pod numerem 85 730 30 43<\/p>\n\n\n\n<p>\u2013 W celu uzyskania informacji dotycz\u0105cych przetwarzanych przez W\u00f3jta\ndanych osobowych mo\u017ce si\u0119 Pan\/Pani skontaktowa\u0107 z naszym Inspektorem Ochrony\nDanych Walenty Korycki &nbsp;za po\u015brednictwem korespondencji e-mail kierowanej\nna adres:&nbsp;<a href=\"mailto:ido@gminabocki.pl\">ido@gminabocki.pl<\/a><\/p>\n\n\n\n<p>\u2013 Zbierane dane osobowe b\u0119d\u0105 przetwarzane w celu realizacji zada\u0144\npublicznych wynikaj\u0105cych z przepis\u00f3w prawa. Przetwarzanie tych danych jest\nniezb\u0119dne do prawid\u0142owego i sprawnego przebiegu zada\u0144 publicznych realizowanych\nprzez W\u00f3jta.<\/p>\n\n\n\n<p>\u2013 W sytuacjach, gdy podanie lub przekazanie danych osobowych nie jest\nkonieczne, przys\u0142uguje Panu\/Pani prawo odmowy podania swych danych lub prawo\nniewyra\u017cenia zgody na ich przetwarzanie (w przypadku zada\u0144 innych ni\u017c zadania\npubliczne). Niepodanie przez Pana\/Pani\u0105 danych osobowych lub brak zgody na ich\nprzetwarzanie b\u0119dzie skutkowa\u0107 brakiem mo\u017cliwo\u015bci realizacji tych zada\u0144.<\/p>\n\n\n\n<p>\u2013 W przypadku wyra\u017cenia przez Pana\/Pani\u0105 zgody na przetwarzanie danych osobowych, mo\u017ce Pan\/Pani wycofa\u0107 j\u0105 w dowolnym momencie. <br>W tym celu nale\u017cy zwr\u00f3ci\u0107 si\u0119 pisemnie do Administratora Danych.<\/p>\n\n\n\n<p>\u2013 Pana\/Pani dane osobowe b\u0119d\u0105 przekazywane uprawnionym instytucjom w szczeg\u00f3lno\u015bci na podstawie obowi\u0105zuj\u0105cych przepis\u00f3w prawa. <br>W usprawiedliwionych przypadkach dane te mog\u0105 by\u0107 udost\u0119pnione, na podstawie um\u00f3w gwarantuj\u0105cych bezpiecze\u0144stwo danych osobowych, instytucjom \u015bwiadcz\u0105cym us\u0142ugi serwisowe, gwarancyjne oraz wsparcia merytorycznego\/organizacyjnego.<\/p>\n\n\n\n<p>\u2013 Pana\/ Pani dane osobowe b\u0119dziemy przetwarza\u0107 przez okres niezb\u0119dny do\nzrealizowania zadania lub zada\u0144 w zwi\u0105zku z kt\u00f3rymi zosta\u0142y zebrane. Po\nzako\u0144czeniu realizacji tych zada\u0144 dane osobowe b\u0119d\u0105 przetwarzane wy\u0142\u0105cznie w\ncalach archiwalnych.<\/p>\n\n\n\n<p>\u2013 Ma Pan\/Pani prawo dost\u0119pu do tre\u015bci podanych danych oraz mo\u017cliwo\u015b\u0107 ich\nuzupe\u0142nienia i aktualizowania. Ma Pan\/Pani prawo \u017c\u0105da\u0107 wstrzymania\nprzetwarzania lub usuni\u0119cia danych, kt\u00f3re zebrali\u015bmy za Pana\/Pani zgod\u0105. R\u00f3wnocze\u015bnie\nma Pan\/Pani prawo do przeniesienia danych osobowych.<\/p>\n\n\n\n<p>\u2013 Przys\u0142uguje Panu\/Pani prawo do wniesienia skargi do organu nadzorczego w przypadku przetwarzania zebranych danych osobowych <br>w spos\u00f3b sprzeczny z rozporz\u0105dzeniem RODO.<\/p>\n\n\n\n<div class=\"wp-block-file\"><a href=\"http:\/\/gokbocki.pl\/wp-content\/uploads\/2019\/08\/Regulamin-bezrobotni_DP.doc\">Regulamin bezrobotni_DP<\/a><a href=\"http:\/\/gokbocki.pl\/wp-content\/uploads\/2019\/08\/Regulamin-bezrobotni_DP.doc\" class=\"wp-block-file__button\" download>Pobierz<\/a><\/div>\n\n\n\n<div class=\"wp-block-file\"><a href=\"http:\/\/gokbocki.pl\/wp-content\/uploads\/2019\/08\/Regulamin-bezrobotni_DP.pdf\">Regulamin bezrobotni_DP<\/a><a href=\"http:\/\/gokbocki.pl\/wp-content\/uploads\/2019\/08\/Regulamin-bezrobotni_DP.pdf\" class=\"wp-block-file__button\" download>Pobierz<\/a><\/div>\n\n\n\n<div class=\"wp-block-file\"><a href=\"http:\/\/gokbocki.pl\/wp-content\/uploads\/2019\/08\/Deklaracja_DP-1.doc\">Deklaracja_DP<\/a><a href=\"http:\/\/gokbocki.pl\/wp-content\/uploads\/2019\/08\/Deklaracja_DP-1.doc\" class=\"wp-block-file__button\" download>Pobierz<\/a><\/div>\n\n\n\n<div class=\"wp-block-file\"><a href=\"http:\/\/gokbocki.pl\/wp-content\/uploads\/2019\/08\/Deklaracja_DP-2.pdf\">Deklaracja_DP<\/a><a href=\"http:\/\/gokbocki.pl\/wp-content\/uploads\/2019\/08\/Deklaracja_DP-2.pdf\" class=\"wp-block-file__button\" download>Pobierz<\/a><\/div>\n\n\n\n<div class=\"wp-block-file\"><a href=\"http:\/\/gokbocki.pl\/wp-content\/uploads\/2019\/08\/umowa_uczestnicy_DP.pdf\">umowa_uczestnicy_DP<\/a><a href=\"http:\/\/gokbocki.pl\/wp-content\/uploads\/2019\/08\/umowa_uczestnicy_DP.pdf\" class=\"wp-block-file__button\" download>Pobierz<\/a><\/div>\n\n\n\n<div class=\"wp-block-file\"><a href=\"http:\/\/gokbocki.pl\/wp-content\/uploads\/2019\/08\/umowa_uczestnicy_DP.doc\">umowa_uczestnicy_DP<\/a><a href=\"http:\/\/gokbocki.pl\/wp-content\/uploads\/2019\/08\/umowa_uczestnicy_DP.doc\" class=\"wp-block-file__button\" download>Pobierz<\/a><\/div>\n\n\n\n<div class=\"wp-block-file\"><a href=\"http:\/\/gokbocki.pl\/wp-content\/uploads\/2019\/08\/Terminy-szkole\u0144-na-stron\u0119.pdf\">Terminy szkole\u0144 na stron\u0119<\/a><a href=\"http:\/\/gokbocki.pl\/wp-content\/uploads\/2019\/08\/Terminy-szkole\u0144-na-stron\u0119.pdf\" class=\"wp-block-file__button\" download>Pobierz<\/a><\/div>\n","protected":false},"excerpt":{"rendered":"<p>Informujemy o rozpocz\u0119ciu szkole\u0144 w ramach projekt pt. \u201eUprawy tlenowc\u00f3w szans\u0105 na zr\u00f3wnowa\u017cony rozw\u00f3j wsi\u201d sfinansowanego ze \u015brodk\u00f3w Krajowej Sieci Obszar\u00f3w Wiejskich Wojew\u00f3dztwa Podlaskiego realizowany we wsp\u00f3\u0142pracy Gminnego O\u015brodka Kultury w Bo\u0107kach, Stowarzyszenia Klekociaki, Centrum Kultury Gminy Kolno oraz Wy\u017csz\u0105 Szko\u0142\u0119 Agrobiznesu. Regulamin rekrutacji i uczestnictwa w projekcie\u201eUprawy tlenowc\u00f3w szans\u0105 na zr\u00f3wnowa\u017cony rozw\u00f3j wsi\u201dRealizowanym przez [&hellip;]<\/p>\n","protected":false},"author":1,"featured_media":0,"comment_status":"closed","ping_status":"closed","sticky":false,"template":"","format":"standard","meta":[],"categories":[24],"tags":[],"yoast_head":"<!-- This site is optimized with the Yoast SEO plugin v20.2.1 - https:\/\/yoast.com\/wordpress\/plugins\/seo\/ -->\n<title>\u201eUprawy tlenowc\u00f3w szans\u0105 na zr\u00f3wnowa\u017cony rozw\u00f3j wsi\u201d - Gminny O\u015brodek Kultury w Bo\u0107kach<\/title>\n<meta name=\"robots\" content=\"index, follow, max-snippet:-1, max-image-preview:large, max-video-preview:-1\" \/>\n<link rel=\"canonical\" href=\"https:\/\/gokbocki.pl\/index.php\/2019\/08\/14\/uprawy-tlenowcow-szansa-na-zrownowazony-rozwoj-wsi\/\" \/>\n<meta property=\"og:locale\" content=\"pl_PL\" \/>\n<meta property=\"og:type\" content=\"article\" \/>\n<meta property=\"og:title\" content=\"\u201eUprawy tlenowc\u00f3w szans\u0105 na zr\u00f3wnowa\u017cony rozw\u00f3j wsi\u201d - Gminny O\u015brodek Kultury w Bo\u0107kach\" \/>\n<meta property=\"og:description\" content=\"Informujemy o rozpocz\u0119ciu szkole\u0144 w ramach projekt pt. \u201eUprawy tlenowc\u00f3w szans\u0105 na zr\u00f3wnowa\u017cony rozw\u00f3j wsi\u201d sfinansowanego ze \u015brodk\u00f3w Krajowej Sieci Obszar\u00f3w Wiejskich Wojew\u00f3dztwa Podlaskiego realizowany we wsp\u00f3\u0142pracy Gminnego O\u015brodka Kultury w Bo\u0107kach, Stowarzyszenia Klekociaki, Centrum Kultury Gminy Kolno oraz Wy\u017csz\u0105 Szko\u0142\u0119 Agrobiznesu. Regulamin rekrutacji i uczestnictwa w projekcie\u201eUprawy tlenowc\u00f3w szans\u0105 na zr\u00f3wnowa\u017cony rozw\u00f3j wsi\u201dRealizowanym przez [&hellip;]\" \/>\n<meta property=\"og:url\" content=\"https:\/\/gokbocki.pl\/index.php\/2019\/08\/14\/uprawy-tlenowcow-szansa-na-zrownowazony-rozwoj-wsi\/\" \/>\n<meta property=\"og:site_name\" content=\"Gminny O\u015brodek Kultury w Bo\u0107kach\" \/>\n<meta property=\"article:published_time\" content=\"2019-08-14T12:31:28+00:00\" \/>\n<meta property=\"article:modified_time\" content=\"2019-08-14T12:39:15+00:00\" \/>\n<meta name=\"author\" content=\"admin\" \/>\n<meta name=\"twitter:card\" content=\"summary_large_image\" \/>\n<meta name=\"twitter:label1\" content=\"Napisane przez\" \/>\n\t<meta name=\"twitter:data1\" content=\"admin\" \/>\n\t<meta name=\"twitter:label2\" content=\"Szacowany czas czytania\" \/>\n\t<meta name=\"twitter:data2\" content=\"5 minut\" \/>\n<script type=\"application\/ld+json\" class=\"yoast-schema-graph\">{\"@context\":\"https:\/\/schema.org\",\"@graph\":[{\"@type\":\"WebPage\",\"@id\":\"https:\/\/gokbocki.pl\/index.php\/2019\/08\/14\/uprawy-tlenowcow-szansa-na-zrownowazony-rozwoj-wsi\/\",\"url\":\"https:\/\/gokbocki.pl\/index.php\/2019\/08\/14\/uprawy-tlenowcow-szansa-na-zrownowazony-rozwoj-wsi\/\",\"name\":\"\u201eUprawy tlenowc\u00f3w szans\u0105 na zr\u00f3wnowa\u017cony rozw\u00f3j wsi\u201d - Gminny O\u015brodek Kultury w Bo\u0107kach\",\"isPartOf\":{\"@id\":\"https:\/\/gokbocki.pl\/#website\"},\"datePublished\":\"2019-08-14T12:31:28+00:00\",\"dateModified\":\"2019-08-14T12:39:15+00:00\",\"author\":{\"@id\":\"https:\/\/gokbocki.pl\/#\/schema\/person\/32a0381e1f259128348b84ce4d001412\"},\"breadcrumb\":{\"@id\":\"https:\/\/gokbocki.pl\/index.php\/2019\/08\/14\/uprawy-tlenowcow-szansa-na-zrownowazony-rozwoj-wsi\/#breadcrumb\"},\"inLanguage\":\"pl-PL\",\"potentialAction\":[{\"@type\":\"ReadAction\",\"target\":[\"https:\/\/gokbocki.pl\/index.php\/2019\/08\/14\/uprawy-tlenowcow-szansa-na-zrownowazony-rozwoj-wsi\/\"]}]},{\"@type\":\"BreadcrumbList\",\"@id\":\"https:\/\/gokbocki.pl\/index.php\/2019\/08\/14\/uprawy-tlenowcow-szansa-na-zrownowazony-rozwoj-wsi\/#breadcrumb\",\"itemListElement\":[{\"@type\":\"ListItem\",\"position\":1,\"name\":\"Strona g\u0142\u00f3wna\",\"item\":\"https:\/\/gokbocki.pl\/\"},{\"@type\":\"ListItem\",\"position\":2,\"name\":\"\u201eUprawy tlenowc\u00f3w szans\u0105 na zr\u00f3wnowa\u017cony rozw\u00f3j wsi\u201d\"}]},{\"@type\":\"WebSite\",\"@id\":\"https:\/\/gokbocki.pl\/#website\",\"url\":\"https:\/\/gokbocki.pl\/\",\"name\":\"Gminny O\u015brodek Kultury w Bo\u0107kach\",\"description\":\"GOK BO\u0106KI\",\"potentialAction\":[{\"@type\":\"SearchAction\",\"target\":{\"@type\":\"EntryPoint\",\"urlTemplate\":\"https:\/\/gokbocki.pl\/?s={search_term_string}\"},\"query-input\":\"required name=search_term_string\"}],\"inLanguage\":\"pl-PL\"},{\"@type\":\"Person\",\"@id\":\"https:\/\/gokbocki.pl\/#\/schema\/person\/32a0381e1f259128348b84ce4d001412\",\"name\":\"admin\",\"image\":{\"@type\":\"ImageObject\",\"inLanguage\":\"pl-PL\",\"@id\":\"https:\/\/gokbocki.pl\/#\/schema\/person\/image\/\",\"url\":\"https:\/\/secure.gravatar.com\/avatar\/ee27fe75b11e058e31443c0a5a21fc25?s=96&d=mm&r=g\",\"contentUrl\":\"https:\/\/secure.gravatar.com\/avatar\/ee27fe75b11e058e31443c0a5a21fc25?s=96&d=mm&r=g\",\"caption\":\"admin\"},\"url\":\"https:\/\/gokbocki.pl\/index.php\/author\/admin\/\"}]}<\/script>\n<!-- \/ Yoast SEO plugin. -->","yoast_head_json":{"title":"\u201eUprawy tlenowc\u00f3w szans\u0105 na zr\u00f3wnowa\u017cony rozw\u00f3j wsi\u201d - Gminny O\u015brodek Kultury w Bo\u0107kach","robots":{"index":"index","follow":"follow","max-snippet":"max-snippet:-1","max-image-preview":"max-image-preview:large","max-video-preview":"max-video-preview:-1"},"canonical":"https:\/\/gokbocki.pl\/index.php\/2019\/08\/14\/uprawy-tlenowcow-szansa-na-zrownowazony-rozwoj-wsi\/","og_locale":"pl_PL","og_type":"article","og_title":"\u201eUprawy tlenowc\u00f3w szans\u0105 na zr\u00f3wnowa\u017cony rozw\u00f3j wsi\u201d - Gminny O\u015brodek Kultury w Bo\u0107kach","og_description":"Informujemy o rozpocz\u0119ciu szkole\u0144 w ramach projekt pt. \u201eUprawy tlenowc\u00f3w szans\u0105 na zr\u00f3wnowa\u017cony rozw\u00f3j wsi\u201d sfinansowanego ze \u015brodk\u00f3w Krajowej Sieci Obszar\u00f3w Wiejskich Wojew\u00f3dztwa Podlaskiego realizowany we wsp\u00f3\u0142pracy Gminnego O\u015brodka Kultury w Bo\u0107kach, Stowarzyszenia Klekociaki, Centrum Kultury Gminy Kolno oraz Wy\u017csz\u0105 Szko\u0142\u0119 Agrobiznesu. Regulamin rekrutacji i uczestnictwa w projekcie\u201eUprawy tlenowc\u00f3w szans\u0105 na zr\u00f3wnowa\u017cony rozw\u00f3j wsi\u201dRealizowanym przez [&hellip;]","og_url":"https:\/\/gokbocki.pl\/index.php\/2019\/08\/14\/uprawy-tlenowcow-szansa-na-zrownowazony-rozwoj-wsi\/","og_site_name":"Gminny O\u015brodek Kultury w Bo\u0107kach","article_published_time":"2019-08-14T12:31:28+00:00","article_modified_time":"2019-08-14T12:39:15+00:00","author":"admin","twitter_card":"summary_large_image","twitter_misc":{"Napisane przez":"admin","Szacowany czas czytania":"5 minut"},"schema":{"@context":"https:\/\/schema.org","@graph":[{"@type":"WebPage","@id":"https:\/\/gokbocki.pl\/index.php\/2019\/08\/14\/uprawy-tlenowcow-szansa-na-zrownowazony-rozwoj-wsi\/","url":"https:\/\/gokbocki.pl\/index.php\/2019\/08\/14\/uprawy-tlenowcow-szansa-na-zrownowazony-rozwoj-wsi\/","name":"\u201eUprawy tlenowc\u00f3w szans\u0105 na zr\u00f3wnowa\u017cony rozw\u00f3j wsi\u201d - Gminny O\u015brodek Kultury w Bo\u0107kach","isPartOf":{"@id":"https:\/\/gokbocki.pl\/#website"},"datePublished":"2019-08-14T12:31:28+00:00","dateModified":"2019-08-14T12:39:15+00:00","author":{"@id":"https:\/\/gokbocki.pl\/#\/schema\/person\/32a0381e1f259128348b84ce4d001412"},"breadcrumb":{"@id":"https:\/\/gokbocki.pl\/index.php\/2019\/08\/14\/uprawy-tlenowcow-szansa-na-zrownowazony-rozwoj-wsi\/#breadcrumb"},"inLanguage":"pl-PL","potentialAction":[{"@type":"ReadAction","target":["https:\/\/gokbocki.pl\/index.php\/2019\/08\/14\/uprawy-tlenowcow-szansa-na-zrownowazony-rozwoj-wsi\/"]}]},{"@type":"BreadcrumbList","@id":"https:\/\/gokbocki.pl\/index.php\/2019\/08\/14\/uprawy-tlenowcow-szansa-na-zrownowazony-rozwoj-wsi\/#breadcrumb","itemListElement":[{"@type":"ListItem","position":1,"name":"Strona g\u0142\u00f3wna","item":"https:\/\/gokbocki.pl\/"},{"@type":"ListItem","position":2,"name":"\u201eUprawy tlenowc\u00f3w szans\u0105 na zr\u00f3wnowa\u017cony rozw\u00f3j wsi\u201d"}]},{"@type":"WebSite","@id":"https:\/\/gokbocki.pl\/#website","url":"https:\/\/gokbocki.pl\/","name":"Gminny O\u015brodek Kultury w Bo\u0107kach","description":"GOK BO\u0106KI","potentialAction":[{"@type":"SearchAction","target":{"@type":"EntryPoint","urlTemplate":"https:\/\/gokbocki.pl\/?s={search_term_string}"},"query-input":"required name=search_term_string"}],"inLanguage":"pl-PL"},{"@type":"Person","@id":"https:\/\/gokbocki.pl\/#\/schema\/person\/32a0381e1f259128348b84ce4d001412","name":"admin","image":{"@type":"ImageObject","inLanguage":"pl-PL","@id":"https:\/\/gokbocki.pl\/#\/schema\/person\/image\/","url":"https:\/\/secure.gravatar.com\/avatar\/ee27fe75b11e058e31443c0a5a21fc25?s=96&d=mm&r=g","contentUrl":"https:\/\/secure.gravatar.com\/avatar\/ee27fe75b11e058e31443c0a5a21fc25?s=96&d=mm&r=g","caption":"admin"},"url":"https:\/\/gokbocki.pl\/index.php\/author\/admin\/"}]}},"_links":{"self":[{"href":"https:\/\/gokbocki.pl\/index.php\/wp-json\/wp\/v2\/posts\/894"}],"collection":[{"href":"https:\/\/gokbocki.pl\/index.php\/wp-json\/wp\/v2\/posts"}],"about":[{"href":"https:\/\/gokbocki.pl\/index.php\/wp-json\/wp\/v2\/types\/post"}],"author":[{"embeddable":true,"href":"https:\/\/gokbocki.pl\/index.php\/wp-json\/wp\/v2\/users\/1"}],"replies":[{"embeddable":true,"href":"https:\/\/gokbocki.pl\/index.php\/wp-json\/wp\/v2\/comments?post=894"}],"version-history":[{"count":8,"href":"https:\/\/gokbocki.pl\/index.php\/wp-json\/wp\/v2\/posts\/894\/revisions"}],"predecessor-version":[{"id":917,"href":"https:\/\/gokbocki.pl\/index.php\/wp-json\/wp\/v2\/posts\/894\/revisions\/917"}],"wp:attachment":[{"href":"https:\/\/gokbocki.pl\/index.php\/wp-json\/wp\/v2\/media?parent=894"}],"wp:term":[{"taxonomy":"category","embeddable":true,"href":"https:\/\/gokbocki.pl\/index.php\/wp-json\/wp\/v2\/categories?post=894"},{"taxonomy":"post_tag","embeddable":true,"href":"https:\/\/gokbocki.pl\/index.php\/wp-json\/wp\/v2\/tags?post=894"}],"curies":[{"name":"wp","href":"https:\/\/api.w.org\/{rel}","templated":true}]}}