{"id":943,"date":"2019-09-04T15:56:59","date_gmt":"2019-09-04T13:56:59","guid":{"rendered":"http:\/\/gokbocki.pl\/?p=943"},"modified":"2019-09-04T16:01:07","modified_gmt":"2019-09-04T14:01:07","slug":"943","status":"publish","type":"post","link":"https:\/\/gokbocki.pl\/index.php\/2019\/09\/04\/943\/","title":{"rendered":"Konferencja"},"content":{"rendered":"\n<p class=\"has-text-color has-very-dark-gray-color\">Zapraszamy\nserdecznie do wzi\u0119cia udzia\u0142u w <strong>bezp\u0142atnej konferencji<\/strong> realizowanej\nw ramach projektu <strong>\u201e<\/strong><strong>Uprawy tlenowc\u00f3w szans\u0105 na\nzr\u00f3wnowa\u017cony rozw\u00f3j wsi<\/strong><strong>\u201d.<\/strong><\/p>\n\n\n\n<p class=\"has-text-color has-very-dark-gray-color\"><strong>Temat konferencji:<\/strong><strong> <\/strong>\u201eUprawy drzew tlenowych\nszans\u0105 na zr\u00f3wnowa\u017cony rozw\u00f3j obszar\u00f3w wiejskich\u201d<\/p>\n\n\n\n<p class=\"has-text-color has-very-dark-gray-color\"><strong>Termin konferencji:<\/strong> 9 wrzesie\u0144\n2019 r.<\/p>\n\n\n\n<p class=\"has-text-color has-very-dark-gray-color\"><strong>Miejsce konferencji: <\/strong>Gminny O\u015brodek Kultury w Bo\u0107kach<\/p>\n\n\n\n<p class=\"has-text-color has-very-dark-gray-color\"><strong>Operator konferencji zapewnia:<\/strong><\/p>\n\n\n\n<ol><li>materia\u0142y dydaktyczne niezb\u0119dne do konferencji<\/li><li>serwis\nkawowy podczas warsztat\u00f3w<\/li><li>obiad podczas warsztat\u00f3w<\/li><\/ol>\n\n\n\n<p class=\"has-text-color has-very-dark-gray-color\"><strong>Operatorem konferencji jest:<\/strong><\/p>\n\n\n\n<p class=\"has-text-color has-very-dark-gray-color\">Gminny O\u015brodek Kultury w Bo\u0107kach<\/p>\n\n\n\n<p class=\"has-text-color has-very-dark-gray-color\">ul. Dubie\u0144ska 11, 17-111 Bo\u0107ki<\/p>\n\n\n\n<p class=\"has-text-color has-very-dark-gray-color\">Zg\u0142oszenia\nna konferencj\u0119 mo\u017cna sk\u0142ada\u0107 osobi\u015bcie w siedzibie operatora lub online na\nadres poczty elektronicznej tlenowcepodlasie@gmail.com.<\/p>\n\n\n\n<p class=\"has-text-color has-very-dark-gray-color\"><strong>Osoba do kontaktu: Daniel P\u0142o\u0144ski, tel. 604-250-121, e-mail: ekofan2004@gmail.com<\/strong><\/p>\n\n\n\n<p class=\"has-text-color has-very-dark-gray-color\">Projekt realizowany jest przez Gminny O\u015brodek Kultury w Bo\u0107kach <br>z siedzib\u0105 ul. Dubie\u0144ska 11, 17-111 Bo\u0107ki, NIP: 543-17-46-876. <\/p>\n\n\n\n<p class=\"has-text-color has-very-dark-gray-color\">Projekt sfinansowany zosta\u0142 ze \u015brodk\u00f3w Krajowej Sieci Obszar\u00f3w Wiejskich Wojew\u00f3dztwa Podlaskiego realizowany we wsp\u00f3\u0142pracy, Gminnego O\u015brodka Kultury w Bo\u0107kach, Stowarzyszenia &#8222;Klekociaki&#8221;, Centrum Kultury Gminy Kolno oraz Wy\u017csz\u0105 Szko\u0142\u0119 Agrobiznesu w \u0141om\u017cy.<\/p>\n\n\n\n<p class=\"has-text-color has-very-dark-gray-color\"><strong>Dodatkowe dokumenty do pobrania:<\/strong><\/p>\n\n\n\n<div class=\"wp-block-file\"><a href=\"http:\/\/gokbocki.pl\/wp-content\/uploads\/2019\/09\/Agenda_Konferencja_040919_GOK.doc\">Agenda_Konferencja_040919_GOK<\/a><a href=\"http:\/\/gokbocki.pl\/wp-content\/uploads\/2019\/09\/Agenda_Konferencja_040919_GOK.doc\" class=\"wp-block-file__button\" download>Pobierz<\/a><\/div>\n","protected":false},"excerpt":{"rendered":"<p>Zapraszamy serdecznie do wzi\u0119cia udzia\u0142u w bezp\u0142atnej konferencji realizowanej w ramach projektu \u201eUprawy tlenowc\u00f3w szans\u0105 na zr\u00f3wnowa\u017cony rozw\u00f3j wsi\u201d. Temat konferencji: \u201eUprawy drzew tlenowych szans\u0105 na zr\u00f3wnowa\u017cony rozw\u00f3j obszar\u00f3w wiejskich\u201d Termin konferencji: 9 wrzesie\u0144 2019 r. Miejsce konferencji: Gminny O\u015brodek Kultury w Bo\u0107kach Operator konferencji zapewnia: materia\u0142y dydaktyczne niezb\u0119dne do konferencji serwis kawowy podczas warsztat\u00f3w [&hellip;]<\/p>\n","protected":false},"author":1,"featured_media":0,"comment_status":"closed","ping_status":"closed","sticky":false,"template":"","format":"standard","meta":[],"categories":[24],"tags":[],"yoast_head":"<!-- This site is optimized with the Yoast SEO plugin v20.2.1 - https:\/\/yoast.com\/wordpress\/plugins\/seo\/ -->\n<title>Konferencja - Gminny O\u015brodek Kultury w Bo\u0107kach<\/title>\n<meta name=\"robots\" content=\"index, follow, max-snippet:-1, max-image-preview:large, max-video-preview:-1\" \/>\n<link rel=\"canonical\" href=\"https:\/\/gokbocki.pl\/index.php\/2019\/09\/04\/943\/\" \/>\n<meta property=\"og:locale\" content=\"pl_PL\" \/>\n<meta property=\"og:type\" content=\"article\" \/>\n<meta property=\"og:title\" content=\"Konferencja - Gminny O\u015brodek Kultury w Bo\u0107kach\" \/>\n<meta property=\"og:description\" content=\"Zapraszamy serdecznie do wzi\u0119cia udzia\u0142u w bezp\u0142atnej konferencji realizowanej w ramach projektu \u201eUprawy tlenowc\u00f3w szans\u0105 na zr\u00f3wnowa\u017cony rozw\u00f3j wsi\u201d. Temat konferencji: \u201eUprawy drzew tlenowych szans\u0105 na zr\u00f3wnowa\u017cony rozw\u00f3j obszar\u00f3w wiejskich\u201d Termin konferencji: 9 wrzesie\u0144 2019 r. Miejsce konferencji: Gminny O\u015brodek Kultury w Bo\u0107kach Operator konferencji zapewnia: materia\u0142y dydaktyczne niezb\u0119dne do konferencji serwis kawowy podczas warsztat\u00f3w [&hellip;]\" \/>\n<meta property=\"og:url\" content=\"https:\/\/gokbocki.pl\/index.php\/2019\/09\/04\/943\/\" \/>\n<meta property=\"og:site_name\" content=\"Gminny O\u015brodek Kultury w Bo\u0107kach\" \/>\n<meta property=\"article:published_time\" content=\"2019-09-04T13:56:59+00:00\" \/>\n<meta property=\"article:modified_time\" content=\"2019-09-04T14:01:07+00:00\" \/>\n<meta name=\"author\" content=\"admin\" \/>\n<meta name=\"twitter:card\" content=\"summary_large_image\" \/>\n<meta name=\"twitter:label1\" content=\"Napisane przez\" \/>\n\t<meta name=\"twitter:data1\" content=\"admin\" \/>\n\t<meta name=\"twitter:label2\" content=\"Szacowany czas czytania\" \/>\n\t<meta name=\"twitter:data2\" content=\"1 minuta\" \/>\n<script type=\"application\/ld+json\" class=\"yoast-schema-graph\">{\"@context\":\"https:\/\/schema.org\",\"@graph\":[{\"@type\":\"WebPage\",\"@id\":\"https:\/\/gokbocki.pl\/index.php\/2019\/09\/04\/943\/\",\"url\":\"https:\/\/gokbocki.pl\/index.php\/2019\/09\/04\/943\/\",\"name\":\"Konferencja - Gminny O\u015brodek Kultury w Bo\u0107kach\",\"isPartOf\":{\"@id\":\"https:\/\/gokbocki.pl\/#website\"},\"datePublished\":\"2019-09-04T13:56:59+00:00\",\"dateModified\":\"2019-09-04T14:01:07+00:00\",\"author\":{\"@id\":\"https:\/\/gokbocki.pl\/#\/schema\/person\/32a0381e1f259128348b84ce4d001412\"},\"breadcrumb\":{\"@id\":\"https:\/\/gokbocki.pl\/index.php\/2019\/09\/04\/943\/#breadcrumb\"},\"inLanguage\":\"pl-PL\",\"potentialAction\":[{\"@type\":\"ReadAction\",\"target\":[\"https:\/\/gokbocki.pl\/index.php\/2019\/09\/04\/943\/\"]}]},{\"@type\":\"BreadcrumbList\",\"@id\":\"https:\/\/gokbocki.pl\/index.php\/2019\/09\/04\/943\/#breadcrumb\",\"itemListElement\":[{\"@type\":\"ListItem\",\"position\":1,\"name\":\"Strona g\u0142\u00f3wna\",\"item\":\"https:\/\/gokbocki.pl\/\"},{\"@type\":\"ListItem\",\"position\":2,\"name\":\"Konferencja\"}]},{\"@type\":\"WebSite\",\"@id\":\"https:\/\/gokbocki.pl\/#website\",\"url\":\"https:\/\/gokbocki.pl\/\",\"name\":\"Gminny O\u015brodek Kultury w Bo\u0107kach\",\"description\":\"GOK BO\u0106KI\",\"potentialAction\":[{\"@type\":\"SearchAction\",\"target\":{\"@type\":\"EntryPoint\",\"urlTemplate\":\"https:\/\/gokbocki.pl\/?s={search_term_string}\"},\"query-input\":\"required name=search_term_string\"}],\"inLanguage\":\"pl-PL\"},{\"@type\":\"Person\",\"@id\":\"https:\/\/gokbocki.pl\/#\/schema\/person\/32a0381e1f259128348b84ce4d001412\",\"name\":\"admin\",\"image\":{\"@type\":\"ImageObject\",\"inLanguage\":\"pl-PL\",\"@id\":\"https:\/\/gokbocki.pl\/#\/schema\/person\/image\/\",\"url\":\"https:\/\/secure.gravatar.com\/avatar\/ee27fe75b11e058e31443c0a5a21fc25?s=96&d=mm&r=g\",\"contentUrl\":\"https:\/\/secure.gravatar.com\/avatar\/ee27fe75b11e058e31443c0a5a21fc25?s=96&d=mm&r=g\",\"caption\":\"admin\"},\"url\":\"https:\/\/gokbocki.pl\/index.php\/author\/admin\/\"}]}<\/script>\n<!-- \/ Yoast SEO plugin. -->","yoast_head_json":{"title":"Konferencja - Gminny O\u015brodek Kultury w Bo\u0107kach","robots":{"index":"index","follow":"follow","max-snippet":"max-snippet:-1","max-image-preview":"max-image-preview:large","max-video-preview":"max-video-preview:-1"},"canonical":"https:\/\/gokbocki.pl\/index.php\/2019\/09\/04\/943\/","og_locale":"pl_PL","og_type":"article","og_title":"Konferencja - Gminny O\u015brodek Kultury w Bo\u0107kach","og_description":"Zapraszamy serdecznie do wzi\u0119cia udzia\u0142u w bezp\u0142atnej konferencji realizowanej w ramach projektu \u201eUprawy tlenowc\u00f3w szans\u0105 na zr\u00f3wnowa\u017cony rozw\u00f3j wsi\u201d. Temat konferencji: \u201eUprawy drzew tlenowych szans\u0105 na zr\u00f3wnowa\u017cony rozw\u00f3j obszar\u00f3w wiejskich\u201d Termin konferencji: 9 wrzesie\u0144 2019 r. Miejsce konferencji: Gminny O\u015brodek Kultury w Bo\u0107kach Operator konferencji zapewnia: materia\u0142y dydaktyczne niezb\u0119dne do konferencji serwis kawowy podczas warsztat\u00f3w [&hellip;]","og_url":"https:\/\/gokbocki.pl\/index.php\/2019\/09\/04\/943\/","og_site_name":"Gminny O\u015brodek Kultury w Bo\u0107kach","article_published_time":"2019-09-04T13:56:59+00:00","article_modified_time":"2019-09-04T14:01:07+00:00","author":"admin","twitter_card":"summary_large_image","twitter_misc":{"Napisane przez":"admin","Szacowany czas czytania":"1 minuta"},"schema":{"@context":"https:\/\/schema.org","@graph":[{"@type":"WebPage","@id":"https:\/\/gokbocki.pl\/index.php\/2019\/09\/04\/943\/","url":"https:\/\/gokbocki.pl\/index.php\/2019\/09\/04\/943\/","name":"Konferencja - Gminny O\u015brodek Kultury w Bo\u0107kach","isPartOf":{"@id":"https:\/\/gokbocki.pl\/#website"},"datePublished":"2019-09-04T13:56:59+00:00","dateModified":"2019-09-04T14:01:07+00:00","author":{"@id":"https:\/\/gokbocki.pl\/#\/schema\/person\/32a0381e1f259128348b84ce4d001412"},"breadcrumb":{"@id":"https:\/\/gokbocki.pl\/index.php\/2019\/09\/04\/943\/#breadcrumb"},"inLanguage":"pl-PL","potentialAction":[{"@type":"ReadAction","target":["https:\/\/gokbocki.pl\/index.php\/2019\/09\/04\/943\/"]}]},{"@type":"BreadcrumbList","@id":"https:\/\/gokbocki.pl\/index.php\/2019\/09\/04\/943\/#breadcrumb","itemListElement":[{"@type":"ListItem","position":1,"name":"Strona g\u0142\u00f3wna","item":"https:\/\/gokbocki.pl\/"},{"@type":"ListItem","position":2,"name":"Konferencja"}]},{"@type":"WebSite","@id":"https:\/\/gokbocki.pl\/#website","url":"https:\/\/gokbocki.pl\/","name":"Gminny O\u015brodek Kultury w Bo\u0107kach","description":"GOK BO\u0106KI","potentialAction":[{"@type":"SearchAction","target":{"@type":"EntryPoint","urlTemplate":"https:\/\/gokbocki.pl\/?s={search_term_string}"},"query-input":"required name=search_term_string"}],"inLanguage":"pl-PL"},{"@type":"Person","@id":"https:\/\/gokbocki.pl\/#\/schema\/person\/32a0381e1f259128348b84ce4d001412","name":"admin","image":{"@type":"ImageObject","inLanguage":"pl-PL","@id":"https:\/\/gokbocki.pl\/#\/schema\/person\/image\/","url":"https:\/\/secure.gravatar.com\/avatar\/ee27fe75b11e058e31443c0a5a21fc25?s=96&d=mm&r=g","contentUrl":"https:\/\/secure.gravatar.com\/avatar\/ee27fe75b11e058e31443c0a5a21fc25?s=96&d=mm&r=g","caption":"admin"},"url":"https:\/\/gokbocki.pl\/index.php\/author\/admin\/"}]}},"_links":{"self":[{"href":"https:\/\/gokbocki.pl\/index.php\/wp-json\/wp\/v2\/posts\/943"}],"collection":[{"href":"https:\/\/gokbocki.pl\/index.php\/wp-json\/wp\/v2\/posts"}],"about":[{"href":"https:\/\/gokbocki.pl\/index.php\/wp-json\/wp\/v2\/types\/post"}],"author":[{"embeddable":true,"href":"https:\/\/gokbocki.pl\/index.php\/wp-json\/wp\/v2\/users\/1"}],"replies":[{"embeddable":true,"href":"https:\/\/gokbocki.pl\/index.php\/wp-json\/wp\/v2\/comments?post=943"}],"version-history":[{"count":2,"href":"https:\/\/gokbocki.pl\/index.php\/wp-json\/wp\/v2\/posts\/943\/revisions"}],"predecessor-version":[{"id":947,"href":"https:\/\/gokbocki.pl\/index.php\/wp-json\/wp\/v2\/posts\/943\/revisions\/947"}],"wp:attachment":[{"href":"https:\/\/gokbocki.pl\/index.php\/wp-json\/wp\/v2\/media?parent=943"}],"wp:term":[{"taxonomy":"category","embeddable":true,"href":"https:\/\/gokbocki.pl\/index.php\/wp-json\/wp\/v2\/categories?post=943"},{"taxonomy":"post_tag","embeddable":true,"href":"https:\/\/gokbocki.pl\/index.php\/wp-json\/wp\/v2\/tags?post=943"}],"curies":[{"name":"wp","href":"https:\/\/api.w.org\/{rel}","templated":true}]}}